{"id":94580,"date":"2025-12-03T14:03:30","date_gmt":"2025-12-03T17:03:30","guid":{"rendered":"https:\/\/vocesparalelas.com.ar\/sitio\/?p=94580"},"modified":"2025-12-03T14:03:30","modified_gmt":"2025-12-03T17:03:30","slug":"capacitacion-del-sistema-digital-minero-al-personal-de-la-policia-de-san-juan","status":"publish","type":"post","link":"https:\/\/vocesparalelas.com.ar\/sitio\/capacitacion-del-sistema-digital-minero-al-personal-de-la-policia-de-san-juan\/","title":{"rendered":"Capacitaci\u00f3n del Sistema digital minero al personal de la Polic\u00eda de San Juan"},"content":{"rendered":"<p>En el marco del proceso de modernizaci\u00f3n y digitalizaci\u00f3n del Registro de Productores, Comerciantes e Industriales Mineros provincial, el Ministerio de Miner\u00eda del\u00a0Gobierno de San Juan llev\u00f3 a cabo una charla informativa dirigida al personal de la Polic\u00eda de San Juan.<\/p>\n<p>El objetivo fue anticipar e informar sobre las pr\u00f3ximas modificaciones y el funcionamiento del nuevo registro digital, que impactar\u00e1 en los controles y procedimientos vinculados al transporte y comercializaci\u00f3n de minerales en la provincia.<\/p>\n<p>La capacitaci\u00f3n estuvo a cargo de Alejandro Rojo, referente de la Secretar\u00eda T\u00e9cnica del Ministerio de Miner\u00eda de San Juan y responsable del Registro de Productores, Comerciantes e Industriales Mineros. El encuentro cont\u00f3 tambi\u00e9n con la presencia del secretario t\u00e9cnico, Ing. Pablo Fern\u00e1ndez y el responsable del \u00e1rea de Inform\u00e1tica del ministerio, Lic. Gustavo Quiroga.<\/p>\n<p><strong><span style=\"color: #ff6600;\">Durante la jornada, se expusieron los principales ejes de la modernizaci\u00f3n del registro<\/span><\/strong><\/p>\n<ul>\n<li><span style=\"color: #ff6600;\"><strong>Digitalizaci\u00f3n integral del sistema:<\/strong><\/span> implementaci\u00f3n de una plataforma digital centralizada para la inscripci\u00f3n, actualizaci\u00f3n de datos y emisi\u00f3n de gu\u00edas de tr\u00e1nsito de minerales en formato digital.<\/li>\n<li><span style=\"color: #ff6600;\"><strong>Control y trazabilidad:<\/strong><\/span> el nuevo sistema permitir\u00e1 un control m\u00e1s eficiente y transparente de la producci\u00f3n, comercializaci\u00f3n e industrializaci\u00f3n de minerales, garantizando la legitimidad de las operaciones y facilitando la fiscalizaci\u00f3n por parte de las autoridades.<\/li>\n<li><span style=\"color: #ff6600;\"><strong>Interoperabilidad y seguridad:<\/strong> <\/span>el registro digital estar\u00e1 vinculado con otros m\u00f3dulos como catastro minero, expediente electr\u00f3nico y monitoreo de impacto econ\u00f3mico-social, asegurando la protecci\u00f3n de datos y el acceso controlado a la informaci\u00f3n.<\/li>\n<li><span style=\"color: #ff6600;\"><strong>Capacitaci\u00f3n y acompa\u00f1amiento:<\/strong><\/span> se prev\u00e9 la formaci\u00f3n continua tanto para el personal de la autoridad minera como para los actores del sector, con el fin de facilitar la transici\u00f3n al nuevo sistema y asegurar el cumplimiento de las normativas vigentes.<\/li>\n<li><span style=\"color: #ff6600;\"><strong>Transparencia y acceso a la informaci\u00f3n:<\/strong><\/span>\u00a0el sistema digital permitir\u00e1 la publicaci\u00f3n de estad\u00edsticas agregadas y datos relevantes para la toma de decisiones y el dise\u00f1o de pol\u00edticas p\u00fablicas.<\/li>\n<\/ul>\n<p>Asimismo, se detallaron los cambios en la emisi\u00f3n y control de las gu\u00edas de tr\u00e1nsito de minerales, que pasar\u00e1n a ser digitales, y el rol clave que tendr\u00e1n las fuerzas de seguridad en la fiscalizaci\u00f3n y control del transporte de minerales, conforme a lo dispuesto por la Ley Provincial N\u00ba 494-M.<\/p>\n<p>Esta iniciativa representa un avance significativo hacia una miner\u00eda m\u00e1s formal, transparente y eficiente, alineada con los est\u00e1ndares modernos de gesti\u00f3n y control, y refuerza el compromiso de la provincia de San Juan con el desarrollo productivo y la legalidad en el sector minero.<\/p>\n<p><img loading=\"lazy\" decoding=\"async\" class=\"alignnone size-full wp-image-59001\" src=\"https:\/\/vocesparalelas.com.ar\/sitio\/wp-content\/uploads\/2023\/05\/POLICIA-LOGO.jpg\" alt=\"\" width=\"800\" height=\"600\" srcset=\"https:\/\/vocesparalelas.com.ar\/sitio\/wp-content\/uploads\/2023\/05\/POLICIA-LOGO.jpg 800w, https:\/\/vocesparalelas.com.ar\/sitio\/wp-content\/uploads\/2023\/05\/POLICIA-LOGO-300x225.jpg 300w, https:\/\/vocesparalelas.com.ar\/sitio\/wp-content\/uploads\/2023\/05\/POLICIA-LOGO-768x576.jpg 768w\" sizes=\"auto, (max-width: 800px) 100vw, 800px\" \/><\/p>\n<p>&nbsp;<\/p>\n","protected":false},"excerpt":{"rendered":"<p>En el marco del proceso de modernizaci\u00f3n y digitalizaci\u00f3n del Registro de Productores, Comerciantes e Industriales Mineros provincial, el Ministerio<\/p>\n","protected":false},"author":3,"featured_media":94583,"comment_status":"closed","ping_status":"closed","sticky":false,"template":"","format":"standard","meta":{"_acf_changed":false,"_seopress_robots_primary_cat":"none","_seopress_titles_title":"","_seopress_titles_desc":"","_seopress_robots_index":"","colormag_page_container_layout":"default_layout","colormag_page_sidebar_layout":"default_layout","footnotes":""},"categories":[1],"tags":[],"class_list":["post-94580","post","type-post","status-publish","format-standard","has-post-thumbnail","hentry","category-destacadas"],"acf":[],"_links":{"self":[{"href":"https:\/\/vocesparalelas.com.ar\/sitio\/wp-json\/wp\/v2\/posts\/94580","targetHints":{"allow":["GET"]}}],"collection":[{"href":"https:\/\/vocesparalelas.com.ar\/sitio\/wp-json\/wp\/v2\/posts"}],"about":[{"href":"https:\/\/vocesparalelas.com.ar\/sitio\/wp-json\/wp\/v2\/types\/post"}],"author":[{"embeddable":true,"href":"https:\/\/vocesparalelas.com.ar\/sitio\/wp-json\/wp\/v2\/users\/3"}],"replies":[{"embeddable":true,"href":"https:\/\/vocesparalelas.com.ar\/sitio\/wp-json\/wp\/v2\/comments?post=94580"}],"version-history":[{"count":1,"href":"https:\/\/vocesparalelas.com.ar\/sitio\/wp-json\/wp\/v2\/posts\/94580\/revisions"}],"predecessor-version":[{"id":94584,"href":"https:\/\/vocesparalelas.com.ar\/sitio\/wp-json\/wp\/v2\/posts\/94580\/revisions\/94584"}],"wp:featuredmedia":[{"embeddable":true,"href":"https:\/\/vocesparalelas.com.ar\/sitio\/wp-json\/wp\/v2\/media\/94583"}],"wp:attachment":[{"href":"https:\/\/vocesparalelas.com.ar\/sitio\/wp-json\/wp\/v2\/media?parent=94580"}],"wp:term":[{"taxonomy":"category","embeddable":true,"href":"https:\/\/vocesparalelas.com.ar\/sitio\/wp-json\/wp\/v2\/categories?post=94580"},{"taxonomy":"post_tag","embeddable":true,"href":"https:\/\/vocesparalelas.com.ar\/sitio\/wp-json\/wp\/v2\/tags?post=94580"}],"curies":[{"name":"wp","href":"https:\/\/api.w.org\/{rel}","templated":true}]}}