{"id":94562,"date":"2025-12-02T21:25:28","date_gmt":"2025-12-03T00:25:28","guid":{"rendered":"https:\/\/vocesparalelas.com.ar\/sitio\/?p=94562"},"modified":"2025-12-04T00:03:04","modified_gmt":"2025-12-04T03:03:04","slug":"feria-navidad-emprendedora-en-san-juan","status":"publish","type":"post","link":"https:\/\/vocesparalelas.com.ar\/sitio\/feria-navidad-emprendedora-en-san-juan\/","title":{"rendered":"Feria Navidad Emprendedora en San Juan"},"content":{"rendered":"<p>El Viernes, 5 de Diciembre, en el predio del Parque Belgrano, 25 de Mayo y Las Heras, Capital hay una importante exposici\u00f3n y venta de regalos navide\u00f1os, de 18 a 22 hs, con productos artesanales y locales.<\/p>\n<p>Se trata de la segunda edici\u00f3n de la feria Navidad Emprendedora, convocada desde la Direcci\u00f3n de Econom\u00eda Social del Ministerio de Familia y Desarrollo Humano, a la que tambi\u00e9n se suman hacedores del Mercado Artesanal, a trav\u00e9s de la Secretar\u00eda de Cultura del Ministerio de Turismo, Cultura y Deporte del \u00a0Gobierno de San Juan; y productores que son parte de las ferias agroproductivas organizadas desde la Direcci\u00f3n de Desarrollo Agropecuario del Ministerio de Producci\u00f3n, Trabajo e Innovaci\u00f3n.<\/p>\n<p>La iniciativa que re\u00fane a casi 200 emprendedores sociales que son parte del Registro Provincial de Emprendedores, 80 productores y 35 artesanos, tiene como finalidad ser una gran vidriera de propuestas diferentes, creativas, accesibles y variadas, como anticipo de las compras de fin de a\u00f1o, las que por supuesto aportar\u00e1n a la econom\u00eda familiar de muchos sanjuaninos.<\/p>\n<p>Entre otros rubros, se puede elegir objetos en madera, en 3D, en yeso y cer\u00e1mica, en cuero, textiles, tejidos, sahumerios, pirograbados, orfebrer\u00eda, mu\u00f1equer\u00eda, cuchiller\u00eda, mosaiquismo, cotill\u00f3n, cester\u00eda, cosm\u00e9tica artesanal, sublimaci\u00f3n, papeler\u00eda , pintura, porcelana en fr\u00edo, resina, macetas artesanales y viveros, velas, vitrofusi\u00f3n, bijouterie, reciclado, marroquiner\u00eda, gastronom\u00eda dulce, salada y sin TACC, adem\u00e1s de blends de t\u00e9s, aceites de oliva, productos org\u00e1nicos, frutas y verduras de estaci\u00f3n, huevos frescos, panes saborizados y artesanales, entre otros. Las artesanas que comercializan sus producciones a trav\u00e9s de Hilar San Juan tendr\u00e1n un espacio destacado.<\/p>\n<p>Como complemento en esta feria hay espect\u00e1culos como el Centro Coral San Juan, entre otros grupos, actividades recreativas para ni\u00f1os y ni\u00f1as, entre otros atractivos para toda la familia. Adem\u00e1s quienes hagan sus compras recibir\u00e1n un cup\u00f3n para participar de un sorteo.<\/p>\n<p>&nbsp;<\/p>\n<p><img loading=\"lazy\" decoding=\"async\" class=\"alignnone size-full wp-image-80175\" src=\"https:\/\/vocesparalelas.com.ar\/sitio\/wp-content\/uploads\/2024\/12\/artesania-navidad-02.jpg\" alt=\"\" width=\"800\" height=\"533\" srcset=\"https:\/\/vocesparalelas.com.ar\/sitio\/wp-content\/uploads\/2024\/12\/artesania-navidad-02.jpg 800w, https:\/\/vocesparalelas.com.ar\/sitio\/wp-content\/uploads\/2024\/12\/artesania-navidad-02-300x200.jpg 300w, https:\/\/vocesparalelas.com.ar\/sitio\/wp-content\/uploads\/2024\/12\/artesania-navidad-02-768x512.jpg 768w\" sizes=\"auto, (max-width: 800px) 100vw, 800px\" \/><\/p>\n","protected":false},"excerpt":{"rendered":"<p>El Viernes, 5 de Diciembre, en el predio del Parque Belgrano, 25 de Mayo y Las Heras, Capital hay una<\/p>\n","protected":false},"author":3,"featured_media":80177,"comment_status":"closed","ping_status":"closed","sticky":false,"template":"","format":"standard","meta":{"_acf_changed":false,"_seopress_robots_primary_cat":"none","_seopress_titles_title":"","_seopress_titles_desc":"","_seopress_robots_index":"","colormag_page_container_layout":"default_layout","colormag_page_sidebar_layout":"default_layout","footnotes":""},"categories":[20],"tags":[],"class_list":["post-94562","post","type-post","status-publish","format-standard","has-post-thumbnail","hentry","category-cartelera"],"acf":[],"_links":{"self":[{"href":"https:\/\/vocesparalelas.com.ar\/sitio\/wp-json\/wp\/v2\/posts\/94562","targetHints":{"allow":["GET"]}}],"collection":[{"href":"https:\/\/vocesparalelas.com.ar\/sitio\/wp-json\/wp\/v2\/posts"}],"about":[{"href":"https:\/\/vocesparalelas.com.ar\/sitio\/wp-json\/wp\/v2\/types\/post"}],"author":[{"embeddable":true,"href":"https:\/\/vocesparalelas.com.ar\/sitio\/wp-json\/wp\/v2\/users\/3"}],"replies":[{"embeddable":true,"href":"https:\/\/vocesparalelas.com.ar\/sitio\/wp-json\/wp\/v2\/comments?post=94562"}],"version-history":[{"count":1,"href":"https:\/\/vocesparalelas.com.ar\/sitio\/wp-json\/wp\/v2\/posts\/94562\/revisions"}],"predecessor-version":[{"id":94565,"href":"https:\/\/vocesparalelas.com.ar\/sitio\/wp-json\/wp\/v2\/posts\/94562\/revisions\/94565"}],"wp:featuredmedia":[{"embeddable":true,"href":"https:\/\/vocesparalelas.com.ar\/sitio\/wp-json\/wp\/v2\/media\/80177"}],"wp:attachment":[{"href":"https:\/\/vocesparalelas.com.ar\/sitio\/wp-json\/wp\/v2\/media?parent=94562"}],"wp:term":[{"taxonomy":"category","embeddable":true,"href":"https:\/\/vocesparalelas.com.ar\/sitio\/wp-json\/wp\/v2\/categories?post=94562"},{"taxonomy":"post_tag","embeddable":true,"href":"https:\/\/vocesparalelas.com.ar\/sitio\/wp-json\/wp\/v2\/tags?post=94562"}],"curies":[{"name":"wp","href":"https:\/\/api.w.org\/{rel}","templated":true}]}}