{"id":94542,"date":"2025-12-02T18:42:57","date_gmt":"2025-12-02T21:42:57","guid":{"rendered":"https:\/\/vocesparalelas.com.ar\/sitio\/?p=94542"},"modified":"2025-12-04T00:05:31","modified_gmt":"2025-12-04T03:05:31","slug":"san-juan-presento-la-ficha-comite-de-higiene-y-seguridad-en-el-trabajo-en-la-actividad-minera","status":"publish","type":"post","link":"https:\/\/vocesparalelas.com.ar\/sitio\/san-juan-presento-la-ficha-comite-de-higiene-y-seguridad-en-el-trabajo-en-la-actividad-minera\/","title":{"rendered":"San Juan present\u00f3 la Ficha \u201cComit\u00e9 de Higiene y Seguridad en el Trabajo en la Actividad Minera\u201d"},"content":{"rendered":"<p>El material fue elaborado en el marco de las mesas ProNaPre, apuntando a lineamientos de prevenci\u00f3n de siniestros laborales y mejoras de condiciones de trabajo.<\/p>\n<p>Con la presencia de la ministra de Gobierno, Dra. Laura Palma realiz\u00f3 la presentaci\u00f3n formal de la ficha \u201cComit\u00e9 de Higiene y Seguridad en el Trabajo en la Actividad Minera\u201d, herramienta que tiene como objetivo sentar criterios de pr\u00e1cticas laborales para la reducci\u00f3n de riesgos y mejora de condiciones laborales a trav\u00e9s de comit\u00e9s internos de higiene y seguridad.<\/p>\n<p>El evento, desarrollado en la sala Vicegobernadores de la Legislatura Provincial, junto a equipos t\u00e9cnicos de la Subsecretar\u00eda de Trabajo y de la Superintendencia de Riesgos de Trabajo de la Naci\u00f3n (SRT), tuvo como contexto la labor realizada durante la gesti\u00f3n ministerial de las mesas ProNaPre, las cuales tienen como meta la elaboraci\u00f3n de documentos que fijen par\u00e1metros de seguridad laboral, desde la perspectiva de los diferentes actores involucrados en los sectores econ\u00f3micos de San Juan, tanto de empleadores como de trabajadores y aseguradoras.<\/p>\n<p>La ministra Palma se refiri\u00f3 al trabajo de la cartera de Gobierno en este nuevo hito en el \u00e1mbito laboral: \u201cEs un orgullo que San Juan sea la provincia con m\u00e1s mesas ProNaPre, lo que muestra el compromiso de este gobierno provincial para mejorar el bienestar y la seguridad en diferentes sectores de trabajo\u201d.<\/p>\n<p>El subsecretario de Trabajo Franco Marchese a\u00f1adi\u00f3 que esta medida \u201capunta a la salud y seguridad de los trabajadores\u201d, en tanto que Mar\u00eda Elisa Gonz\u00e1lez Clavin, de la Subgerencia de Desarrollo y Seguridad de la SRT, expres\u00f3 que este documento refleja el esfuerzo por mejorar las condiciones laborales en cada sector productivo de la provincia.<\/p>\n<p>Entre los presentes se encontraron el secretario de Gobierno, Justicia y Derechos Humanos Juan Jos\u00e9 Dubos, la directora de Polic\u00eda de Trabajo Adriana Montilla; Mariana Campus y Alejandra Senigaglia del Departamento de Higiene y Seguridad de la Subsecretar\u00eda de Trabajo; el director de Fiscalizaci\u00f3n Ambiental y Control Minero Roberto Luna; el presidente del Consejo de Profesionales de Higiene y Seguridad Osvaldo Yacante, la vicepresidenta del Consejo Carolina Bartol; la presidenta del IPEEM Natalia Marchese, el presidente de la C\u00e1mara Oliv\u00edcola Daniel Fern\u00e1ndez y representantes de los gremios AOMA y ASIMRA.<\/p>\n<p>&nbsp;<\/p>\n<p><img loading=\"lazy\" decoding=\"async\" class=\"alignnone size-full wp-image-65642\" src=\"https:\/\/vocesparalelas.com.ar\/sitio\/wp-content\/uploads\/2023\/11\/GOBIERNO-SAN-JUAN.jpg\" alt=\"\" width=\"800\" height=\"600\" srcset=\"https:\/\/vocesparalelas.com.ar\/sitio\/wp-content\/uploads\/2023\/11\/GOBIERNO-SAN-JUAN.jpg 800w, https:\/\/vocesparalelas.com.ar\/sitio\/wp-content\/uploads\/2023\/11\/GOBIERNO-SAN-JUAN-300x225.jpg 300w, https:\/\/vocesparalelas.com.ar\/sitio\/wp-content\/uploads\/2023\/11\/GOBIERNO-SAN-JUAN-768x576.jpg 768w\" sizes=\"auto, (max-width: 800px) 100vw, 800px\" \/><\/p>\n","protected":false},"excerpt":{"rendered":"<p>El material fue elaborado en el marco de las mesas ProNaPre, apuntando a lineamientos de prevenci\u00f3n de siniestros laborales y<\/p>\n","protected":false},"author":3,"featured_media":94545,"comment_status":"closed","ping_status":"closed","sticky":false,"template":"","format":"standard","meta":{"_acf_changed":false,"_seopress_robots_primary_cat":"none","_seopress_titles_title":"","_seopress_titles_desc":"","_seopress_robots_index":"","colormag_page_container_layout":"default_layout","colormag_page_sidebar_layout":"default_layout","footnotes":""},"categories":[9],"tags":[],"class_list":["post-94542","post","type-post","status-publish","format-standard","has-post-thumbnail","hentry","category-cursos"],"acf":[],"_links":{"self":[{"href":"https:\/\/vocesparalelas.com.ar\/sitio\/wp-json\/wp\/v2\/posts\/94542","targetHints":{"allow":["GET"]}}],"collection":[{"href":"https:\/\/vocesparalelas.com.ar\/sitio\/wp-json\/wp\/v2\/posts"}],"about":[{"href":"https:\/\/vocesparalelas.com.ar\/sitio\/wp-json\/wp\/v2\/types\/post"}],"author":[{"embeddable":true,"href":"https:\/\/vocesparalelas.com.ar\/sitio\/wp-json\/wp\/v2\/users\/3"}],"replies":[{"embeddable":true,"href":"https:\/\/vocesparalelas.com.ar\/sitio\/wp-json\/wp\/v2\/comments?post=94542"}],"version-history":[{"count":1,"href":"https:\/\/vocesparalelas.com.ar\/sitio\/wp-json\/wp\/v2\/posts\/94542\/revisions"}],"predecessor-version":[{"id":94546,"href":"https:\/\/vocesparalelas.com.ar\/sitio\/wp-json\/wp\/v2\/posts\/94542\/revisions\/94546"}],"wp:featuredmedia":[{"embeddable":true,"href":"https:\/\/vocesparalelas.com.ar\/sitio\/wp-json\/wp\/v2\/media\/94545"}],"wp:attachment":[{"href":"https:\/\/vocesparalelas.com.ar\/sitio\/wp-json\/wp\/v2\/media?parent=94542"}],"wp:term":[{"taxonomy":"category","embeddable":true,"href":"https:\/\/vocesparalelas.com.ar\/sitio\/wp-json\/wp\/v2\/categories?post=94542"},{"taxonomy":"post_tag","embeddable":true,"href":"https:\/\/vocesparalelas.com.ar\/sitio\/wp-json\/wp\/v2\/tags?post=94542"}],"curies":[{"name":"wp","href":"https:\/\/api.w.org\/{rel}","templated":true}]}}