{"id":94530,"date":"2025-12-02T12:21:45","date_gmt":"2025-12-02T15:21:45","guid":{"rendered":"https:\/\/vocesparalelas.com.ar\/sitio\/?p=94530"},"modified":"2025-12-04T00:04:14","modified_gmt":"2025-12-04T03:04:14","slug":"3a-edicion-festival-de-tango-san-juan-2025-en-san-juan","status":"publish","type":"post","link":"https:\/\/vocesparalelas.com.ar\/sitio\/3a-edicion-festival-de-tango-san-juan-2025-en-san-juan\/","title":{"rendered":"3\u00aa edici\u00f3n Festival de Tango San Juan 2025 en San Juan"},"content":{"rendered":"<p>La\u00a0 3\u00aa edici\u00f3n Festival de Tango San Juan 2025 se celebra\u00a0 del 5 al 7 de Diciembre en el Centro Cultural Conte Grand, organizado por Proyecto Tango San Juan y la Asociaci\u00f3n Civil Esc\u00e9nicas, con el apoyo del Ministerio de Turismo, Cultura y Deporte del Gobierno de San Juan.<\/p>\n<p>Cuenta con la presencia estelar de los campeones mundiales de Tango Escenario, Florencia Z\u00e1rate y Guido Palacios, quienes dan clases y brindan exhibiciones de alto nivel art\u00edstico.<\/p>\n<p>A la grilla se suma la reconocida\u00a0Orquesta Siempre Tango, integrada por<\/p>\n<ul>\n<li>Mayumi Urgino (viol\u00edn),<\/li>\n<li>Oscar Yemha (bandone\u00f3n),<\/li>\n<li>Facundo Benavidez (contrabajo) y<\/li>\n<li>Pablo Valle (piano).<\/li>\n<\/ul>\n<p>Con un repertorio milonguero y una s\u00f3lida trayectoria, la orquesta promete poner a vibrar al p\u00fablico.<\/p>\n<p><iframe loading=\"lazy\" title=\"El amanecer - Siempre Tango (VIDEO OFICIAL)\" width=\"800\" height=\"450\" src=\"https:\/\/www.youtube.com\/embed\/yYsSfCQ9ln4?feature=oembed\" frameborder=\"0\" allow=\"accelerometer; autoplay; clipboard-write; encrypted-media; gyroscope; picture-in-picture; web-share\" referrerpolicy=\"strict-origin-when-cross-origin\" allowfullscreen><\/iframe><\/p>\n<p>Adem\u00e1s, el festival re\u00fane a bailarines de prestigiosas compa\u00f1\u00edas y casas de tango de Buenos Aires, artistas que han recorrido escenarios de todo el mundo como maestros, core\u00f3grafos y jurados en competencias internacionales.<\/p>\n<p><span style=\"color: #ff6600;\"><strong>Cronograma<\/strong><\/span><\/p>\n<p><span style=\"color: #ff6600;\"><strong>Viernes, 5 de Diciembre<\/strong><\/span><\/p>\n<ul>\n<li>18:00 \u2013 Clase de Tango Escenario<\/li>\n<li>19:00 \u2013 Clase de Tango Sal\u00f3n, a cargo de Proyecto Tango San Juan \u2013 Contribuci\u00f3n voluntaria<\/li>\n<li>20:30 \u2013 Intervenci\u00f3n art\u00edstica de Melod\u00eda Leiva + Proyecto Tango San Juan &#8211; Contribuci\u00f3n voluntaria<\/li>\n<li>21:30 \u2013 Milonga del Parque (detr\u00e1s de la estatua de San Mart\u00edn) &#8211; Contribuci\u00f3n voluntaria<\/li>\n<\/ul>\n<p><span style=\"color: #ff6600;\"><strong>S\u00e1bado, 6 de Diciembre<\/strong><\/span><\/p>\n<ul>\n<li>17:00 \u2013 Clase de Tango Sal\u00f3n. A cargo de Florencia Z\u00e1rate &amp; Guido Palacios \u2013 $12.000<\/li>\n<li>18:30 \u2013 Clase de Tango Sal\u00f3n. A cargo de Flor &amp; Guido \u2013 $12.000<\/li>\n<li>21:00 \u2013 Milonga de Gala<br \/>\no Presentaci\u00f3n de Orquesta Siempre Tango<br \/>\no Exhibici\u00f3n de Flor &amp; Guido<br \/>\nEntrada general: $16.000<\/li>\n<\/ul>\n<p><span style=\"color: #ff6600;\"><strong>Domingo, 7 de Diciembre<\/strong><\/span><\/p>\n<ul>\n<li>16:00 \u2013 Masterclass de Tango Escenario. Flor &amp; Guido \u2013 $12.000<\/li>\n<li>17:30 \u2013 Clase de Tango Sal\u00f3n. Flor &amp; Guido \u2013 $12.000<\/li>\n<li>19:00 \u2013 Festejo Milonguero. Presentaci\u00f3n de compa\u00f1\u00edas, cantantes y m\u00fasicos-Contribuci\u00f3n voluntaria<\/li>\n<li>21:00 \u2013 Milonga de Cierre. Entrada: $8.000<\/li>\n<\/ul>\n<p>Los interesados pueden inscribirse a trav\u00e9s del link oficial del festival: <a href=\"https:\/\/linktr.ee\/festivaldetangosj\">linktr.ee\/festivaldetangosj<\/a>\u00a0o realizar reservas al 264 517 8800.<\/p>\n<p><img loading=\"lazy\" decoding=\"async\" class=\"alignnone size-large wp-image-22523\" src=\"https:\/\/vocesparalelas.com.ar\/sitio\/wp-content\/uploads\/2019\/07\/CENTRO-CULTURAL-CONTE-GRAND-800x601.jpg\" alt=\"\" width=\"800\" height=\"601\" srcset=\"https:\/\/vocesparalelas.com.ar\/sitio\/wp-content\/uploads\/2019\/07\/CENTRO-CULTURAL-CONTE-GRAND-800x601.jpg 800w, https:\/\/vocesparalelas.com.ar\/sitio\/wp-content\/uploads\/2019\/07\/CENTRO-CULTURAL-CONTE-GRAND-300x225.jpg 300w, https:\/\/vocesparalelas.com.ar\/sitio\/wp-content\/uploads\/2019\/07\/CENTRO-CULTURAL-CONTE-GRAND-768x577.jpg 768w, https:\/\/vocesparalelas.com.ar\/sitio\/wp-content\/uploads\/2019\/07\/CENTRO-CULTURAL-CONTE-GRAND.jpg 1000w\" sizes=\"auto, (max-width: 800px) 100vw, 800px\" \/><\/p>\n","protected":false},"excerpt":{"rendered":"<p>La\u00a0 3\u00aa edici\u00f3n Festival de Tango San Juan 2025 se celebra\u00a0 del 5 al 7 de Diciembre en el Centro<\/p>\n","protected":false},"author":3,"featured_media":4370,"comment_status":"closed","ping_status":"closed","sticky":false,"template":"","format":"standard","meta":{"_acf_changed":false,"_seopress_robots_primary_cat":"none","_seopress_titles_title":"","_seopress_titles_desc":"","_seopress_robots_index":"","colormag_page_container_layout":"default_layout","colormag_page_sidebar_layout":"default_layout","footnotes":""},"categories":[9,7],"tags":[],"class_list":["post-94530","post","type-post","status-publish","format-standard","has-post-thumbnail","hentry","category-cursos","category-videos"],"acf":[],"_links":{"self":[{"href":"https:\/\/vocesparalelas.com.ar\/sitio\/wp-json\/wp\/v2\/posts\/94530","targetHints":{"allow":["GET"]}}],"collection":[{"href":"https:\/\/vocesparalelas.com.ar\/sitio\/wp-json\/wp\/v2\/posts"}],"about":[{"href":"https:\/\/vocesparalelas.com.ar\/sitio\/wp-json\/wp\/v2\/types\/post"}],"author":[{"embeddable":true,"href":"https:\/\/vocesparalelas.com.ar\/sitio\/wp-json\/wp\/v2\/users\/3"}],"replies":[{"embeddable":true,"href":"https:\/\/vocesparalelas.com.ar\/sitio\/wp-json\/wp\/v2\/comments?post=94530"}],"version-history":[{"count":3,"href":"https:\/\/vocesparalelas.com.ar\/sitio\/wp-json\/wp\/v2\/posts\/94530\/revisions"}],"predecessor-version":[{"id":94535,"href":"https:\/\/vocesparalelas.com.ar\/sitio\/wp-json\/wp\/v2\/posts\/94530\/revisions\/94535"}],"wp:featuredmedia":[{"embeddable":true,"href":"https:\/\/vocesparalelas.com.ar\/sitio\/wp-json\/wp\/v2\/media\/4370"}],"wp:attachment":[{"href":"https:\/\/vocesparalelas.com.ar\/sitio\/wp-json\/wp\/v2\/media?parent=94530"}],"wp:term":[{"taxonomy":"category","embeddable":true,"href":"https:\/\/vocesparalelas.com.ar\/sitio\/wp-json\/wp\/v2\/categories?post=94530"},{"taxonomy":"post_tag","embeddable":true,"href":"https:\/\/vocesparalelas.com.ar\/sitio\/wp-json\/wp\/v2\/tags?post=94530"}],"curies":[{"name":"wp","href":"https:\/\/api.w.org\/{rel}","templated":true}]}}