{"id":94523,"date":"2025-12-01T22:54:10","date_gmt":"2025-12-02T01:54:10","guid":{"rendered":"https:\/\/vocesparalelas.com.ar\/sitio\/?p=94523"},"modified":"2025-12-03T00:34:19","modified_gmt":"2025-12-03T03:34:19","slug":"taller-de-turismo-rural-comunitario-en-el-departamento-iglesia","status":"publish","type":"post","link":"https:\/\/vocesparalelas.com.ar\/sitio\/taller-de-turismo-rural-comunitario-en-el-departamento-iglesia\/","title":{"rendered":"Taller de Turismo Rural Comunitario en el Departamento Iglesia"},"content":{"rendered":"<p>El Viernes, 28 de Noviembre, la Secretaria de Turismo, Cultura y Deporte de la Municipalidad de Iglesia, Prof. Fany Pernas mantuvo un encuentro con vecinos de la Localidad de Colang\u00fcil para coordinar las fechas y lineamientos del Taller de Turismo Rural Comunitario.<\/p>\n<p>Se acord\u00f3 que el Lunes 1, el Martes 2 y el Mi\u00e9rcoles 3 de Diciembre, bajo la coordinaci\u00f3n de la Lic. Marcela Santandreu, en el marco del Programa de Turismo Rural Comunitario y Trabajo Docente de la Organizaci\u00f3n Internacional del Trabajo &#8211; OIT.<\/p>\n<p><img loading=\"lazy\" decoding=\"async\" class=\"alignnone size-full wp-image-94528\" src=\"https:\/\/vocesparalelas.com.ar\/sitio\/wp-content\/uploads\/2025\/12\/IGLESIA-TALLER-02.jpg\" alt=\"\" width=\"800\" height=\"514\" srcset=\"https:\/\/vocesparalelas.com.ar\/sitio\/wp-content\/uploads\/2025\/12\/IGLESIA-TALLER-02.jpg 800w, https:\/\/vocesparalelas.com.ar\/sitio\/wp-content\/uploads\/2025\/12\/IGLESIA-TALLER-02-300x193.jpg 300w, https:\/\/vocesparalelas.com.ar\/sitio\/wp-content\/uploads\/2025\/12\/IGLESIA-TALLER-02-768x493.jpg 768w\" sizes=\"auto, (max-width: 800px) 100vw, 800px\" \/><\/p>\n<p>Es as\u00ed que, el Lunes, 1 de Diciembre, se realiz\u00f3 la primera jornada de trabajo. Durante este encuentro se dialog\u00f3 sobre las necesidades actuales de la comunidad, la importancia de trabajar en conjunto y la oportunidad de impulsar propuestas tur\u00edsticas que surjan de las propias familias.<\/p>\n<p>Se acord\u00f3 avanzar de manera participativa en un diagn\u00f3stico inicial, para luego construir un plan de encuentros regulares que permita a la comunidad continuar dise\u00f1ando servicios, experiencias y proyectos tur\u00edsticos.<\/p>\n<p>Los participantes expresaron inquietudes vinculadas a la infraestructura local, pero tambi\u00e9n, un firme compromiso para seguir reuni\u00e9ndose, aportar ideas y dar los primeros pasos hacia un turismo que ponga en valor su identidad, su historia y sus saberes.<\/p>\n<p>Este proceso se desarrolla en el marco de la gesti\u00f3n municipal presidida por el Intendente de la Municipalidad de Iglesia, Dr. Jorge Espejo, que acompa\u00f1a y promueve el desarrollo del turismo rural comunitario como eje de crecimiento y fortalecimiento territorial.<\/p>\n<p><img loading=\"lazy\" decoding=\"async\" class=\"alignnone size-full wp-image-91565\" src=\"https:\/\/vocesparalelas.com.ar\/sitio\/wp-content\/uploads\/2025\/09\/MUNICIPALIDAD-IGLESIA.jpg\" alt=\"\" width=\"800\" height=\"533\" srcset=\"https:\/\/vocesparalelas.com.ar\/sitio\/wp-content\/uploads\/2025\/09\/MUNICIPALIDAD-IGLESIA.jpg 800w, https:\/\/vocesparalelas.com.ar\/sitio\/wp-content\/uploads\/2025\/09\/MUNICIPALIDAD-IGLESIA-300x200.jpg 300w, https:\/\/vocesparalelas.com.ar\/sitio\/wp-content\/uploads\/2025\/09\/MUNICIPALIDAD-IGLESIA-768x512.jpg 768w\" sizes=\"auto, (max-width: 800px) 100vw, 800px\" \/><\/p>\n","protected":false},"excerpt":{"rendered":"<p>El Viernes, 28 de Noviembre, la Secretaria de Turismo, Cultura y Deporte de la Municipalidad de Iglesia, Prof. Fany Pernas<\/p>\n","protected":false},"author":3,"featured_media":94526,"comment_status":"closed","ping_status":"closed","sticky":false,"template":"","format":"standard","meta":{"_acf_changed":false,"_seopress_robots_primary_cat":"none","_seopress_titles_title":"","_seopress_titles_desc":"","_seopress_robots_index":"","colormag_page_container_layout":"default_layout","colormag_page_sidebar_layout":"default_layout","footnotes":""},"categories":[9],"tags":[],"class_list":["post-94523","post","type-post","status-publish","format-standard","has-post-thumbnail","hentry","category-cursos"],"acf":[],"_links":{"self":[{"href":"https:\/\/vocesparalelas.com.ar\/sitio\/wp-json\/wp\/v2\/posts\/94523","targetHints":{"allow":["GET"]}}],"collection":[{"href":"https:\/\/vocesparalelas.com.ar\/sitio\/wp-json\/wp\/v2\/posts"}],"about":[{"href":"https:\/\/vocesparalelas.com.ar\/sitio\/wp-json\/wp\/v2\/types\/post"}],"author":[{"embeddable":true,"href":"https:\/\/vocesparalelas.com.ar\/sitio\/wp-json\/wp\/v2\/users\/3"}],"replies":[{"embeddable":true,"href":"https:\/\/vocesparalelas.com.ar\/sitio\/wp-json\/wp\/v2\/comments?post=94523"}],"version-history":[{"count":1,"href":"https:\/\/vocesparalelas.com.ar\/sitio\/wp-json\/wp\/v2\/posts\/94523\/revisions"}],"predecessor-version":[{"id":94529,"href":"https:\/\/vocesparalelas.com.ar\/sitio\/wp-json\/wp\/v2\/posts\/94523\/revisions\/94529"}],"wp:featuredmedia":[{"embeddable":true,"href":"https:\/\/vocesparalelas.com.ar\/sitio\/wp-json\/wp\/v2\/media\/94526"}],"wp:attachment":[{"href":"https:\/\/vocesparalelas.com.ar\/sitio\/wp-json\/wp\/v2\/media?parent=94523"}],"wp:term":[{"taxonomy":"category","embeddable":true,"href":"https:\/\/vocesparalelas.com.ar\/sitio\/wp-json\/wp\/v2\/categories?post=94523"},{"taxonomy":"post_tag","embeddable":true,"href":"https:\/\/vocesparalelas.com.ar\/sitio\/wp-json\/wp\/v2\/tags?post=94523"}],"curies":[{"name":"wp","href":"https:\/\/api.w.org\/{rel}","templated":true}]}}