{"id":94519,"date":"2025-12-01T23:39:45","date_gmt":"2025-12-02T02:39:45","guid":{"rendered":"https:\/\/vocesparalelas.com.ar\/sitio\/?p=94519"},"modified":"2025-12-03T00:34:48","modified_gmt":"2025-12-03T03:34:48","slug":"paro-nacional-universitario-en-argentina","status":"publish","type":"post","link":"https:\/\/vocesparalelas.com.ar\/sitio\/paro-nacional-universitario-en-argentina\/","title":{"rendered":"Paro Nacional Universitario en Argentina"},"content":{"rendered":"<p>Del 1 al 6 de Diciembre de 2025 se desarrolla el Paro Nacional Universitario en Argentina.\u00a0La decisi\u00f3n de tomar mesas de ex\u00e1menes est\u00e1 a cargo de cada docente universitario.<\/p>\n<ul>\n<li>En defensa de los derechos laborales conquistados<\/li>\n<li>Implementaci\u00f3n de la Ley De Financiamiento Educativo, \u00a1YA!<\/li>\n<li>Urgente convocatoria a la Paritaria Salarial<\/li>\n<li>Contra la Reforma Laboral de Milei<\/li>\n<\/ul>\n<p><iframe loading=\"lazy\" title=\"UNSJ HIMNO NACIONAL ARGENTINO DEFENDAMOS LA UNIVERSIDAD PUBLICA Y GRATUITA\" width=\"800\" height=\"450\" src=\"https:\/\/www.youtube.com\/embed\/YmJuUZUpkj0?feature=oembed\" frameborder=\"0\" allow=\"accelerometer; autoplay; clipboard-write; encrypted-media; gyroscope; picture-in-picture; web-share\" referrerpolicy=\"strict-origin-when-cross-origin\" allowfullscreen><\/iframe><\/p>\n<p>&nbsp;<\/p>\n","protected":false},"excerpt":{"rendered":"<p>Del 1 al 6 de Diciembre de 2025 se desarrolla el Paro Nacional Universitario en Argentina.\u00a0La decisi\u00f3n de tomar mesas<\/p>\n","protected":false},"author":3,"featured_media":70999,"comment_status":"closed","ping_status":"closed","sticky":false,"template":"","format":"standard","meta":{"_acf_changed":false,"_seopress_robots_primary_cat":"none","_seopress_titles_title":"","_seopress_titles_desc":"","_seopress_robots_index":"","colormag_page_container_layout":"default_layout","colormag_page_sidebar_layout":"default_layout","footnotes":""},"categories":[6,7],"tags":[],"class_list":["post-94519","post","type-post","status-publish","format-standard","has-post-thumbnail","hentry","category-eventos","category-videos"],"acf":[],"_links":{"self":[{"href":"https:\/\/vocesparalelas.com.ar\/sitio\/wp-json\/wp\/v2\/posts\/94519","targetHints":{"allow":["GET"]}}],"collection":[{"href":"https:\/\/vocesparalelas.com.ar\/sitio\/wp-json\/wp\/v2\/posts"}],"about":[{"href":"https:\/\/vocesparalelas.com.ar\/sitio\/wp-json\/wp\/v2\/types\/post"}],"author":[{"embeddable":true,"href":"https:\/\/vocesparalelas.com.ar\/sitio\/wp-json\/wp\/v2\/users\/3"}],"replies":[{"embeddable":true,"href":"https:\/\/vocesparalelas.com.ar\/sitio\/wp-json\/wp\/v2\/comments?post=94519"}],"version-history":[{"count":1,"href":"https:\/\/vocesparalelas.com.ar\/sitio\/wp-json\/wp\/v2\/posts\/94519\/revisions"}],"predecessor-version":[{"id":94522,"href":"https:\/\/vocesparalelas.com.ar\/sitio\/wp-json\/wp\/v2\/posts\/94519\/revisions\/94522"}],"wp:featuredmedia":[{"embeddable":true,"href":"https:\/\/vocesparalelas.com.ar\/sitio\/wp-json\/wp\/v2\/media\/70999"}],"wp:attachment":[{"href":"https:\/\/vocesparalelas.com.ar\/sitio\/wp-json\/wp\/v2\/media?parent=94519"}],"wp:term":[{"taxonomy":"category","embeddable":true,"href":"https:\/\/vocesparalelas.com.ar\/sitio\/wp-json\/wp\/v2\/categories?post=94519"},{"taxonomy":"post_tag","embeddable":true,"href":"https:\/\/vocesparalelas.com.ar\/sitio\/wp-json\/wp\/v2\/tags?post=94519"}],"curies":[{"name":"wp","href":"https:\/\/api.w.org\/{rel}","templated":true}]}}