{"id":94465,"date":"2025-11-29T21:11:31","date_gmt":"2025-11-30T00:11:31","guid":{"rendered":"https:\/\/vocesparalelas.com.ar\/sitio\/?p=94465"},"modified":"2025-12-03T00:35:55","modified_gmt":"2025-12-03T03:35:55","slug":"finalizo-san-juan-emprende-conexiones-que-transforman","status":"publish","type":"post","link":"https:\/\/vocesparalelas.com.ar\/sitio\/finalizo-san-juan-emprende-conexiones-que-transforman\/","title":{"rendered":"Finaliz\u00f3 San Juan Emprende \u00abConexiones que transforman\u00bb"},"content":{"rendered":"<p>El gobernador de San Juan Dr. Marcelo Orrego particip\u00f3 del cierre del programa San Juan Emprende \u201cConexiones que transforman\u201d en el Centro Cultural Jos\u00e9 Amadeo Conte Grand.<\/p>\n<p>En el marco de la Direcci\u00f3n Pymes y Emprendedores y la Agencia Calidad San Juan, ambas dependientes del Ministerio de Producci\u00f3n, Trabajo e Innovaci\u00f3n.<\/p>\n<p>El mandatario provincial estuvo acompa\u00f1ado por el ministro de Producci\u00f3n, Trabajo e Innovaci\u00f3n, CPN Gustavo Fern\u00e1ndez; el presidente de la Agencia Calidad San Juan, Manuel Rodr\u00edguez; y el director de Pymes y Emprendedores, Jos\u00e9 Carpino, entre otros funcionarios, adem\u00e1s de emprendedores y p\u00fablico en general.<\/p>\n<p>En en este contexto, el gobernador de San Juan Dr. Marcelo Orrego describi\u00f3 que \u201cemprender tiene que ver con una cultura de vida, porque todo comienza con una idea, esa idea se transforma en una acci\u00f3n, esa acci\u00f3n se transforma en un h\u00e1bito, ese h\u00e1bito en una costumbre y despu\u00e9s se transforma todo en una cultura de vida. Y por eso siempre digo que los emprendedores no duermen para descansar, sino para seguir so\u00f1ando, porque siempre tienen un objetivo\u201d.<\/p>\n<p>\u201cCrec\u00ed en una familia de trabajadores, donde todo ha costado mucho y por ah\u00ed no nos dejaban cosas materiales, pero nos dejaban siempre la educaci\u00f3n. Y esto tiene que ver tambi\u00e9n con la educaci\u00f3n financiera, por eso hoy en los colegios hemos implementado la educaci\u00f3n financiera. Entonces mi pap\u00e1 nos dio un monto de dinero que entend\u00eda \u00e9l que pod\u00edamos suplir lo m\u00ednimo para ir a la escuela. Yo habr\u00e9 tenido 12 a\u00f1os, 13 a\u00f1os, entonces al principio esa experiencia la tom\u00e9 y por supuesto sufr\u00ed ah\u00ed los primeros caminos, pero la segunda vez me anim\u00e9 un poco m\u00e1s y me fui con esa platita a una ferreter\u00eda y compr\u00e9 bolsas de residuos. Entonces, sal\u00ed vendiendo. Creo que ah\u00ed se me fue el miedo de tocar las puertas. Las daba a un buen precio. Y despu\u00e9s mis amigos empezaron tambi\u00e9n, cada uno por distintos barrios, \u00bfno? Esa fue la primera vez como que sent\u00ed que estaba haciendo algo por m\u00ed mismo\u201d.<\/p>\n<p>El programa San Juan Emprende, cuya clausura se celebr\u00f3 este 28 de noviembre, es una iniciativa que busca consolidar un ecosistema emprendedor que sea din\u00e1mico y est\u00e9 fuertemente conectado dentro de San Juan.<\/p>\n<p>El objetivo general de estos encuentros es celebrar el programa promoviendo la inspiraci\u00f3n colectiva, fortaleciendo los lazos ya existentes y proyectando nuevas oportunidades de articulaci\u00f3n para la comunidad emprendedora sanjuanina, bajo la idea central de las \u201cConexiones que Transforman\u201d.<\/p>\n<p>La finalidad es generar un espacio de intercambio significativo, de reflexi\u00f3n profunda y de construcci\u00f3n de redes de colaboraci\u00f3n que sirvan como motor para impulsar el crecimiento y la transformaci\u00f3n del ecosistema emprendedor local. Adem\u00e1s, el programa busca potenciar a los emprendedores de la provincia a trav\u00e9s de contenido de valor y la formaci\u00f3n de lazos colaborativos s\u00f3lidos.<\/p>\n<p><img loading=\"lazy\" decoding=\"async\" class=\"alignnone size-full wp-image-94470\" src=\"https:\/\/vocesparalelas.com.ar\/sitio\/wp-content\/uploads\/2025\/11\/SAN-JUAN-EMPRENDE-02.jpg\" alt=\"\" width=\"800\" height=\"533\" srcset=\"https:\/\/vocesparalelas.com.ar\/sitio\/wp-content\/uploads\/2025\/11\/SAN-JUAN-EMPRENDE-02.jpg 800w, https:\/\/vocesparalelas.com.ar\/sitio\/wp-content\/uploads\/2025\/11\/SAN-JUAN-EMPRENDE-02-300x200.jpg 300w, https:\/\/vocesparalelas.com.ar\/sitio\/wp-content\/uploads\/2025\/11\/SAN-JUAN-EMPRENDE-02-768x512.jpg 768w\" sizes=\"auto, (max-width: 800px) 100vw, 800px\" \/><\/p>\n<p><span style=\"color: #ff6600;\"><strong>El gran cierre<\/strong><\/span><\/p>\n<p>El acto de clausura de \u201cSan Juan Emprende\u201d se vivi\u00f3 como una gran fiesta para la comunidad emprendedora. El evento fue completamente gratuito y se busc\u00f3 que la gente se llevara herramientas y conocimientos pr\u00e1cticos. En este marco, se desarrollaron actividades enfocadas en tem\u00e1ticas de actualidad como el uso de herramientas de Inteligencia Artificial (IA), estrategias clave para fortalecer la identidad de marca, y se abrieron di\u00e1logos con referentes del sector para que compartieran sus vivencias.<\/p>\n<p>Entre los expositores destacados estuvieron Miguel \u00c1ngel Alessi, un referente del estilismo argentino y coach, que particip\u00f3 de la entrevista \u201cEl arte de emprender\u201d. Tambi\u00e9n ofreci\u00f3 su charla \u201cConstru\u00ed una marca que abra puertas\u201d la especialista en branding y comunicaci\u00f3n estrat\u00e9gica, Magu Colque.<\/p>\n<p>Adem\u00e1s, Facundo Cereceda y Hern\u00e1n Orihuela, contadores p\u00fablicos y emprendedores tecnol\u00f3gicos de la Comisi\u00f3n Joven del Consejo Profesional de Ciencias Econ\u00f3micas, dictaron la charla \u201cTransformar para crecer: emprender con IA\u201d. Se sum\u00f3 a la programaci\u00f3n la entrevista \u201cLiderazgo que impulsa nuevos emprendimientos\u201d.<\/p>\n<p>Para completar la jornada, se impulsaron din\u00e1micas y un espacio formal de networking para que profesionales y actores del ecosistema pudieran conectarse, intercambiar ideas y generar oportunidades reales de colaboraci\u00f3n. Incluso hubo sorteos y regalos exclusivos para los asistentes.<\/p>\n<p>Como broche de oro, se arm\u00f3 un after con DJ en vivo, donde hubo bebidas y un peque\u00f1o \u00e1gape. La entrada al evento no solo fue gratuita, sino que tambi\u00e9n ten\u00eda un tinte solidario, ya que se invit\u00f3 a todos los asistentes a colaborar con un alimento no perecedero.<\/p>\n<p><img loading=\"lazy\" decoding=\"async\" class=\"alignnone size-full wp-image-65642\" src=\"https:\/\/vocesparalelas.com.ar\/sitio\/wp-content\/uploads\/2023\/11\/GOBIERNO-SAN-JUAN.jpg\" alt=\"\" width=\"800\" height=\"600\" srcset=\"https:\/\/vocesparalelas.com.ar\/sitio\/wp-content\/uploads\/2023\/11\/GOBIERNO-SAN-JUAN.jpg 800w, https:\/\/vocesparalelas.com.ar\/sitio\/wp-content\/uploads\/2023\/11\/GOBIERNO-SAN-JUAN-300x225.jpg 300w, https:\/\/vocesparalelas.com.ar\/sitio\/wp-content\/uploads\/2023\/11\/GOBIERNO-SAN-JUAN-768x576.jpg 768w\" sizes=\"auto, (max-width: 800px) 100vw, 800px\" \/><\/p>\n<p>&nbsp;<\/p>\n","protected":false},"excerpt":{"rendered":"<p>El gobernador de San Juan Dr. Marcelo Orrego particip\u00f3 del cierre del programa San Juan Emprende \u201cConexiones que transforman\u201d en<\/p>\n","protected":false},"author":3,"featured_media":94469,"comment_status":"closed","ping_status":"closed","sticky":false,"template":"","format":"standard","meta":{"_acf_changed":false,"_seopress_robots_primary_cat":"none","_seopress_titles_title":"","_seopress_titles_desc":"","_seopress_robots_index":"","colormag_page_container_layout":"default_layout","colormag_page_sidebar_layout":"default_layout","footnotes":""},"categories":[9],"tags":[],"class_list":["post-94465","post","type-post","status-publish","format-standard","has-post-thumbnail","hentry","category-cursos"],"acf":[],"_links":{"self":[{"href":"https:\/\/vocesparalelas.com.ar\/sitio\/wp-json\/wp\/v2\/posts\/94465","targetHints":{"allow":["GET"]}}],"collection":[{"href":"https:\/\/vocesparalelas.com.ar\/sitio\/wp-json\/wp\/v2\/posts"}],"about":[{"href":"https:\/\/vocesparalelas.com.ar\/sitio\/wp-json\/wp\/v2\/types\/post"}],"author":[{"embeddable":true,"href":"https:\/\/vocesparalelas.com.ar\/sitio\/wp-json\/wp\/v2\/users\/3"}],"replies":[{"embeddable":true,"href":"https:\/\/vocesparalelas.com.ar\/sitio\/wp-json\/wp\/v2\/comments?post=94465"}],"version-history":[{"count":2,"href":"https:\/\/vocesparalelas.com.ar\/sitio\/wp-json\/wp\/v2\/posts\/94465\/revisions"}],"predecessor-version":[{"id":94472,"href":"https:\/\/vocesparalelas.com.ar\/sitio\/wp-json\/wp\/v2\/posts\/94465\/revisions\/94472"}],"wp:featuredmedia":[{"embeddable":true,"href":"https:\/\/vocesparalelas.com.ar\/sitio\/wp-json\/wp\/v2\/media\/94469"}],"wp:attachment":[{"href":"https:\/\/vocesparalelas.com.ar\/sitio\/wp-json\/wp\/v2\/media?parent=94465"}],"wp:term":[{"taxonomy":"category","embeddable":true,"href":"https:\/\/vocesparalelas.com.ar\/sitio\/wp-json\/wp\/v2\/categories?post=94465"},{"taxonomy":"post_tag","embeddable":true,"href":"https:\/\/vocesparalelas.com.ar\/sitio\/wp-json\/wp\/v2\/tags?post=94465"}],"curies":[{"name":"wp","href":"https:\/\/api.w.org\/{rel}","templated":true}]}}