{"id":94426,"date":"2025-11-28T18:48:44","date_gmt":"2025-11-28T21:48:44","guid":{"rendered":"https:\/\/vocesparalelas.com.ar\/sitio\/?p=94426"},"modified":"2025-11-30T10:17:29","modified_gmt":"2025-11-30T13:17:29","slug":"primera-maraton-conector-sur-en-san-juan","status":"publish","type":"post","link":"https:\/\/vocesparalelas.com.ar\/sitio\/primera-maraton-conector-sur-en-san-juan\/","title":{"rendered":"Primera Marat\u00f3n \u201cConector Sur\u201d en San Juan"},"content":{"rendered":"<p>La C\u00e1mara de Comercios y Servicios de San Juan junto a la Filial Rawson inform\u00f3 que se desarrolla el Domino, 07 de Diciembre, a las 19 horas, la primera edici\u00f3n de la Marat\u00f3n \u201cConector Sur\u201d, un evento deportivo que busca promover la actividad f\u00edsica, la integraci\u00f3n social y el desarrollo comunitario en el departamento Rawson de la Provincia de San Juan.<\/p>\n<p>Cuenta con tres categor\u00edas: 5K, 10K y 15K, dise\u00f1adas para que tanto deportistas experimentados como corredores aficionados puedan participar.<\/p>\n<p>En este contexto, el presidente de la C.C.S.J., Hermes Rodr\u00edguez explic\u00f3 que \u00aben esta oportunidad, desde la C\u00e1mara de Comercios y Servicios de San Juan junto a la filial Rawson, es un placer poder comunicarles sobre esta marat\u00f3n. El sector del comercio vinculado al deporte es una excelente iniciativa. Creo que esta vinculaci\u00f3n no hace m\u00e1s que aunar esfuerzos y permite que la gente del departamento de Rawson vea que quienes est\u00e1n a cargo de nuestra filial valoran no solo el aspecto econ\u00f3mico, sino tambi\u00e9n la parte social\u201d.<\/p>\n<p>Por otro lado, el presidente de la Filial Rawson perteneciente a la C.C.S.J., Hip\u00f3lito Orozco puntualiz\u00f3 que \u00abesta marat\u00f3n es un aporte m\u00e1s al comercio. Es la manera de unir fuerzas, tanto la C\u00e1mara como el comercio, para que podamos desarrollar actividades deportivas. Esta es la primera marat\u00f3n que realizamos, de 5K, 10K y 15K. Les pedimos a todos los deportistas que nos acompa\u00f1en; el recorrido ser\u00e1 sobre el Conector Sur, al igual que la finalizaci\u00f3n\u201d.<\/p>\n<p>Cabe destacar que la actividad cont\u00f3 con la presencia de la vicepresidenta del C.C.S.J., Silvina Leticia. Las personas interesadas pueden inscribirse hasta el 6 de Diciembre, inclusive, en.<\/p>\n<p><a href=\"https:\/\/avantti.io\/events\/maraton-del-conector-sur\">https:\/\/avantti.io\/events\/maraton-del-conector-sur<\/a><\/p>\n<p><strong><span style=\"color: #ff6600;\">Circuito<\/span><\/strong><\/p>\n<p>Partida Lateral Conector, frente a la puerta de la C\u00e1mara Uni\u00f3n Comerciantes de Rawson. Desde este espacio, los participantes se dirigen hacia el Norte por el Conector Sur, continuando hasta pasar Cabot. Luego, emprenden el regreso hacia el Sur hasta Superiora, para finalmente volver hasta Casta\u00f1o, donde se ubicada la llegada.<\/p>\n<p>Desde la organizaci\u00f3n afirmaron que la iniciativa surge con el objetivo de fomentar h\u00e1bitos saludables, consolidar espacios de encuentro y proyectar la actividad deportiva como motor de crecimiento local.<\/p>\n<p>Asimismo, se espera la participaci\u00f3n de atletas de distintos puntos de la provincia, lo que permitir\u00e1 posicionar a la marat\u00f3n como un nuevo evento de referencia en el calendario deportivo de San Juan.<\/p>\n<p><img loading=\"lazy\" decoding=\"async\" class=\"alignnone size-large wp-image-7730\" src=\"https:\/\/vocesparalelas.com.ar\/sitio\/wp-content\/uploads\/2017\/11\/MARATON-IGUALDAD-800x450.jpg\" alt=\"\" width=\"800\" height=\"450\" srcset=\"https:\/\/vocesparalelas.com.ar\/sitio\/wp-content\/uploads\/2017\/11\/MARATON-IGUALDAD-800x450.jpg 800w, https:\/\/vocesparalelas.com.ar\/sitio\/wp-content\/uploads\/2017\/11\/MARATON-IGUALDAD-300x169.jpg 300w, https:\/\/vocesparalelas.com.ar\/sitio\/wp-content\/uploads\/2017\/11\/MARATON-IGUALDAD-768x432.jpg 768w, https:\/\/vocesparalelas.com.ar\/sitio\/wp-content\/uploads\/2017\/11\/MARATON-IGUALDAD.jpg 1024w\" sizes=\"auto, (max-width: 800px) 100vw, 800px\" \/><\/p>\n<p>&nbsp;<\/p>\n<p>&nbsp;<\/p>\n","protected":false},"excerpt":{"rendered":"<p>La C\u00e1mara de Comercios y Servicios de San Juan junto a la Filial Rawson inform\u00f3 que se desarrolla el Domino,<\/p>\n","protected":false},"author":3,"featured_media":94429,"comment_status":"closed","ping_status":"closed","sticky":false,"template":"","format":"standard","meta":{"_acf_changed":false,"_seopress_robots_primary_cat":"none","_seopress_titles_title":"","_seopress_titles_desc":"","_seopress_robots_index":"","colormag_page_container_layout":"default_layout","colormag_page_sidebar_layout":"default_layout","footnotes":""},"categories":[2],"tags":[],"class_list":["post-94426","post","type-post","status-publish","format-standard","has-post-thumbnail","hentry","category-convocatorias"],"acf":[],"_links":{"self":[{"href":"https:\/\/vocesparalelas.com.ar\/sitio\/wp-json\/wp\/v2\/posts\/94426","targetHints":{"allow":["GET"]}}],"collection":[{"href":"https:\/\/vocesparalelas.com.ar\/sitio\/wp-json\/wp\/v2\/posts"}],"about":[{"href":"https:\/\/vocesparalelas.com.ar\/sitio\/wp-json\/wp\/v2\/types\/post"}],"author":[{"embeddable":true,"href":"https:\/\/vocesparalelas.com.ar\/sitio\/wp-json\/wp\/v2\/users\/3"}],"replies":[{"embeddable":true,"href":"https:\/\/vocesparalelas.com.ar\/sitio\/wp-json\/wp\/v2\/comments?post=94426"}],"version-history":[{"count":1,"href":"https:\/\/vocesparalelas.com.ar\/sitio\/wp-json\/wp\/v2\/posts\/94426\/revisions"}],"predecessor-version":[{"id":94430,"href":"https:\/\/vocesparalelas.com.ar\/sitio\/wp-json\/wp\/v2\/posts\/94426\/revisions\/94430"}],"wp:featuredmedia":[{"embeddable":true,"href":"https:\/\/vocesparalelas.com.ar\/sitio\/wp-json\/wp\/v2\/media\/94429"}],"wp:attachment":[{"href":"https:\/\/vocesparalelas.com.ar\/sitio\/wp-json\/wp\/v2\/media?parent=94426"}],"wp:term":[{"taxonomy":"category","embeddable":true,"href":"https:\/\/vocesparalelas.com.ar\/sitio\/wp-json\/wp\/v2\/categories?post=94426"},{"taxonomy":"post_tag","embeddable":true,"href":"https:\/\/vocesparalelas.com.ar\/sitio\/wp-json\/wp\/v2\/tags?post=94426"}],"curies":[{"name":"wp","href":"https:\/\/api.w.org\/{rel}","templated":true}]}}