{"id":94409,"date":"2025-11-27T22:08:54","date_gmt":"2025-11-28T01:08:54","guid":{"rendered":"https:\/\/vocesparalelas.com.ar\/sitio\/?p=94409"},"modified":"2025-11-27T22:08:54","modified_gmt":"2025-11-28T01:08:54","slug":"acepto-la-renuncia-del-diputado-carlos-jaime-quiroga-la-camara-de-diputados-de-san-juan","status":"publish","type":"post","link":"https:\/\/vocesparalelas.com.ar\/sitio\/acepto-la-renuncia-del-diputado-carlos-jaime-quiroga-la-camara-de-diputados-de-san-juan\/","title":{"rendered":"Acept\u00f3 la renuncia del diputado Carlos Jaime Quiroga la C\u00e1mara de Diputados de San Juan"},"content":{"rendered":"<p>Durante la Decimotercera Sesi\u00f3n del Per\u00edodo Ordinario, la C\u00e1mara de Diputados de San Juan aprob\u00f3 la renuncia presentada por el diputado Carlos Jaime Quiroga, quien asumir\u00e1 como diputado nacional el 10 de diciembre de 2025.<\/p>\n<p>Tras la lectura de su carta de renuncia, realizada por el secretario Legislativo Dr. Gustavo Velert, diversos legisladores tomaron la palabra para despedirlo. Los diputados Mario Herrero, Emilio Escudero, Fernando Patinella, Federico Rizo, Franco Aranda, Juan de la Cruz C\u00f3rdoba, Enzo Cornejo, Alejandra Leonardo, Marta Gramajo, Fernanda Paredes, Miguel Vega y Marisa L\u00f3pez destacaron su compromiso, su vocaci\u00f3n de servicio y el aporte realizado durante su labor legislativa.<\/p>\n<p>Finalmente, el diputado Carlos Jaime Quiroga brind\u00f3 un discurso de despedida en el que expres\u00f3 su profundo agradecimiento a las diputadas y diputados, a las autoridades de C\u00e1mara, al personal legislativo y a sus equipos de trabajo, subrayando el valor del esfuerzo compartido a lo largo de su gesti\u00f3n.<\/p>\n<p>La emotiva despedida del diputado Quiroga marc\u00f3 uno de los momentos m\u00e1s significativos de la sesi\u00f3n.<\/p>\n<p><iframe loading=\"lazy\" title=\"13\u00aa Sesi\u00f3n Ordinaria Per\u00edodo 2025 - 27 de noviembre de 2025\" width=\"800\" height=\"450\" src=\"https:\/\/www.youtube.com\/embed\/P7wuj0djS_M?feature=oembed\" frameborder=\"0\" allow=\"accelerometer; autoplay; clipboard-write; encrypted-media; gyroscope; picture-in-picture; web-share\" referrerpolicy=\"strict-origin-when-cross-origin\" allowfullscreen><\/iframe><\/p>\n<p>Cabe se\u00f1alar que la sesi\u00f3n fue conducida de forma alternada por el vicepresidente primero, diputado Enzo Cornejo y la vicepresidente segunda, diputada Marisa L\u00f3pez.<\/p>\n<h3>Otros temas aprobados<\/h3>\n<p>A continuaci\u00f3n se desarrollan los diferentes asuntos aprobados en la Decimotercera Sesi\u00f3n:<\/p>\n<h3>Ley que regula la actividad de los museos<\/h3>\n<p>Con tratamiento sobre tablas, la Legislatura sancion\u00f3 con fuerza de Ley el proyecto que establece el marco para la creaci\u00f3n, gesti\u00f3n, administraci\u00f3n, conservaci\u00f3n, investigaci\u00f3n, difusi\u00f3n y promoci\u00f3n de los museos de la provincia de San Juan, con el prop\u00f3sito de fortalecer la protecci\u00f3n y preservaci\u00f3n del acervo hist\u00f3rico y cultural.<\/p>\n<p>La diputada Cristina L\u00f3pez, autora de la iniciativa, fundament\u00f3 el proyecto y destac\u00f3 que la Ley tiene como objetivos:<\/p>\n<p>a) Impulsar el desarrollo de una pol\u00edtica provincial en materia de museos.<br \/>\nb) Promover la coordinaci\u00f3n y cooperaci\u00f3n interinstitucional entre los museos.<br \/>\nc) Contribuir a la profesionalizaci\u00f3n del campo museol\u00f3gico.<br \/>\nd) Regular est\u00e1ndares t\u00e9cnicos de gesti\u00f3n.<\/p>\n<p>Asimismo, la diputada Alejandra Leonardo realiz\u00f3 aportes durante el tratamiento y subray\u00f3 el trabajo de la Direcci\u00f3n de Patrimonio Cultural.<\/p>\n<p>Cabe se\u00f1alar que el proyecto contaba con tratamiento de preferencia y, al no haber obtenido despacho, el cuerpo legislativo se constituy\u00f3 en comisi\u00f3n para avanzar en su an\u00e1lisis, oportunidad en la que se consensuaron las modificaciones correspondientes y se logr\u00f3 su aprobaci\u00f3n por unanimidad.<\/p>\n<h3>Convenio con la Agencia Calidad San Juan Sociedad Mixta<\/h3>\n<p>Tras los argumentos brindados por el diputado Juan de la Cruz C\u00f3rdoba, la Legislatura ratific\u00f3 el Convenio Marco de Asistencia y Cooperaci\u00f3n entre la Secretar\u00eda General de la Gobernaci\u00f3n y la Agencia Calidad San Juan Sociedad de Econom\u00eda Mixta.<\/p>\n<p>La finalidad de este acuerdo de cooperaci\u00f3n y vinculaci\u00f3n interinstitucional, consiste en llevar a cabo acciones coordinadas de asistencia t\u00e9cnica y colaboraci\u00f3n mutua para desarrollar en el \u00e1mbito de sus competencias los objetivos que le son propios.<\/p>\n<p>Cabe se\u00f1alar que este asunto obtuvo 16 votos positivos y 12 votos negativos.<\/p>\n<h3>Convenio con la Fundaci\u00f3n Proni\u00f1o San Juan CONIN<\/h3>\n<p>Luego, la diputada Marcela Quiroga fundament\u00f3 este punto del orden del d\u00eda y la Legislatura resolvi\u00f3 aprobar el Convenio celebrado entre Ministerio de Familia y Desarrollo Humano y la Fundaci\u00f3n Proni\u00f1o San Juan-Centro CONIN.<\/p>\n<p>El objeto de este acuerdo consiste en fomentar y consolidar pol\u00edticas y estrategias destinadas a la prevenci\u00f3n y erradicaci\u00f3n del hambre infantil, en concordancia con lo previsto en la Ley N\u00b01606-S y el Programa Mil D\u00edas, orientados a garantizar la adecuada alimentaci\u00f3n y el cuidado integral de la salud durante los primeros a\u00f1os de vida.<\/p>\n<h3>Distinci\u00f3n Diploma de Honor Republicano<\/h3>\n<p>M\u00e1s tarde, los diputados pusieron a consideraci\u00f3n las comunicaciones particulares presentadas por la Facultad de Ciencias Sociales de la Universidad Nacional de San Juan, y por la Universidad Cat\u00f3lica de Cuyo, mediante las cuales se eleva la n\u00f3mina de postulantes a la distinci\u00f3n \u201cDiploma de Honor Republicano Dr. Eduardo Luis Leonardelli- Dr. Pablo Ramella, Grandes Defensores de la Constituci\u00f3n y de las Instituciones\u201d.<\/p>\n<p>De esta manera resolvieron aprobar las resoluciones para otorgar las distinciones a:<\/p>\n<ul>\n<li>El estudiante graduado con mejor promedio de la carrera de Abogac\u00eda de la Universidad Cat\u00f3lica de Cuyo, en el presente ciclo lectivo, es el Abg. REISER, ALEXIS FEDERICO D.N.I. 44.019.431, con un promedio general sin aplazo de nueve con cincuenta y cuatro cent\u00e9simas (9.054).<\/li>\n<li>La estudiante graduada con mejor promedio de la carrera de Abogac\u00eda de la Universidad Nacional de San Juan, en el presente ciclo lectivo, es la Abg. SALINAS MACARENA JUDITH D.N.I. 41.909.176, con un promedio general sin aplazo de ocho setenta y ocho (8.78).<\/li>\n<li>El estudiante graduado con mejor promedio de la carrera Licenciatura en Ciencias Pol\u00edticas de la Universidad Nacional de San Juan, en el presente ciclo lectivo, es el Lic. FIGUEROA HERRERA MARIANO D.N.I. 39.425.117 con un promedio general sin aplazo de nueve con cuarenta y siete (9.47).<br \/>\nEn esta oportunidad, habl\u00f3 como miembro informante la diputada Alejandra Leonardo.<\/li>\n<\/ul>\n<h3>Pr\u00f3rroga del Per\u00edodo Ordinario<\/h3>\n<p>Por otra parte, el cuerpo Legislativo aprob\u00f3 la Resoluci\u00f3n mediante la cual se prorroga el periodo ordinario 2025 de sesiones hasta el d\u00eda 30 de diciembre de 2025.<\/p>\n<h3>Designaci\u00f3n de representantes del Jurado de Enjuiciamiento<\/h3>\n<p>Conforme al art\u00edculo 230 de la Constituci\u00f3n Provincial y a la Ley N.\u00b0 663-E, la C\u00e1mara de Diputados llev\u00f3 a cabo la designaci\u00f3n de los cuatro representantes para integrar el Jurado de Enjuiciamiento.<\/p>\n<p>En este marco, el diputado Juan de la Cruz C\u00f3rdoba propuso a la diputada Marcela Quiroga como representante titular y a la diputada Alejandra Leonardo como suplente.<br \/>\nPor su parte, el diputado Juan Carlos Quiroga Moyano postul\u00f3 al diputado Pedro Albagli como titular y a Mario Herrero como suplente.<\/p>\n<p>Ambas mociones fueron aprobadas por la Legislatura<\/p>\n<h3>Resoluciones<\/h3>\n<p>Asimismo, durante la sesi\u00f3n declararon de inter\u00e9s:<\/p>\n<ul>\n<li>Cultural, tur\u00edstico y art\u00edstico: Las actividades realizadas en el espacio com\u00fan de exposiciones para artistas sanjuaninos, Todos los Sentidos, Le Brunch, en la provincia de San Juan. (Interbloque Cambia San Juan)<\/li>\n<li>Econ\u00f3mico y social, la proclamaci\u00f3n del A\u00f1o 2025 como A\u00f1o Internacional de las Cooperativas, en virtud de lo dispuesto por la Organizaci\u00f3n de las Naciones Unidas, en reconocimiento al aporte del movimiento cooperativo y destacar la labor del Instituto Movilizador de Fondos Cooperativos (IMFC) y del Banco Credicoop Cooperativo Limitado, por su compromiso con la promoci\u00f3n de los principios y valores del cooperativismo y su contribuci\u00f3n al fortalecimiento del sector. (Bloque Justicialista)<\/li>\n<li>Social y educativo, el Proyecto Audiovisual, Educativo y Terap\u00e9utico Integr\u00e1ndonos, que se lleva a cabo por la Escuela de Educaci\u00f3n Especial Susana de Castelli, dependiente del Ministerio de Educaci\u00f3n de la provincia de San Juan, y cuya entidad propietaria es la Asociaci\u00f3n Sanjuanina de Adaptaci\u00f3n Laboral. (Interbloque Cambia San Juan)<\/li>\n<li>Social, cultural y educativo las actividades por el 70\u00ba Aniversario de AFS Programas Interculturales Argentina- Uruguay, que se llevan a cabo en la provincia de San Juan. (Interbloque Cambia San Juan)<\/li>\n<li>Social, cultural y acad\u00e9mico, El XXIII Congreso Geol\u00f3gico Argentino, organizado por la Asociaci\u00f3n Geol\u00f3gica Argentina, a realizarse desde el 19 al 23 de abril de 2027, en la provincia de San Juan. (Interbloque Cambia San Juan)<\/li>\n<li>Educativo y cient\u00edfico la 22\u00b0 Conferencia Internacional sobre Rob\u00f3tica Avanzada ICAR 2025, con sede en el Instituto de Autom\u00e1tica (INAUT) de la Facultad de Ingenier\u00eda de la UNSJ, con el respaldo de la IEEE ROBOTICS AND AUTOMATION SOCIETY a realizarse desde el 2 al 5 de diciembre del a\u00f1o 2025. (Interbloque Cambia San Juan)<\/li>\n<li>Social, cultural y tur\u00edstico las Fiestas Patronales en Honor a Santa B\u00e1rbara, a realizarse desde el 28 de noviembre hasta el 7 de diciembre del corriente a\u00f1o, en el departamento de Pocito. (Bloque Justicialista)<\/li>\n<li>Deportivo y Social la Marat\u00f3n Santa Luc\u00eda Corre de Noche, que se lleva a cabo el d\u00eda 4 de diciembre del corriente a\u00f1o. (Interbloque Cambia San Juan)<\/li>\n<li>Cultural y social el 156\u00b0 Aniversario de Santa Luc\u00eda, que se conmemora el d\u00eda 4 de diciembre del corriente a\u00f1o. (Interbloque Cambia San Juan)<\/li>\n<li>Cultural y tur\u00edstico el 8\u00b0 Concurso Provincial del Asador Sanjuanino, organizado por la Municipalidad de San Mart\u00edn, a desarrollarse el 29 de noviembre de 2025, en el Complejo Ceferino Namuncur\u00e1. (Bloque Crecer)<\/li>\n<li>Cultural, tur\u00edstico y social a la \u00abFiesta de Todos- Fiesta de Albard\u00f3n\u201d que se realizar\u00e1 en el Parque Latinoamericano, en el marco de los festejos programados para conmemorar el d\u00eda 24 de enero de 2026, el 160\u00ba Aniversario de la fundaci\u00f3n de la Villa Gral. San Mart\u00edn, cabecera del departamento Albard\u00f3n.(Diputado Pedro Albagli)<\/li>\n<li>Deportivo, recreativo y social a la prueba pedestre: \u00abCircuito Navidad\u00bb organizada por la A.A.A. (Asociaci\u00f3n Atl\u00e9tica de Albard\u00f3n) a realizarse el d\u00eda 25 de diciembre del corriente a\u00f1o en honor a nuestra Se\u00f1ora del Rosario de Andacollo, por las calles del Distrito Obispo Zapata de la localidad El Rinc\u00f3n, departamento Albard\u00f3n. (Diputado Pedro Albagli)<\/li>\n<li>Religioso y social a la \u00abNovena en honor a Santa B\u00e1rbara- Jubileo 2025\u00bb, a realizarse desde el d\u00eda 28 de noviembre hasta el 7 de diciembre del corriente a\u00f1o, al conmemorarse el 300 Aniversario de su Parroquia ubicada en calle La Laja en el departamento Albard\u00f3n.(Diputado Pedro Albagli)<\/li>\n<li>Social, cultural y religioso a la 4\u00b0 edici\u00f3n de la Cabalgata de la Fe, a realizarse el d\u00eda 29 de noviembre en el Departamento Iglesia. (Diputado Gustavo Deguer)<\/li>\n<li>Social, Deportivo y Comunitario las \u00abPrimeras Jornadas Inclusivas de Futsal de San Juan 2025\u00bb, organizadas por el Huarpes F\u00fatbol Club, orientadas a la sensibilizaci\u00f3n, presentaci\u00f3n y difusi\u00f3n del Nuevo S\u00edmbolo Internacional de Accesibilidad Universal (SIAU). (Diputados: Emilio Escudero, Fernanda Paredes, Sonia Ferreyra y Stella Caparr\u00f3s)<\/li>\n<\/ul>\n<p><iframe loading=\"lazy\" title=\"Paola Comastri y Maximiliano Castro - Programa Integr\u00e1ndonos\" width=\"800\" height=\"450\" src=\"https:\/\/www.youtube.com\/embed\/mlXjWG4fxoE?feature=oembed\" frameborder=\"0\" allow=\"accelerometer; autoplay; clipboard-write; encrypted-media; gyroscope; picture-in-picture; web-share\" referrerpolicy=\"strict-origin-when-cross-origin\" allowfullscreen><\/iframe><\/p>\n<p>&nbsp;<\/p>\n<figure id=\"attachment_37951\" aria-describedby=\"caption-attachment-37951\" style=\"width: 800px\" class=\"wp-caption alignnone\"><img loading=\"lazy\" decoding=\"async\" class=\"size-full wp-image-37951\" src=\"https:\/\/vocesparalelas.com.ar\/sitio\/wp-content\/uploads\/2021\/05\/CAMARA-EDIFICIO.jpg\" alt=\"\" width=\"800\" height=\"515\" srcset=\"https:\/\/vocesparalelas.com.ar\/sitio\/wp-content\/uploads\/2021\/05\/CAMARA-EDIFICIO.jpg 800w, https:\/\/vocesparalelas.com.ar\/sitio\/wp-content\/uploads\/2021\/05\/CAMARA-EDIFICIO-300x193.jpg 300w, https:\/\/vocesparalelas.com.ar\/sitio\/wp-content\/uploads\/2021\/05\/CAMARA-EDIFICIO-768x494.jpg 768w\" sizes=\"auto, (max-width: 800px) 100vw, 800px\" \/><figcaption id=\"caption-attachment-37951\" class=\"wp-caption-text\">Legislatura Provincial de San Juan, Rep\u00fablica Argentina<\/figcaption><\/figure>\n<p>&nbsp;<\/p>\n","protected":false},"excerpt":{"rendered":"<p>Durante la Decimotercera Sesi\u00f3n del Per\u00edodo Ordinario, la C\u00e1mara de Diputados de San Juan aprob\u00f3 la renuncia presentada por el<\/p>\n","protected":false},"author":3,"featured_media":94412,"comment_status":"closed","ping_status":"closed","sticky":false,"template":"","format":"standard","meta":{"_acf_changed":false,"_seopress_robots_primary_cat":"none","_seopress_titles_title":"","_seopress_titles_desc":"","_seopress_robots_index":"","colormag_page_container_layout":"default_layout","colormag_page_sidebar_layout":"default_layout","footnotes":""},"categories":[1,7],"tags":[],"class_list":["post-94409","post","type-post","status-publish","format-standard","has-post-thumbnail","hentry","category-destacadas","category-videos"],"acf":[],"_links":{"self":[{"href":"https:\/\/vocesparalelas.com.ar\/sitio\/wp-json\/wp\/v2\/posts\/94409","targetHints":{"allow":["GET"]}}],"collection":[{"href":"https:\/\/vocesparalelas.com.ar\/sitio\/wp-json\/wp\/v2\/posts"}],"about":[{"href":"https:\/\/vocesparalelas.com.ar\/sitio\/wp-json\/wp\/v2\/types\/post"}],"author":[{"embeddable":true,"href":"https:\/\/vocesparalelas.com.ar\/sitio\/wp-json\/wp\/v2\/users\/3"}],"replies":[{"embeddable":true,"href":"https:\/\/vocesparalelas.com.ar\/sitio\/wp-json\/wp\/v2\/comments?post=94409"}],"version-history":[{"count":1,"href":"https:\/\/vocesparalelas.com.ar\/sitio\/wp-json\/wp\/v2\/posts\/94409\/revisions"}],"predecessor-version":[{"id":94413,"href":"https:\/\/vocesparalelas.com.ar\/sitio\/wp-json\/wp\/v2\/posts\/94409\/revisions\/94413"}],"wp:featuredmedia":[{"embeddable":true,"href":"https:\/\/vocesparalelas.com.ar\/sitio\/wp-json\/wp\/v2\/media\/94412"}],"wp:attachment":[{"href":"https:\/\/vocesparalelas.com.ar\/sitio\/wp-json\/wp\/v2\/media?parent=94409"}],"wp:term":[{"taxonomy":"category","embeddable":true,"href":"https:\/\/vocesparalelas.com.ar\/sitio\/wp-json\/wp\/v2\/categories?post=94409"},{"taxonomy":"post_tag","embeddable":true,"href":"https:\/\/vocesparalelas.com.ar\/sitio\/wp-json\/wp\/v2\/tags?post=94409"}],"curies":[{"name":"wp","href":"https:\/\/api.w.org\/{rel}","templated":true}]}}