{"id":94387,"date":"2025-11-27T13:33:43","date_gmt":"2025-11-27T16:33:43","guid":{"rendered":"https:\/\/vocesparalelas.com.ar\/sitio\/?p=94387"},"modified":"2025-11-28T23:30:19","modified_gmt":"2025-11-29T02:30:19","slug":"colonia-de-verano-adultos-mayores-en-movimiento-de-la-unsj","status":"publish","type":"post","link":"https:\/\/vocesparalelas.com.ar\/sitio\/colonia-de-verano-adultos-mayores-en-movimiento-de-la-unsj\/","title":{"rendered":"Colonia de Verano:\u00a0Adultos Mayores en Movimiento de la UNSJ"},"content":{"rendered":"<p><span dir=\"auto\">Sumate a la Colonia de Verano: <\/span><span dir=\"auto\">Adultos Mayores en Movimiento<\/span><span dir=\"auto\"> para socios y no socios. Las actividades inician el 16 de Diciembre de Martes a Viernes, desde las 8.30 a 12.30 hs.<\/span><\/p>\n<p><span style=\"color: #ff6600;\"><strong><span dir=\"auto\">Las personas interesadas deber\u00e1n tener en cuenta la siguiente informaci\u00f3n:<\/span><\/strong><\/span><\/p>\n<ul>\n<li><span dir=\"auto\">Las inscripciones se realizan de Lunes a Viernes, de 9 a 13 hs y de 16 a 20 hs en la Oficina de Deporte Federado Complejo \u201cEl Palomar\u201d.<\/span><\/li>\n<li>Los requisitos indispensables para inscribirse son: ficha de Inscripci\u00f3n<span dir=\"auto\">\u00a02025\/2026<\/span><span dir=\"auto\">\u00a0completada; declaraci\u00f3n jurada de salud firmada y sellada por profesional m\u00e9dico y fotocopia de DNI.<\/span><\/li>\n<\/ul>\n<p><span dir=\"auto\">Se puede pedir la ficha inscripci\u00f3n y la declaraci\u00f3n jurada mandando un mensaje al 2646629521- Oficina de Deporte Federado.<\/span><\/p>\n<p><strong><span style=\"color: #ff6600;\">Esta es la tercera temporada de la colonia y las actividades se basan en 3\u00a0\u00a0tres pilares:<\/span><\/strong><\/p>\n<ul>\n<li>Nataci\u00f3n y actividades en el medio acu\u00e1tico.<\/li>\n<li>Juegos y deportes alternativos.<\/li>\n<li>Talleres: folklore, gimnasia cerebral, bailoterapia, m\u00fasica y ritmo.<\/li>\n<\/ul>\n<p>El valor de la colonia es de $100.000\u00a0 la temporada para socios y $130.000 para no socios.<\/p>\n<p>El \u00e9xito de la colonia va aumentando a\u00f1o a a\u00f1o, en la edici\u00f3n pasada participaron alrededor de 40 personas, y se esperan mas interesados\/as este a\u00f1o.<\/p>\n<p>&nbsp;<\/p>\n<p><img loading=\"lazy\" decoding=\"async\" class=\"alignnone size-full wp-image-79515\" src=\"https:\/\/vocesparalelas.com.ar\/sitio\/wp-content\/uploads\/2024\/11\/UNSJ-LOGO-01.jpg\" alt=\"\" width=\"800\" height=\"459\" srcset=\"https:\/\/vocesparalelas.com.ar\/sitio\/wp-content\/uploads\/2024\/11\/UNSJ-LOGO-01.jpg 800w, https:\/\/vocesparalelas.com.ar\/sitio\/wp-content\/uploads\/2024\/11\/UNSJ-LOGO-01-300x172.jpg 300w, https:\/\/vocesparalelas.com.ar\/sitio\/wp-content\/uploads\/2024\/11\/UNSJ-LOGO-01-768x441.jpg 768w\" sizes=\"auto, (max-width: 800px) 100vw, 800px\" \/><\/p>\n","protected":false},"excerpt":{"rendered":"<p>Sumate a la Colonia de Verano: Adultos Mayores en Movimiento para socios y no socios. Las actividades inician el 16<\/p>\n","protected":false},"author":3,"featured_media":69292,"comment_status":"closed","ping_status":"closed","sticky":false,"template":"","format":"standard","meta":{"_acf_changed":false,"_seopress_robots_primary_cat":"none","_seopress_titles_title":"","_seopress_titles_desc":"","_seopress_robots_index":"","colormag_page_container_layout":"default_layout","colormag_page_sidebar_layout":"default_layout","footnotes":""},"categories":[5],"tags":[],"class_list":["post-94387","post","type-post","status-publish","format-standard","has-post-thumbnail","hentry","category-ofrecimientos"],"acf":[],"_links":{"self":[{"href":"https:\/\/vocesparalelas.com.ar\/sitio\/wp-json\/wp\/v2\/posts\/94387","targetHints":{"allow":["GET"]}}],"collection":[{"href":"https:\/\/vocesparalelas.com.ar\/sitio\/wp-json\/wp\/v2\/posts"}],"about":[{"href":"https:\/\/vocesparalelas.com.ar\/sitio\/wp-json\/wp\/v2\/types\/post"}],"author":[{"embeddable":true,"href":"https:\/\/vocesparalelas.com.ar\/sitio\/wp-json\/wp\/v2\/users\/3"}],"replies":[{"embeddable":true,"href":"https:\/\/vocesparalelas.com.ar\/sitio\/wp-json\/wp\/v2\/comments?post=94387"}],"version-history":[{"count":1,"href":"https:\/\/vocesparalelas.com.ar\/sitio\/wp-json\/wp\/v2\/posts\/94387\/revisions"}],"predecessor-version":[{"id":94390,"href":"https:\/\/vocesparalelas.com.ar\/sitio\/wp-json\/wp\/v2\/posts\/94387\/revisions\/94390"}],"wp:featuredmedia":[{"embeddable":true,"href":"https:\/\/vocesparalelas.com.ar\/sitio\/wp-json\/wp\/v2\/media\/69292"}],"wp:attachment":[{"href":"https:\/\/vocesparalelas.com.ar\/sitio\/wp-json\/wp\/v2\/media?parent=94387"}],"wp:term":[{"taxonomy":"category","embeddable":true,"href":"https:\/\/vocesparalelas.com.ar\/sitio\/wp-json\/wp\/v2\/categories?post=94387"},{"taxonomy":"post_tag","embeddable":true,"href":"https:\/\/vocesparalelas.com.ar\/sitio\/wp-json\/wp\/v2\/tags?post=94387"}],"curies":[{"name":"wp","href":"https:\/\/api.w.org\/{rel}","templated":true}]}}