{"id":94373,"date":"2025-11-27T12:07:31","date_gmt":"2025-11-27T15:07:31","guid":{"rendered":"https:\/\/vocesparalelas.com.ar\/sitio\/?p=94373"},"modified":"2025-11-27T22:14:47","modified_gmt":"2025-11-28T01:14:47","slug":"black-friday-en-san-juan-y-apoya-con-tu-compra-al-comercio-local","status":"publish","type":"post","link":"https:\/\/vocesparalelas.com.ar\/sitio\/black-friday-en-san-juan-y-apoya-con-tu-compra-al-comercio-local\/","title":{"rendered":"Black Friday en San Juan y apoya con tu compra al comercio local"},"content":{"rendered":"<p>El Viernes, 28 de Noviembre dar\u00e1 inicio oficialmente el Black Friday, uno de los eventos comerciales m\u00e1s esperados del a\u00f1o, y las promociones se extender\u00e1n durante todo el fin de semana hasta el lunes 1\u00b0 de diciembre. Durante estas jornadas, comercios de diversos rubros ofrecer\u00e1n descuentos especiales, cuotas y beneficios exclusivos para incentivar el consumo previo a las fiestas de fin de a\u00f1o.<\/p>\n<p>Desde la C\u00e1mara de Comercio y Servicios de San Juan, se invita a toda la comunidad a aprovechar estas oportunidades realizando sus compras en los comercios adheridos de San Juan, contribuyendo as\u00ed al fortalecimiento del entramado econ\u00f3mico local. La instituci\u00f3n destaca que, si bien el Black Friday es un evento global, en San Juan adquiere un valor especial debido al creciente n\u00famero de emprendedores, pymes y marcas sanjuaninas que participan con propuestas competitivas tanto en ventas online como en tiendas f\u00edsicas.<\/p>\n<p>\u201cEs fundamental que los sanjuaninos acompa\u00f1en a los comercios de la provincia. Cada compra hecha en un negocio local impulsa el empleo, el desarrollo productivo y el crecimiento de nuestras empresas\u201d, remarcaron desde la C\u00e1mara.<\/p>\n<p>A su vez, se subraya que muchos de los productos en oferta son elaborados o comercializados por marcas sanjuaninas, lo que reafirma el compromiso con la identidad regional y pone en valor el esfuerzo del sector privado que apuesta d\u00eda a d\u00eda por la innovaci\u00f3n y la calidad.<\/p>\n<p>En este contexto, la C\u00e1mara de Comercio se\u00f1ala que el Black Friday no solo representa una oportunidad para acceder a precios promocionales, sino tambi\u00e9n una ocasi\u00f3n estrat\u00e9gica para promover la econom\u00eda local, fortalecer el ecosistema emprendedor y consolidar la presencia de las marcas provinciales en el mercado digital y presencial.<\/p>\n<p>Finalmente, la entidad recuerda que los comercios adheridos estar\u00e1n informando durante toda la semana sus promociones, m\u00e9todos de pago y horarios especiales, e invita a los consumidores a informarse a trav\u00e9s de los canales oficiales para identificar las mejores oportunidades.<\/p>\n<p><img loading=\"lazy\" decoding=\"async\" class=\"alignnone size-large wp-image-25833\" src=\"https:\/\/vocesparalelas.com.ar\/sitio\/wp-content\/uploads\/2019\/12\/SAN-JUAN-CIUDAD-800x600.jpg\" alt=\"\" width=\"800\" height=\"600\" srcset=\"https:\/\/vocesparalelas.com.ar\/sitio\/wp-content\/uploads\/2019\/12\/SAN-JUAN-CIUDAD.jpg 800w, https:\/\/vocesparalelas.com.ar\/sitio\/wp-content\/uploads\/2019\/12\/SAN-JUAN-CIUDAD-300x225.jpg 300w, https:\/\/vocesparalelas.com.ar\/sitio\/wp-content\/uploads\/2019\/12\/SAN-JUAN-CIUDAD-768x576.jpg 768w\" sizes=\"auto, (max-width: 800px) 100vw, 800px\" \/><\/p>\n","protected":false},"excerpt":{"rendered":"<p>El Viernes, 28 de Noviembre dar\u00e1 inicio oficialmente el Black Friday, uno de los eventos comerciales m\u00e1s esperados del a\u00f1o,<\/p>\n","protected":false},"author":3,"featured_media":94376,"comment_status":"closed","ping_status":"closed","sticky":false,"template":"","format":"standard","meta":{"_acf_changed":false,"_seopress_robots_primary_cat":"none","_seopress_titles_title":"","_seopress_titles_desc":"","_seopress_robots_index":"","colormag_page_container_layout":"default_layout","colormag_page_sidebar_layout":"default_layout","footnotes":""},"categories":[6],"tags":[],"class_list":["post-94373","post","type-post","status-publish","format-standard","has-post-thumbnail","hentry","category-eventos"],"acf":[],"_links":{"self":[{"href":"https:\/\/vocesparalelas.com.ar\/sitio\/wp-json\/wp\/v2\/posts\/94373","targetHints":{"allow":["GET"]}}],"collection":[{"href":"https:\/\/vocesparalelas.com.ar\/sitio\/wp-json\/wp\/v2\/posts"}],"about":[{"href":"https:\/\/vocesparalelas.com.ar\/sitio\/wp-json\/wp\/v2\/types\/post"}],"author":[{"embeddable":true,"href":"https:\/\/vocesparalelas.com.ar\/sitio\/wp-json\/wp\/v2\/users\/3"}],"replies":[{"embeddable":true,"href":"https:\/\/vocesparalelas.com.ar\/sitio\/wp-json\/wp\/v2\/comments?post=94373"}],"version-history":[{"count":1,"href":"https:\/\/vocesparalelas.com.ar\/sitio\/wp-json\/wp\/v2\/posts\/94373\/revisions"}],"predecessor-version":[{"id":94377,"href":"https:\/\/vocesparalelas.com.ar\/sitio\/wp-json\/wp\/v2\/posts\/94373\/revisions\/94377"}],"wp:featuredmedia":[{"embeddable":true,"href":"https:\/\/vocesparalelas.com.ar\/sitio\/wp-json\/wp\/v2\/media\/94376"}],"wp:attachment":[{"href":"https:\/\/vocesparalelas.com.ar\/sitio\/wp-json\/wp\/v2\/media?parent=94373"}],"wp:term":[{"taxonomy":"category","embeddable":true,"href":"https:\/\/vocesparalelas.com.ar\/sitio\/wp-json\/wp\/v2\/categories?post=94373"},{"taxonomy":"post_tag","embeddable":true,"href":"https:\/\/vocesparalelas.com.ar\/sitio\/wp-json\/wp\/v2\/tags?post=94373"}],"curies":[{"name":"wp","href":"https:\/\/api.w.org\/{rel}","templated":true}]}}