{"id":94369,"date":"2025-11-27T11:30:27","date_gmt":"2025-11-27T14:30:27","guid":{"rendered":"https:\/\/vocesparalelas.com.ar\/sitio\/?p=94369"},"modified":"2025-11-27T23:24:41","modified_gmt":"2025-11-28T02:24:41","slug":"el-paso-internacional-por-agua-negra-se-encuentra-habilitado-2025-2026","status":"publish","type":"post","link":"https:\/\/vocesparalelas.com.ar\/sitio\/el-paso-internacional-por-agua-negra-se-encuentra-habilitado-2025-2026\/","title":{"rendered":"El Paso Internacional por Agua Negra se encuentra Habilitado 2025 &#8211; 2026"},"content":{"rendered":"<p>El Ministerio de Gobierno de San Juan , a trav\u00e9s de la Secretar\u00eda de Relaciones Institucionales, informa que el Paso Internacional por Agua Negra, Ruta Nacional 150, se encuentra Habilitado para circular de 07:00 a 17:00 hs.<\/p>\n<p>Se recomienda a los conductores circular con luces bajas encendidas y el firme respeto a los l\u00edmites de velocidad, as\u00ed como precauci\u00f3n durante el camino debido a la presencia de personal de Vialidad Nacional, que se encuentra en el lugar realizando tareas de mantenimiento de la ruta.<\/p>\n<p><strong><span style=\"color: #0000ff;\">Tel\u00e9fonos de utilidad<\/span><\/strong><\/p>\n<p>Centro de Atenci\u00f3n al Usuario \u2013 Vialidad Nacional<br \/>\nLunes a viernes de 9 a 18 horas<br \/>\nTEL: 0800-222-6272<br \/>\n0800-333-0073<\/p>\n<p><strong><span style=\"color: #0000ff;\">Ministerio de Gobierno &#8211; Secretar\u00eda de Relaciones Institucionales<\/span><\/strong><\/p>\n<ul>\n<li>TEL:(+54) (264) 4307246 &#8211; 4307251 &#8211; 4307208 Email: coop.internacional@sanjuan.gov.ar<\/li>\n<\/ul>\n<p><strong><span style=\"color: #0000ff;\">Consulado General de la Rep\u00fablica Argentina en Valpara\u00edso<\/span><\/strong><\/p>\n<p>TEL: ( +56) (32) 2217419 \/ 2213691 \/ 2745539<br \/>\nGuardia: (+56) (9) 93238104 (Solo casos de emergencia.<br \/>\nDirecci\u00f3n: Blanco 625 5\u00ba piso, oficina 53, V Regi\u00f3n (casilla de correo No.1660). Email: cvalp@cancilleria.gob.ar<br \/>\nHorario de Atenci\u00f3n de 09 a 17hs.<\/p>\n<p><strong><span style=\"color: #0000ff;\">Gendarmer\u00eda Nacional Argentina<\/span><\/strong><\/p>\n<ul>\n<li>Guardia de prevenci\u00f3n GNA &#8211; Secci\u00f3n Las Flores TEL: (+54) (2647) 497002<\/li>\n<li>Guardia de prevenci\u00f3n GNA &#8211; Escuadr\u00f3n 25 J\u00e1chal TEL: (+54) (2647) 420473<\/li>\n<\/ul>\n<p><strong><span style=\"color: #0000ff;\">Direcci\u00f3n Nacional de Vialidad<\/span><\/strong><\/p>\n<p>TEL: (+54) (264) 4213534 &#8211; 4212966 &#8211; 4212532 Email: prensasanjuan@vialidad.gob.ar<br \/>\nMinisterio de Salud P\u00fablica &#8211; Hospital Tom\u00e1s Per\u00f3n<br \/>\nCalle Santo Domingo s\/n\u00ba, Rodeo &#8211; Iglesia &#8211; San Juan &#8211; Emergencia 107<\/p>\n<p><span style=\"color: #0000ff;\"><strong>Para llamar desde Argentina a Chile<\/strong><\/span><\/p>\n<p>A un tel\u00e9fono fijo deber\u00e1 marcar (+56)+c\u00f3d. de zona + n\u00famero de tel\u00e9fono (el c\u00f3digo de zona de La Serena &#8211; Coquimbo es 51). Para el caso de llamar a celular deber\u00e1 (+56)(9) + n\u00famero de celular.<\/p>\n<p>&nbsp;<\/p>\n<p><img loading=\"lazy\" decoding=\"async\" class=\"alignnone size-full wp-image-55101\" src=\"https:\/\/vocesparalelas.com.ar\/sitio\/wp-content\/uploads\/2022\/12\/PASO-AGUA-NEGRA-2022-02.jpg\" alt=\"\" width=\"800\" height=\"430\" srcset=\"https:\/\/vocesparalelas.com.ar\/sitio\/wp-content\/uploads\/2022\/12\/PASO-AGUA-NEGRA-2022-02.jpg 800w, https:\/\/vocesparalelas.com.ar\/sitio\/wp-content\/uploads\/2022\/12\/PASO-AGUA-NEGRA-2022-02-300x161.jpg 300w, https:\/\/vocesparalelas.com.ar\/sitio\/wp-content\/uploads\/2022\/12\/PASO-AGUA-NEGRA-2022-02-768x413.jpg 768w\" sizes=\"auto, (max-width: 800px) 100vw, 800px\" \/><\/p>\n","protected":false},"excerpt":{"rendered":"<p>El Ministerio de Gobierno de San Juan , a trav\u00e9s de la Secretar\u00eda de Relaciones Institucionales, informa que el Paso<\/p>\n","protected":false},"author":3,"featured_media":9161,"comment_status":"closed","ping_status":"closed","sticky":false,"template":"","format":"standard","meta":{"_acf_changed":false,"_seopress_robots_primary_cat":"none","_seopress_titles_title":"","_seopress_titles_desc":"","_seopress_robots_index":"","colormag_page_container_layout":"default_layout","colormag_page_sidebar_layout":"default_layout","footnotes":""},"categories":[6],"tags":[],"class_list":["post-94369","post","type-post","status-publish","format-standard","has-post-thumbnail","hentry","category-eventos"],"acf":[],"_links":{"self":[{"href":"https:\/\/vocesparalelas.com.ar\/sitio\/wp-json\/wp\/v2\/posts\/94369","targetHints":{"allow":["GET"]}}],"collection":[{"href":"https:\/\/vocesparalelas.com.ar\/sitio\/wp-json\/wp\/v2\/posts"}],"about":[{"href":"https:\/\/vocesparalelas.com.ar\/sitio\/wp-json\/wp\/v2\/types\/post"}],"author":[{"embeddable":true,"href":"https:\/\/vocesparalelas.com.ar\/sitio\/wp-json\/wp\/v2\/users\/3"}],"replies":[{"embeddable":true,"href":"https:\/\/vocesparalelas.com.ar\/sitio\/wp-json\/wp\/v2\/comments?post=94369"}],"version-history":[{"count":1,"href":"https:\/\/vocesparalelas.com.ar\/sitio\/wp-json\/wp\/v2\/posts\/94369\/revisions"}],"predecessor-version":[{"id":94372,"href":"https:\/\/vocesparalelas.com.ar\/sitio\/wp-json\/wp\/v2\/posts\/94369\/revisions\/94372"}],"wp:featuredmedia":[{"embeddable":true,"href":"https:\/\/vocesparalelas.com.ar\/sitio\/wp-json\/wp\/v2\/media\/9161"}],"wp:attachment":[{"href":"https:\/\/vocesparalelas.com.ar\/sitio\/wp-json\/wp\/v2\/media?parent=94369"}],"wp:term":[{"taxonomy":"category","embeddable":true,"href":"https:\/\/vocesparalelas.com.ar\/sitio\/wp-json\/wp\/v2\/categories?post=94369"},{"taxonomy":"post_tag","embeddable":true,"href":"https:\/\/vocesparalelas.com.ar\/sitio\/wp-json\/wp\/v2\/tags?post=94369"}],"curies":[{"name":"wp","href":"https:\/\/api.w.org\/{rel}","templated":true}]}}