{"id":94364,"date":"2025-11-27T11:23:42","date_gmt":"2025-11-27T14:23:42","guid":{"rendered":"https:\/\/vocesparalelas.com.ar\/sitio\/?p=94364"},"modified":"2025-11-27T23:25:53","modified_gmt":"2025-11-28T02:25:53","slug":"presentacion-de-la-ficha-comite-de-higiene-y-seguridad-en-el-trabajo-en-la-actividad-minera-en-san-juan","status":"publish","type":"post","link":"https:\/\/vocesparalelas.com.ar\/sitio\/presentacion-de-la-ficha-comite-de-higiene-y-seguridad-en-el-trabajo-en-la-actividad-minera-en-san-juan\/","title":{"rendered":"Presentaci\u00f3n de la ficha Comit\u00e9 de Higiene y Seguridad en el Trabajo en la Actividad Minera en San Juan"},"content":{"rendered":"<p>El Ministerio de Gobierno de San Juan, a trav\u00e9s de la Subsecretar\u00eda de Trabajo y en articulaci\u00f3n con la Superintendencia de Riesgos del Trabajo (SRT), llevar\u00e1 adelante la presentaci\u00f3n de la ficha \u201cComit\u00e9 de Higiene y Seguridad en el Trabajo en la Actividad Minera\u201d.<\/p>\n<p>La actividad se desarrolla el martes 2 de diciembre, a las 9.30, en la sala Vicegobernadores de la Legislatura Provincial, en el marco de las mesas ProNaPre.<\/p>\n<p>El encuentro tiene como objetivo difundir los lineamientos centrales de este instrumento t\u00e9cnico, elaborado para fortalecer los mecanismos de prevenci\u00f3n en una actividad estrat\u00e9gica para la provincia. La ficha define criterios para la conformaci\u00f3n y funcionamiento de los comit\u00e9s internos de higiene y seguridad, promoviendo pr\u00e1cticas laborales que contribuyan a reducir riesgos y mejorar las condiciones de trabajo.<\/p>\n<p>Equipos t\u00e9cnicos de la Subsecretar\u00eda de Trabajo y de la SRT estar\u00e1n a cargo de la presentaci\u00f3n, detallando los alcances del documento y los modos de implementaci\u00f3n previstos. La instancia se integra a la agenda conjunta de las mesas ProNaPre, orientada a actualizar herramientas, mejorar procedimientos y consolidar una cultura preventiva en el sector productivo.<\/p>\n<p>Desde el Ministerio de Gobierno destacan que esta presentaci\u00f3n representa un avance significativo en materia de seguridad laboral, al poner a disposici\u00f3n de empresas, trabajadores y especialistas una herramienta clave para fortalecer las normas de prevenci\u00f3n en la actividad minera.<\/p>\n<p><img loading=\"lazy\" decoding=\"async\" class=\"alignnone size-full wp-image-92248\" src=\"https:\/\/vocesparalelas.com.ar\/sitio\/wp-content\/uploads\/2025\/10\/MINERIA-DIITAL-SAN-JUAN-01.jpg\" alt=\"\" width=\"800\" height=\"450\" srcset=\"https:\/\/vocesparalelas.com.ar\/sitio\/wp-content\/uploads\/2025\/10\/MINERIA-DIITAL-SAN-JUAN-01.jpg 800w, https:\/\/vocesparalelas.com.ar\/sitio\/wp-content\/uploads\/2025\/10\/MINERIA-DIITAL-SAN-JUAN-01-300x169.jpg 300w, https:\/\/vocesparalelas.com.ar\/sitio\/wp-content\/uploads\/2025\/10\/MINERIA-DIITAL-SAN-JUAN-01-768x432.jpg 768w\" sizes=\"auto, (max-width: 800px) 100vw, 800px\" \/><\/p>\n","protected":false},"excerpt":{"rendered":"<p>El Ministerio de Gobierno de San Juan, a trav\u00e9s de la Subsecretar\u00eda de Trabajo y en articulaci\u00f3n con la Superintendencia<\/p>\n","protected":false},"author":3,"featured_media":94367,"comment_status":"closed","ping_status":"closed","sticky":false,"template":"","format":"standard","meta":{"_acf_changed":false,"_seopress_robots_primary_cat":"none","_seopress_titles_title":"","_seopress_titles_desc":"","_seopress_robots_index":"","colormag_page_container_layout":"default_layout","colormag_page_sidebar_layout":"default_layout","footnotes":""},"categories":[2],"tags":[],"class_list":["post-94364","post","type-post","status-publish","format-standard","has-post-thumbnail","hentry","category-convocatorias"],"acf":[],"_links":{"self":[{"href":"https:\/\/vocesparalelas.com.ar\/sitio\/wp-json\/wp\/v2\/posts\/94364","targetHints":{"allow":["GET"]}}],"collection":[{"href":"https:\/\/vocesparalelas.com.ar\/sitio\/wp-json\/wp\/v2\/posts"}],"about":[{"href":"https:\/\/vocesparalelas.com.ar\/sitio\/wp-json\/wp\/v2\/types\/post"}],"author":[{"embeddable":true,"href":"https:\/\/vocesparalelas.com.ar\/sitio\/wp-json\/wp\/v2\/users\/3"}],"replies":[{"embeddable":true,"href":"https:\/\/vocesparalelas.com.ar\/sitio\/wp-json\/wp\/v2\/comments?post=94364"}],"version-history":[{"count":2,"href":"https:\/\/vocesparalelas.com.ar\/sitio\/wp-json\/wp\/v2\/posts\/94364\/revisions"}],"predecessor-version":[{"id":94385,"href":"https:\/\/vocesparalelas.com.ar\/sitio\/wp-json\/wp\/v2\/posts\/94364\/revisions\/94385"}],"wp:featuredmedia":[{"embeddable":true,"href":"https:\/\/vocesparalelas.com.ar\/sitio\/wp-json\/wp\/v2\/media\/94367"}],"wp:attachment":[{"href":"https:\/\/vocesparalelas.com.ar\/sitio\/wp-json\/wp\/v2\/media?parent=94364"}],"wp:term":[{"taxonomy":"category","embeddable":true,"href":"https:\/\/vocesparalelas.com.ar\/sitio\/wp-json\/wp\/v2\/categories?post=94364"},{"taxonomy":"post_tag","embeddable":true,"href":"https:\/\/vocesparalelas.com.ar\/sitio\/wp-json\/wp\/v2\/tags?post=94364"}],"curies":[{"name":"wp","href":"https:\/\/api.w.org\/{rel}","templated":true}]}}