{"id":94349,"date":"2025-11-26T18:16:18","date_gmt":"2025-11-26T21:16:18","guid":{"rendered":"https:\/\/vocesparalelas.com.ar\/sitio\/?p=94349"},"modified":"2025-11-26T21:26:46","modified_gmt":"2025-11-27T00:26:46","slug":"avanza-el-tratamiento-del-proyecto-de-ley-de-transporte-de-personas-y-cargas-en-la-camara-de-diputados-de-san-juan","status":"publish","type":"post","link":"https:\/\/vocesparalelas.com.ar\/sitio\/avanza-el-tratamiento-del-proyecto-de-ley-de-transporte-de-personas-y-cargas-en-la-camara-de-diputados-de-san-juan\/","title":{"rendered":"Avanza el tratamiento del Proyecto de Ley de Transporte de Personas y Cargas en la C\u00e1mara de Diputados de San Juan"},"content":{"rendered":"<p dir=\"ltr\">En una reuni\u00f3n conjunta de las comisiones de Legislaci\u00f3n y Asuntos Constitucionales y Obras y Servicios P\u00fablicos, los diputados provinciales recibieron al secretario de Tr\u00e1nsito y Transporte, Lic. Marcelo Molina, para avanzar en el tratamiento del Proyecto de Ley de Transporte de Personas y Cargas de la provincia de San Juan.<\/p>\n<p dir=\"ltr\">El encuentro tuvo lugar en el segundo piso del edificio Anexo y fue encabezado por los presidentes de ambas comisiones, los diputados Enzo Cornejo (Obras y Servicios P\u00fablicos) y Juan de la Cruz C\u00f3rdoba (Legislaci\u00f3n y Asuntos Constitucionales).<\/p>\n<p dir=\"ltr\">Tambi\u00e9n participaron los legisladores Gustavo Usin, Andr\u00e9s Castro, Fernando Patinella, Luis Rueda, Franco Aranda, Federico Rizzo, M\u00f3nica Gonz\u00e1lez, Alejandra Leonardo, Mar\u00eda Lascano, Marcela Quiroga, Gustavo N\u00fa\u00f1ez y Gabriel S\u00e1nchez.<\/p>\n<p dir=\"ltr\">Durante la reuni\u00f3n, los diputados realizaron una revisi\u00f3n del proyecto y dialogaron sobre modificaciones a diversos art\u00edculos de la versi\u00f3n original. Asimismo, plantearon consultas t\u00e9cnicas con el fin de aclarar dudas y profundizar en aspectos espec\u00edficos de la iniciativa.<\/p>\n<p dir=\"ltr\">Cabe recordar que este proyecto tiene como objetivo ordenar y regular la prestaci\u00f3n del Servicio P\u00fablico de Transporte de Personas y Cargas, tanto individual como colectivo, dentro del territorio provincial, ya sea de manera permanente, transitoria o eventual.<\/p>\n<p dir=\"ltr\">La propuesta normativa se sustenta en los principios de accesibilidad, calidad, eficacia, eficiencia, mejora continua, modernizaci\u00f3n, regularidad, uniformidad y universalidad, orientados a optimizar el sistema de transporte en beneficio de la comunidad de\u00a0 San Juan.<\/p>\n<figure id=\"attachment_37951\" aria-describedby=\"caption-attachment-37951\" style=\"width: 800px\" class=\"wp-caption alignnone\"><img loading=\"lazy\" decoding=\"async\" class=\"size-full wp-image-37951\" src=\"https:\/\/vocesparalelas.com.ar\/sitio\/wp-content\/uploads\/2021\/05\/CAMARA-EDIFICIO.jpg\" alt=\"\" width=\"800\" height=\"515\" srcset=\"https:\/\/vocesparalelas.com.ar\/sitio\/wp-content\/uploads\/2021\/05\/CAMARA-EDIFICIO.jpg 800w, https:\/\/vocesparalelas.com.ar\/sitio\/wp-content\/uploads\/2021\/05\/CAMARA-EDIFICIO-300x193.jpg 300w, https:\/\/vocesparalelas.com.ar\/sitio\/wp-content\/uploads\/2021\/05\/CAMARA-EDIFICIO-768x494.jpg 768w\" sizes=\"auto, (max-width: 800px) 100vw, 800px\" \/><figcaption id=\"caption-attachment-37951\" class=\"wp-caption-text\">Legislatura Provincial de San Juan, Rep\u00fablica Argentina<\/figcaption><\/figure>\n<p>&nbsp;<\/p>\n","protected":false},"excerpt":{"rendered":"<p>En una reuni\u00f3n conjunta de las comisiones de Legislaci\u00f3n y Asuntos Constitucionales y Obras y Servicios P\u00fablicos, los diputados provinciales<\/p>\n","protected":false},"author":3,"featured_media":94352,"comment_status":"closed","ping_status":"closed","sticky":false,"template":"","format":"standard","meta":{"_acf_changed":false,"_seopress_robots_primary_cat":"none","_seopress_titles_title":"","_seopress_titles_desc":"","_seopress_robots_index":"","colormag_page_container_layout":"default_layout","colormag_page_sidebar_layout":"default_layout","footnotes":""},"categories":[1],"tags":[],"class_list":["post-94349","post","type-post","status-publish","format-standard","has-post-thumbnail","hentry","category-destacadas"],"acf":[],"_links":{"self":[{"href":"https:\/\/vocesparalelas.com.ar\/sitio\/wp-json\/wp\/v2\/posts\/94349","targetHints":{"allow":["GET"]}}],"collection":[{"href":"https:\/\/vocesparalelas.com.ar\/sitio\/wp-json\/wp\/v2\/posts"}],"about":[{"href":"https:\/\/vocesparalelas.com.ar\/sitio\/wp-json\/wp\/v2\/types\/post"}],"author":[{"embeddable":true,"href":"https:\/\/vocesparalelas.com.ar\/sitio\/wp-json\/wp\/v2\/users\/3"}],"replies":[{"embeddable":true,"href":"https:\/\/vocesparalelas.com.ar\/sitio\/wp-json\/wp\/v2\/comments?post=94349"}],"version-history":[{"count":1,"href":"https:\/\/vocesparalelas.com.ar\/sitio\/wp-json\/wp\/v2\/posts\/94349\/revisions"}],"predecessor-version":[{"id":94353,"href":"https:\/\/vocesparalelas.com.ar\/sitio\/wp-json\/wp\/v2\/posts\/94349\/revisions\/94353"}],"wp:featuredmedia":[{"embeddable":true,"href":"https:\/\/vocesparalelas.com.ar\/sitio\/wp-json\/wp\/v2\/media\/94352"}],"wp:attachment":[{"href":"https:\/\/vocesparalelas.com.ar\/sitio\/wp-json\/wp\/v2\/media?parent=94349"}],"wp:term":[{"taxonomy":"category","embeddable":true,"href":"https:\/\/vocesparalelas.com.ar\/sitio\/wp-json\/wp\/v2\/categories?post=94349"},{"taxonomy":"post_tag","embeddable":true,"href":"https:\/\/vocesparalelas.com.ar\/sitio\/wp-json\/wp\/v2\/tags?post=94349"}],"curies":[{"name":"wp","href":"https:\/\/api.w.org\/{rel}","templated":true}]}}