{"id":94343,"date":"2025-11-26T14:28:32","date_gmt":"2025-11-26T17:28:32","guid":{"rendered":"https:\/\/vocesparalelas.com.ar\/sitio\/?p=94343"},"modified":"2025-11-27T12:43:29","modified_gmt":"2025-11-27T15:43:29","slug":"se-habilito-el-paso-internacional-de-agua-negra-2025-2026-en-el-corredor-binacional","status":"publish","type":"post","link":"https:\/\/vocesparalelas.com.ar\/sitio\/se-habilito-el-paso-internacional-de-agua-negra-2025-2026-en-el-corredor-binacional\/","title":{"rendered":"Se habilit\u00f3 el Paso Internacional de Agua Negra 2025-2026 en el Corredor Binacional"},"content":{"rendered":"<p>Las autoridades de San Juan de Argentina y la Quinta Regi\u00f3n de Chile, presidida por el gobernador Dr. Marcelo Orrego y su par, Cristobal Juli\u00e1 de la Vega, dejaron habilitado el 26 de Noviembre de 2025 el Paso Internacional de Agua Negra. La apertura marca el inicio de la temporada 2025-2026 de este corredor binacional.<\/p>\n<p><img loading=\"lazy\" decoding=\"async\" class=\"alignnone size-full wp-image-94347\" src=\"https:\/\/vocesparalelas.com.ar\/sitio\/wp-content\/uploads\/2025\/11\/PASO-AGUA-NEGRA-2025-02.jpg\" alt=\"\" width=\"800\" height=\"533\" srcset=\"https:\/\/vocesparalelas.com.ar\/sitio\/wp-content\/uploads\/2025\/11\/PASO-AGUA-NEGRA-2025-02.jpg 800w, https:\/\/vocesparalelas.com.ar\/sitio\/wp-content\/uploads\/2025\/11\/PASO-AGUA-NEGRA-2025-02-300x200.jpg 300w, https:\/\/vocesparalelas.com.ar\/sitio\/wp-content\/uploads\/2025\/11\/PASO-AGUA-NEGRA-2025-02-768x512.jpg 768w\" sizes=\"auto, (max-width: 800px) 100vw, 800px\" \/><\/p>\n<p>Durante el acto que se realiz\u00f3 en el Hito que est\u00e1 en el l\u00edmite, el gobernador Dr. Marcelo Orrego puntualiz\u00f3 que \u00abesta apertura del camino de Agua Negra es un esfuerzo com\u00fan, con so\u00f1ar en conjunto y trabajar por un destino compartido entre sanjuaninos, argentinos y chilenos. Es un paso que consolida nuestra hermandad, potencia la posibilidad de una futura ruta comercial y se funda en desaf\u00edos superados, como el r\u00e9cord de tr\u00e1nsito del a\u00f1o pasado y la cooperaci\u00f3n ante emergencias sanitarias. Inaugurar nuevamente este paso fortalece los lazos entre ambas regiones y nos permite proyectar un futuro en el que trabajemos cada d\u00eda mejor\u00bb.<\/p>\n<p>Por su lado, Cristobal Juli\u00e1 de la Vega remarc\u00f3 que \u00abestamos consolidando una estrecha relaci\u00f3n bilateral con San Juan y este es uno de los primeros pasos para lograr la verdadera integraci\u00f3n. Esperamos que en no m\u00e1s de dos a\u00f1os podamos concretar la habilitaci\u00f3n total del paso de Agua Negra, tanto del lado argentino como del chileno. Vamos a seguir so\u00f1ando con el t\u00fanel, para que estos hitos ocurran a 3.000 metros y no a 4.800\u201d.<\/p>\n<p><iframe loading=\"lazy\" title=\"El gobernador Orrego y autoridades chilenas habilitaron el Paso de Agua Negra\" width=\"800\" height=\"450\" src=\"https:\/\/www.youtube.com\/embed\/05TshYzXH9M?feature=oembed\" frameborder=\"0\" allow=\"accelerometer; autoplay; clipboard-write; encrypted-media; gyroscope; picture-in-picture; web-share\" referrerpolicy=\"strict-origin-when-cross-origin\" allowfullscreen><\/iframe><\/p>\n<p>Participar una adem\u00e1s del acto la ministra de gobierno, Dra. Laura Palma; el alcalde; el delegado presidencial Galo Luna; el consejero regional; autoridades del Ministerio de Obras P\u00fablicas; PDI; Carabineros de Chile; Gendarmer\u00eda del sector argentino; intendentes de los departamentos del otro lado de la cordillera.<\/p>\n<p><span style=\"color: #ff6600;\"><strong>M\u00e1s datos<\/strong><\/span><\/p>\n<p>En el complejo fronterizo argentino se realizaron mejoras sustanciales: refuerzo del sistema el\u00e9ctrico, incorporaci\u00f3n de conectividad satelital m\u00f3vil, un recurso clave para sostener comunicaciones en tramos hist\u00f3ricamente cr\u00edticos, y la ampliaci\u00f3n de los espacios de trabajo y descanso del personal.<\/p>\n<p>A esto se suma un helipuerto operativo, dotado de est\u00e1ndares adecuados de seguridad para una respuesta r\u00e1pida en caso de emergencia.<\/p>\n<p><img loading=\"lazy\" decoding=\"async\" class=\"alignnone size-large wp-image-14387\" src=\"https:\/\/vocesparalelas.com.ar\/sitio\/wp-content\/uploads\/2018\/08\/BANDERA-ARGENTINA-CHILE-800x518.jpg\" alt=\"\" width=\"800\" height=\"518\" srcset=\"https:\/\/vocesparalelas.com.ar\/sitio\/wp-content\/uploads\/2018\/08\/BANDERA-ARGENTINA-CHILE-800x518.jpg 800w, https:\/\/vocesparalelas.com.ar\/sitio\/wp-content\/uploads\/2018\/08\/BANDERA-ARGENTINA-CHILE-300x194.jpg 300w, https:\/\/vocesparalelas.com.ar\/sitio\/wp-content\/uploads\/2018\/08\/BANDERA-ARGENTINA-CHILE-768x497.jpg 768w, https:\/\/vocesparalelas.com.ar\/sitio\/wp-content\/uploads\/2018\/08\/BANDERA-ARGENTINA-CHILE.jpg 1000w\" sizes=\"auto, (max-width: 800px) 100vw, 800px\" \/><\/p>\n<p>&nbsp;<\/p>\n","protected":false},"excerpt":{"rendered":"<p>Las autoridades de San Juan de Argentina y la Quinta Regi\u00f3n de Chile, presidida por el gobernador Dr. Marcelo Orrego<\/p>\n","protected":false},"author":3,"featured_media":94346,"comment_status":"closed","ping_status":"closed","sticky":false,"template":"","format":"standard","meta":{"_acf_changed":false,"_seopress_robots_primary_cat":"none","_seopress_titles_title":"","_seopress_titles_desc":"","_seopress_robots_index":"","colormag_page_container_layout":"default_layout","colormag_page_sidebar_layout":"default_layout","footnotes":""},"categories":[1,7],"tags":[],"class_list":["post-94343","post","type-post","status-publish","format-standard","has-post-thumbnail","hentry","category-destacadas","category-videos"],"acf":[],"_links":{"self":[{"href":"https:\/\/vocesparalelas.com.ar\/sitio\/wp-json\/wp\/v2\/posts\/94343","targetHints":{"allow":["GET"]}}],"collection":[{"href":"https:\/\/vocesparalelas.com.ar\/sitio\/wp-json\/wp\/v2\/posts"}],"about":[{"href":"https:\/\/vocesparalelas.com.ar\/sitio\/wp-json\/wp\/v2\/types\/post"}],"author":[{"embeddable":true,"href":"https:\/\/vocesparalelas.com.ar\/sitio\/wp-json\/wp\/v2\/users\/3"}],"replies":[{"embeddable":true,"href":"https:\/\/vocesparalelas.com.ar\/sitio\/wp-json\/wp\/v2\/comments?post=94343"}],"version-history":[{"count":2,"href":"https:\/\/vocesparalelas.com.ar\/sitio\/wp-json\/wp\/v2\/posts\/94343\/revisions"}],"predecessor-version":[{"id":94386,"href":"https:\/\/vocesparalelas.com.ar\/sitio\/wp-json\/wp\/v2\/posts\/94343\/revisions\/94386"}],"wp:featuredmedia":[{"embeddable":true,"href":"https:\/\/vocesparalelas.com.ar\/sitio\/wp-json\/wp\/v2\/media\/94346"}],"wp:attachment":[{"href":"https:\/\/vocesparalelas.com.ar\/sitio\/wp-json\/wp\/v2\/media?parent=94343"}],"wp:term":[{"taxonomy":"category","embeddable":true,"href":"https:\/\/vocesparalelas.com.ar\/sitio\/wp-json\/wp\/v2\/categories?post=94343"},{"taxonomy":"post_tag","embeddable":true,"href":"https:\/\/vocesparalelas.com.ar\/sitio\/wp-json\/wp\/v2\/tags?post=94343"}],"curies":[{"name":"wp","href":"https:\/\/api.w.org\/{rel}","templated":true}]}}