{"id":94337,"date":"2025-11-26T13:55:00","date_gmt":"2025-11-26T16:55:00","guid":{"rendered":"https:\/\/vocesparalelas.com.ar\/sitio\/?p=94337"},"modified":"2025-11-26T14:07:57","modified_gmt":"2025-11-26T17:07:57","slug":"el-ministerio-de-educacion-y-la-fundacion-banco-san-juan-entregaron-diplomas-de-postitulo-en-el-marco-de-transformar-la-secundaria","status":"publish","type":"post","link":"https:\/\/vocesparalelas.com.ar\/sitio\/el-ministerio-de-educacion-y-la-fundacion-banco-san-juan-entregaron-diplomas-de-postitulo-en-el-marco-de-transformar-la-secundaria\/","title":{"rendered":"El Ministerio de Educaci\u00f3n y la  Fundaci\u00f3n Banco San Juan entregaron diplomas de post\u00edtulo en el marco de Transformar la Secundaria"},"content":{"rendered":"<p>El programa, desarrollado conjuntamente por el Ministerio de Educaci\u00f3n de San Juan y la Fundaci\u00f3n Banco San Juan, tuvo el encuentro de cierre de las dos primeras cohortes.<\/p>\n<p>El Auditorio Franklin Rawson fue el escenario para la entrega de diplomas del programa Transformar la Secundaria, una propuesta implementada por el Ministerio de Educaci\u00f3n provincial junto a la Fundaci\u00f3n Banco San Juan, que busca fortalecer el liderazgo educativo, promover la innovaci\u00f3n pedag\u00f3gica y acompa\u00f1ar procesos de mejora continua en las instituciones de nivel secundario.<\/p>\n<p>El encuentro reuni\u00f3 a 50 directores de la primera y segunda cohorte, junto a supervisores y docentes representantes de cada escuela, quienes participaron de la jornada final en la que se entregaron los diplomas de actualizaci\u00f3n acad\u00e9mica del programa a los referentes que comenzaron el programa en 2024. La propuesta incluy\u00f3 instancias de intercambio, din\u00e1micas grupales y una recapitulaci\u00f3n del camino recorrido por la Comunidad Profesional de Aprendizaje conformada.<\/p>\n<p>La actividad cont\u00f3 con la presencia de la Lic. Mariela Lueje, Secretaria de Educaci\u00f3n; Lic. Liliana Nollens, Subsecretaria de Planeamiento Educativo; Prof. Sebasti\u00e1n Ledda, Director pedag\u00f3gico; y los Directores de \u00c1rea de Nivel: Secundaria T\u00e9cnica, Orientada y Privada.<\/p>\n<p>Por parte de las Fundaciones Grupo Petersen participaron Dra. Hilda Callegaro, Presidente de FGP, y Cecilia Hancevic, Coordinadora General. Por Fundaci\u00f3n Banco San Juan, su Secretaria Ejecutiva, Prof. Laura Adamoli, y la Coordinadora, Andrea D\u00edaz.<\/p>\n<p>\u201cCelebramos el compromiso de estos dos a\u00f1os de trabajo de los equipos directivos y docentes. La formaci\u00f3n, el intercambio profesional y la mirada estrat\u00e9gica sobre la escuela secundaria fueron clave para acompa\u00f1ar la transformaci\u00f3n en l\u00ednea con los desaf\u00edos actuales\u201d, expres\u00f3 la Prof. Laura Adamoli de Fundaci\u00f3n Banco San Juan.<\/p>\n<p>Transformar la Secundaria en San Juan, alcanza actualmente a m\u00e1s de 100 escuelas de la provincia, que contin\u00faan su formaci\u00f3n. La alianza entre sector p\u00fablico y sector privado, ha sido clave para llevar adelante acciones y propuestas en pos de logros colectivos y el desarrollo de las comunidades.<\/p>\n<p><img loading=\"lazy\" decoding=\"async\" class=\"alignnone size-full wp-image-94341\" src=\"https:\/\/vocesparalelas.com.ar\/sitio\/wp-content\/uploads\/2025\/11\/FBSJ-SECUNDARIA-CERTIFICADOS-01.jpg\" alt=\"\" width=\"800\" height=\"531\" srcset=\"https:\/\/vocesparalelas.com.ar\/sitio\/wp-content\/uploads\/2025\/11\/FBSJ-SECUNDARIA-CERTIFICADOS-01.jpg 800w, https:\/\/vocesparalelas.com.ar\/sitio\/wp-content\/uploads\/2025\/11\/FBSJ-SECUNDARIA-CERTIFICADOS-01-300x199.jpg 300w, https:\/\/vocesparalelas.com.ar\/sitio\/wp-content\/uploads\/2025\/11\/FBSJ-SECUNDARIA-CERTIFICADOS-01-768x510.jpg 768w\" sizes=\"auto, (max-width: 800px) 100vw, 800px\" \/><\/p>\n","protected":false},"excerpt":{"rendered":"<p>El programa, desarrollado conjuntamente por el Ministerio de Educaci\u00f3n de San Juan y la Fundaci\u00f3n Banco San Juan, tuvo el<\/p>\n","protected":false},"author":3,"featured_media":94340,"comment_status":"closed","ping_status":"closed","sticky":false,"template":"","format":"standard","meta":{"_acf_changed":false,"_seopress_robots_primary_cat":"none","_seopress_titles_title":"","_seopress_titles_desc":"","_seopress_robots_index":"","colormag_page_container_layout":"default_layout","colormag_page_sidebar_layout":"default_layout","footnotes":""},"categories":[1],"tags":[],"class_list":["post-94337","post","type-post","status-publish","format-standard","has-post-thumbnail","hentry","category-destacadas"],"acf":[],"_links":{"self":[{"href":"https:\/\/vocesparalelas.com.ar\/sitio\/wp-json\/wp\/v2\/posts\/94337","targetHints":{"allow":["GET"]}}],"collection":[{"href":"https:\/\/vocesparalelas.com.ar\/sitio\/wp-json\/wp\/v2\/posts"}],"about":[{"href":"https:\/\/vocesparalelas.com.ar\/sitio\/wp-json\/wp\/v2\/types\/post"}],"author":[{"embeddable":true,"href":"https:\/\/vocesparalelas.com.ar\/sitio\/wp-json\/wp\/v2\/users\/3"}],"replies":[{"embeddable":true,"href":"https:\/\/vocesparalelas.com.ar\/sitio\/wp-json\/wp\/v2\/comments?post=94337"}],"version-history":[{"count":1,"href":"https:\/\/vocesparalelas.com.ar\/sitio\/wp-json\/wp\/v2\/posts\/94337\/revisions"}],"predecessor-version":[{"id":94342,"href":"https:\/\/vocesparalelas.com.ar\/sitio\/wp-json\/wp\/v2\/posts\/94337\/revisions\/94342"}],"wp:featuredmedia":[{"embeddable":true,"href":"https:\/\/vocesparalelas.com.ar\/sitio\/wp-json\/wp\/v2\/media\/94340"}],"wp:attachment":[{"href":"https:\/\/vocesparalelas.com.ar\/sitio\/wp-json\/wp\/v2\/media?parent=94337"}],"wp:term":[{"taxonomy":"category","embeddable":true,"href":"https:\/\/vocesparalelas.com.ar\/sitio\/wp-json\/wp\/v2\/categories?post=94337"},{"taxonomy":"post_tag","embeddable":true,"href":"https:\/\/vocesparalelas.com.ar\/sitio\/wp-json\/wp\/v2\/tags?post=94337"}],"curies":[{"name":"wp","href":"https:\/\/api.w.org\/{rel}","templated":true}]}}