{"id":94333,"date":"2025-11-26T12:40:07","date_gmt":"2025-11-26T15:40:07","guid":{"rendered":"https:\/\/vocesparalelas.com.ar\/sitio\/?p=94333"},"modified":"2025-11-27T13:21:15","modified_gmt":"2025-11-27T16:21:15","slug":"544-reunion-del-comite-ejecutivo-del-consejo-federal-de-impuestos-en-san-juan","status":"publish","type":"post","link":"https:\/\/vocesparalelas.com.ar\/sitio\/544-reunion-del-comite-ejecutivo-del-consejo-federal-de-impuestos-en-san-juan\/","title":{"rendered":"544\u00b0 reuni\u00f3n del Comit\u00e9 Ejecutivo del Consejo Federal de Impuestos en San Juan"},"content":{"rendered":"<p>Los Ministros de Econom\u00eda y Hacienda de las Provincias de la Rep\u00fablica Argentina se re\u00fanen en San Juan junto a autoridades del Ministerio de Econom\u00eda de la Naci\u00f3n para analizar la situaci\u00f3n fiscal, proyecciones econ\u00f3micas y otros temas estrat\u00e9gicos referidos a la econom\u00eda nacional y provinciales<\/p>\n<p>El evento se desarrolla el Jueves, 27 y el Viernes, 28 de Noviembre, en el Sal\u00f3n Cruce de los Andes del Centro C\u00edvico se desarrolla la 544\u00b0 reuni\u00f3n del Comit\u00e9 Ejecutivo del Consejo Federal de Impuestos &#8211; CFI. El encuentro, de alto valor t\u00e9cnico y federal para debatir y coordinar pol\u00edticas p\u00fablicas en materia fiscal y presupuestaria.<\/p>\n<p>Legan a San Juan, el Secretario de Hacienda de la Naci\u00f3n, Economista Carlos Guberman; la Subsecretaria de Coordinaci\u00f3n Fiscal provincial, Lic. Valeria S\u00e1nchez, la Subsecretaria de Ingresos P\u00fablicos, CPN Claudia Balestrini; y el director Ejecutivo a cargo de la Comisi\u00f3n Federal de Impuesto, Lic. Alberto Pollola. Los mismos integran el encuentro junto a representantes provinciales, al gobernador de San Juan, Dr. Marcelo Orrego y al ministro de Econom\u00eda, Finanzas y Hacienda, CPN Roberto Guti\u00e9rrez.<\/p>\n<p>El temario incluye asuntos varios vinculados a la coordinaci\u00f3n fiscal, el seguimiento de normativas vigentes y la revisi\u00f3n de compromisos interjurisdiccionales que garantizan la transparencia y la sostenibilidad de las cuentas p\u00fablicas.<\/p>\n<ul>\n<li>La primera jornada est\u00e1 destinada a una reuni\u00f3n t\u00e9cnica a cargo de equipos especializados de cada jurisdicci\u00f3n. Este espacio permitir\u00e1 alinear criterios, revisar documentaci\u00f3n y generar los consensos necesarios para la instancia posterior.<\/li>\n<li>La segunda jornada, se dar\u00e1 inicio formal a la reuni\u00f3n del Comit\u00e9 Ejecutivo, integrada por las m\u00e1ximas autoridades econ\u00f3micas provinciales. Una vez concluida, tendr\u00e1 lugar la Reuni\u00f3n Plenaria, en la que se consolidar\u00e1n las conclusiones y acuerdos alcanzados.<\/li>\n<\/ul>\n<p>Con este encuentro, San Juan reafirma su compromiso con el federalismo fiscal, la transparencia y la construcci\u00f3n conjunta de pol\u00edticas p\u00fablicas que fortalezcan el desarrollo econ\u00f3mico del pa\u00eds.<\/p>\n<p><img loading=\"lazy\" decoding=\"async\" class=\"alignnone size-full wp-image-65642\" src=\"https:\/\/vocesparalelas.com.ar\/sitio\/wp-content\/uploads\/2023\/11\/GOBIERNO-SAN-JUAN.jpg\" alt=\"\" width=\"800\" height=\"600\" srcset=\"https:\/\/vocesparalelas.com.ar\/sitio\/wp-content\/uploads\/2023\/11\/GOBIERNO-SAN-JUAN.jpg 800w, https:\/\/vocesparalelas.com.ar\/sitio\/wp-content\/uploads\/2023\/11\/GOBIERNO-SAN-JUAN-300x225.jpg 300w, https:\/\/vocesparalelas.com.ar\/sitio\/wp-content\/uploads\/2023\/11\/GOBIERNO-SAN-JUAN-768x576.jpg 768w\" sizes=\"auto, (max-width: 800px) 100vw, 800px\" \/><\/p>\n<p>&nbsp;<\/p>\n","protected":false},"excerpt":{"rendered":"<p>Los Ministros de Econom\u00eda y Hacienda de las Provincias de la Rep\u00fablica Argentina se re\u00fanen en San Juan junto a<\/p>\n","protected":false},"author":3,"featured_media":34375,"comment_status":"closed","ping_status":"closed","sticky":false,"template":"","format":"standard","meta":{"_acf_changed":false,"_seopress_robots_primary_cat":"none","_seopress_titles_title":"","_seopress_titles_desc":"","_seopress_robots_index":"","colormag_page_container_layout":"default_layout","colormag_page_sidebar_layout":"default_layout","footnotes":""},"categories":[6],"tags":[],"class_list":["post-94333","post","type-post","status-publish","format-standard","has-post-thumbnail","hentry","category-eventos"],"acf":[],"_links":{"self":[{"href":"https:\/\/vocesparalelas.com.ar\/sitio\/wp-json\/wp\/v2\/posts\/94333","targetHints":{"allow":["GET"]}}],"collection":[{"href":"https:\/\/vocesparalelas.com.ar\/sitio\/wp-json\/wp\/v2\/posts"}],"about":[{"href":"https:\/\/vocesparalelas.com.ar\/sitio\/wp-json\/wp\/v2\/types\/post"}],"author":[{"embeddable":true,"href":"https:\/\/vocesparalelas.com.ar\/sitio\/wp-json\/wp\/v2\/users\/3"}],"replies":[{"embeddable":true,"href":"https:\/\/vocesparalelas.com.ar\/sitio\/wp-json\/wp\/v2\/comments?post=94333"}],"version-history":[{"count":1,"href":"https:\/\/vocesparalelas.com.ar\/sitio\/wp-json\/wp\/v2\/posts\/94333\/revisions"}],"predecessor-version":[{"id":94336,"href":"https:\/\/vocesparalelas.com.ar\/sitio\/wp-json\/wp\/v2\/posts\/94333\/revisions\/94336"}],"wp:featuredmedia":[{"embeddable":true,"href":"https:\/\/vocesparalelas.com.ar\/sitio\/wp-json\/wp\/v2\/media\/34375"}],"wp:attachment":[{"href":"https:\/\/vocesparalelas.com.ar\/sitio\/wp-json\/wp\/v2\/media?parent=94333"}],"wp:term":[{"taxonomy":"category","embeddable":true,"href":"https:\/\/vocesparalelas.com.ar\/sitio\/wp-json\/wp\/v2\/categories?post=94333"},{"taxonomy":"post_tag","embeddable":true,"href":"https:\/\/vocesparalelas.com.ar\/sitio\/wp-json\/wp\/v2\/tags?post=94333"}],"curies":[{"name":"wp","href":"https:\/\/api.w.org\/{rel}","templated":true}]}}