{"id":94318,"date":"2025-11-26T10:33:17","date_gmt":"2025-11-26T13:33:17","guid":{"rendered":"https:\/\/vocesparalelas.com.ar\/sitio\/?p=94318"},"modified":"2025-11-26T10:53:39","modified_gmt":"2025-11-26T13:53:39","slug":"talleres-para-padres-en-el-hospital-dr-marcial-quiroga","status":"publish","type":"post","link":"https:\/\/vocesparalelas.com.ar\/sitio\/talleres-para-padres-en-el-hospital-dr-marcial-quiroga\/","title":{"rendered":"Talleres para Padres en el Hospital Dr. Marcial Quiroga"},"content":{"rendered":"<p>El \u00c1rea de Comunicaci\u00f3n y Lenguaje del Servicio de Fonoaudiolog\u00eda del Hospital Dr. Marcial Quiroga del Ministerio de Salud del Gobierno de San Juan registra una elevada demanda de pacientes que requieren tratamiento individual y personalizado. Dado que estos procesos terap\u00e9uticos son prolongados. Por ello, se dise\u00f1\u00f3 una propuesta destinada a acompa\u00f1ar a las familias mientras aguardan su turno de atenci\u00f3n.<\/p>\n<p>En este marco, se convoc\u00f3 a los padres de la lista de espera de los pacientes para participar en talleres informativos orientados a fortalecer sus conocimientos sobre el desarrollo del lenguaje y ofrecer pautas de estimulaci\u00f3n para aplicar en el entorno familiar.<\/p>\n<p>La coordinadora del \u00c1rea de Comunicaci\u00f3n y Lenguaje del Servicio de Fonoaudiolog\u00eda del Hospital Dr. Marcial Quiroga, Lic. Ivana Rodr\u00edguez explic\u00f3 que \u00abnuestro objetivo es brindar a las familias herramientas concretas para acompa\u00f1ar el desarrollo de sus hijos, optimizando el tiempo de espera y fortaleciendo el proceso terap\u00e9utico desde el hogar\u201d.<\/p>\n<p>La iniciativa se estructur\u00f3 en dos encuentros mensuales de dos horas cada uno. Durante las jornadas, los profesionales brindaron informaci\u00f3n actualizada, respondieron dudas, revisaron mitos comunes asociados al lenguaje y generaron un espacio de intercambio en el que los participantes pudieron expresar inquietudes vinculadas al \u00e1mbito escolar, las dificultades de aprendizaje y las din\u00e1micas comunicacionales de los ni\u00f1os.<\/p>\n<p>Esta propuesta institucional, llevada a cabo por las licenciadas Ivana Rodr\u00edguez y Ayel\u00e9n Ram\u00edrez, m\u00e1s la fonoaudi\u00f3loga Laura Sastre, busca promover la participaci\u00f3n activa de las familias, optimizar los tiempos de espera y favorecer un acompa\u00f1amiento integral del desarrollo infantil.<\/p>\n<p><img loading=\"lazy\" decoding=\"async\" class=\"alignnone size-full wp-image-50515\" src=\"https:\/\/vocesparalelas.com.ar\/sitio\/wp-content\/uploads\/2022\/07\/HMQ-FRENTE.jpg\" alt=\"\" width=\"800\" height=\"600\" srcset=\"https:\/\/vocesparalelas.com.ar\/sitio\/wp-content\/uploads\/2022\/07\/HMQ-FRENTE.jpg 800w, https:\/\/vocesparalelas.com.ar\/sitio\/wp-content\/uploads\/2022\/07\/HMQ-FRENTE-300x225.jpg 300w, https:\/\/vocesparalelas.com.ar\/sitio\/wp-content\/uploads\/2022\/07\/HMQ-FRENTE-768x576.jpg 768w\" sizes=\"auto, (max-width: 800px) 100vw, 800px\" \/><\/p>\n","protected":false},"excerpt":{"rendered":"<p>El \u00c1rea de Comunicaci\u00f3n y Lenguaje del Servicio de Fonoaudiolog\u00eda del Hospital Dr. Marcial Quiroga del Ministerio de Salud del<\/p>\n","protected":false},"author":3,"featured_media":94321,"comment_status":"closed","ping_status":"closed","sticky":false,"template":"","format":"standard","meta":{"_acf_changed":false,"_seopress_robots_primary_cat":"none","_seopress_titles_title":"","_seopress_titles_desc":"","_seopress_robots_index":"","colormag_page_container_layout":"default_layout","colormag_page_sidebar_layout":"default_layout","footnotes":""},"categories":[1],"tags":[],"class_list":["post-94318","post","type-post","status-publish","format-standard","has-post-thumbnail","hentry","category-destacadas"],"acf":[],"_links":{"self":[{"href":"https:\/\/vocesparalelas.com.ar\/sitio\/wp-json\/wp\/v2\/posts\/94318","targetHints":{"allow":["GET"]}}],"collection":[{"href":"https:\/\/vocesparalelas.com.ar\/sitio\/wp-json\/wp\/v2\/posts"}],"about":[{"href":"https:\/\/vocesparalelas.com.ar\/sitio\/wp-json\/wp\/v2\/types\/post"}],"author":[{"embeddable":true,"href":"https:\/\/vocesparalelas.com.ar\/sitio\/wp-json\/wp\/v2\/users\/3"}],"replies":[{"embeddable":true,"href":"https:\/\/vocesparalelas.com.ar\/sitio\/wp-json\/wp\/v2\/comments?post=94318"}],"version-history":[{"count":3,"href":"https:\/\/vocesparalelas.com.ar\/sitio\/wp-json\/wp\/v2\/posts\/94318\/revisions"}],"predecessor-version":[{"id":94324,"href":"https:\/\/vocesparalelas.com.ar\/sitio\/wp-json\/wp\/v2\/posts\/94318\/revisions\/94324"}],"wp:featuredmedia":[{"embeddable":true,"href":"https:\/\/vocesparalelas.com.ar\/sitio\/wp-json\/wp\/v2\/media\/94321"}],"wp:attachment":[{"href":"https:\/\/vocesparalelas.com.ar\/sitio\/wp-json\/wp\/v2\/media?parent=94318"}],"wp:term":[{"taxonomy":"category","embeddable":true,"href":"https:\/\/vocesparalelas.com.ar\/sitio\/wp-json\/wp\/v2\/categories?post=94318"},{"taxonomy":"post_tag","embeddable":true,"href":"https:\/\/vocesparalelas.com.ar\/sitio\/wp-json\/wp\/v2\/tags?post=94318"}],"curies":[{"name":"wp","href":"https:\/\/api.w.org\/{rel}","templated":true}]}}