{"id":94258,"date":"2025-11-25T14:54:26","date_gmt":"2025-11-25T17:54:26","guid":{"rendered":"https:\/\/vocesparalelas.com.ar\/sitio\/?p=94258"},"modified":"2025-11-25T14:54:26","modified_gmt":"2025-11-25T17:54:26","slug":"finalizo-la-fns-2025-san-juan-mi-tierra-querida","status":"publish","type":"post","link":"https:\/\/vocesparalelas.com.ar\/sitio\/finalizo-la-fns-2025-san-juan-mi-tierra-querida\/","title":{"rendered":"Finaliz\u00f3 la FNS 2025 \u00abSan Juan, Mi tierra querida\u00bb"},"content":{"rendered":"<p>La Fiesta Nacional del Sol 2025 \u00abSan Juan, Mi tierra querida\u00bb se desarroll\u00f3 durante el 20; 21 y 22 de Noviembre, en el Estadio Bicentenario, Departamento Pocito.<\/p>\n<p>Los visitantes pudieron disfrutar de la Feria, emprendedores, stand, astronom\u00eda, m\u00fasica con cantantes de San Juan, Nacionales y el espect\u00e1culo central con m\u00e1s de 300 bailarines que deslumbraron en la puesta de escena. Otro tema interesante es que el traslado fue gratuito desde la RedTulum.<\/p>\n<p>Lleg\u00f3 el final y los responsables tuvieron que desarmar lo que se instal\u00f3 para que se vuelva a la normalidad y dejar en orden los festejos de la Fiesta Nacional del Sol 2025 \u00abSan Juan, Mi tierra querida\u00bb.<\/p>\n<p><img loading=\"lazy\" decoding=\"async\" class=\"alignnone size-full wp-image-90510\" src=\"https:\/\/vocesparalelas.com.ar\/sitio\/wp-content\/uploads\/2025\/08\/FNS-2025-01.jpg\" alt=\"\" width=\"800\" height=\"450\" srcset=\"https:\/\/vocesparalelas.com.ar\/sitio\/wp-content\/uploads\/2025\/08\/FNS-2025-01.jpg 800w, https:\/\/vocesparalelas.com.ar\/sitio\/wp-content\/uploads\/2025\/08\/FNS-2025-01-300x169.jpg 300w, https:\/\/vocesparalelas.com.ar\/sitio\/wp-content\/uploads\/2025\/08\/FNS-2025-01-768x432.jpg 768w\" sizes=\"auto, (max-width: 800px) 100vw, 800px\" \/><\/p>\n<p>El desmontaje de las estructuras instaladas en el predio de Pocito, donde el evento se desarroll\u00f3 durante cuatro d\u00edas. Adem\u00e1s, se retiraron los elementos que proteg\u00edan el c\u00e9sped del Estadio del Bicentenarios, que qued\u00f3 en perfecto estado y en \u00f3ptimas condiciones.<\/p>\n<p>Es importante recordar que vengas a disfrutar la Fiesta Nacional del Sol 2026.<\/p>\n<p><iframe loading=\"lazy\" title=\"SAN JUAN FNS 2025\" width=\"800\" height=\"450\" src=\"https:\/\/www.youtube.com\/embed\/hG6JPSqgl-k?feature=oembed\" frameborder=\"0\" allow=\"accelerometer; autoplay; clipboard-write; encrypted-media; gyroscope; picture-in-picture; web-share\" referrerpolicy=\"strict-origin-when-cross-origin\" allowfullscreen><\/iframe><\/p>\n","protected":false},"excerpt":{"rendered":"<p>La Fiesta Nacional del Sol 2025 \u00abSan Juan, Mi tierra querida\u00bb se desarroll\u00f3 durante el 20; 21 y 22 de<\/p>\n","protected":false},"author":3,"featured_media":94261,"comment_status":"closed","ping_status":"closed","sticky":false,"template":"","format":"standard","meta":{"_acf_changed":false,"_seopress_robots_primary_cat":"none","_seopress_titles_title":"","_seopress_titles_desc":"","_seopress_robots_index":"","colormag_page_container_layout":"default_layout","colormag_page_sidebar_layout":"default_layout","footnotes":""},"categories":[1,7],"tags":[],"class_list":["post-94258","post","type-post","status-publish","format-standard","has-post-thumbnail","hentry","category-destacadas","category-videos"],"acf":[],"_links":{"self":[{"href":"https:\/\/vocesparalelas.com.ar\/sitio\/wp-json\/wp\/v2\/posts\/94258","targetHints":{"allow":["GET"]}}],"collection":[{"href":"https:\/\/vocesparalelas.com.ar\/sitio\/wp-json\/wp\/v2\/posts"}],"about":[{"href":"https:\/\/vocesparalelas.com.ar\/sitio\/wp-json\/wp\/v2\/types\/post"}],"author":[{"embeddable":true,"href":"https:\/\/vocesparalelas.com.ar\/sitio\/wp-json\/wp\/v2\/users\/3"}],"replies":[{"embeddable":true,"href":"https:\/\/vocesparalelas.com.ar\/sitio\/wp-json\/wp\/v2\/comments?post=94258"}],"version-history":[{"count":1,"href":"https:\/\/vocesparalelas.com.ar\/sitio\/wp-json\/wp\/v2\/posts\/94258\/revisions"}],"predecessor-version":[{"id":94262,"href":"https:\/\/vocesparalelas.com.ar\/sitio\/wp-json\/wp\/v2\/posts\/94258\/revisions\/94262"}],"wp:featuredmedia":[{"embeddable":true,"href":"https:\/\/vocesparalelas.com.ar\/sitio\/wp-json\/wp\/v2\/media\/94261"}],"wp:attachment":[{"href":"https:\/\/vocesparalelas.com.ar\/sitio\/wp-json\/wp\/v2\/media?parent=94258"}],"wp:term":[{"taxonomy":"category","embeddable":true,"href":"https:\/\/vocesparalelas.com.ar\/sitio\/wp-json\/wp\/v2\/categories?post=94258"},{"taxonomy":"post_tag","embeddable":true,"href":"https:\/\/vocesparalelas.com.ar\/sitio\/wp-json\/wp\/v2\/tags?post=94258"}],"curies":[{"name":"wp","href":"https:\/\/api.w.org\/{rel}","templated":true}]}}