{"id":94220,"date":"2025-11-22T21:18:01","date_gmt":"2025-11-23T00:18:01","guid":{"rendered":"https:\/\/vocesparalelas.com.ar\/sitio\/?p=94220"},"modified":"2025-11-24T17:58:46","modified_gmt":"2025-11-24T20:58:46","slug":"un-rey-disruptivo-a-contracorriente","status":"publish","type":"post","link":"https:\/\/vocesparalelas.com.ar\/sitio\/un-rey-disruptivo-a-contracorriente\/","title":{"rendered":"Un Rey disruptivo, a contracorriente"},"content":{"rendered":"<p>Por el Arzobispo de San Juan de Cuyo, Monse\u00f1or Jorge Lozano<\/p>\n<p>En los cuentos de hadas y fantas\u00edas, la pobreza y la humildad suelen tener un golpe de tim\u00f3n para derivar en riqueza y esplendor, tanto de pr\u00edncipes como de princesas. Lejos de la imagen tradicional de la realeza asociada a palacios, poder y fortuna, la figura de Jes\u00fas rompe todos los esquemas. Su reino no se impone por la fuerza ni se sostiene por privilegios; es un reinado profundamente disruptivo, que desaf\u00eda las expectativas humanas y, al mismo tiempo, propone una forma de vida radicalmente nueva.<\/p>\n<p>Jes\u00fas no naci\u00f3 en la comodidad de un palacio ni bajo el amparo de una familia influyente y rica. Su llegada al mundo fue silenciosa y sencilla, en la periferia del imperio romano. Mientras los poderosos dorm\u00edan en camas confortables ubicadas en habitaciones lujosas, el Hijo de Dios irrump\u00eda en la historia humana acostado en un pesebre, rodeado de animales y bajo el cuidado de Mar\u00eda y Jos\u00e9. No hubo fiestas en la corte, ni trompetas estridentes; s\u00f3lo el susurro del viento, los \u00e1ngeles dando gloria a Dios ante la mirada asombrada de unos pastores. Este comienzo nos revela que la verdadera grandeza no depende de los privilegios ni de la fama, sino de la capacidad de abrazar la vulnerabilidad y lo peque\u00f1o.<\/p>\n<p>Lejos de tener la vida servida en bandeja, vivi\u00f3 en Nazaret como uno m\u00e1s. Aprendi\u00f3 el oficio de carpintero de manos de San Jos\u00e9, trabajando la madera y ganando el pan con el sudor de la frente. Su vida cotidiana fue un testimonio de esfuerzo, sencillez y cercan\u00eda. En el taller, entre martillos y tablas, aprendi\u00f3 el valor del trabajo honesto y la dignidad de lo simple. Esta experiencia marc\u00f3 su mensaje y su manera de mirar a las personas, reconociendo la belleza escondida en las tareas m\u00e1s humildes.<\/p>\n<p>Si algo distingue a Cristo Rey de cualquier otro monarca es la ausencia de poder terrenal. No cont\u00f3 con un ej\u00e9rcito poderoso que lo protegiera ni con riquezas acumuladas. Nunca busc\u00f3 conquistar territorios ni imponer su autoridad por la fuerza. Por el contrario, su propuesta fue revolucionaria: invit\u00f3 a seguirlo desde la libertad y el amor, sin coacci\u00f3n. Jes\u00fas jam\u00e1s utiliz\u00f3 la violencia ni el miedo para atraer seguidores; su liderazgo se sostuvo en la confianza, el servicio y la entrega.<\/p>\n<p>Su Reinado se expande como el amor y la alegr\u00eda. Crece en el coraz\u00f3n de quienes deciden abrirse a su mensaje, en las comunidades que practican la fraternidad y la solidaridad. No hay fronteras ni l\u00edmites para su influencia, porque su poder no reside en la imposici\u00f3n, sino en la capacidad de transformar vidas desde adentro. Donde hay perd\u00f3n, paz y justicia, all\u00ed florece el Reino de Dios. Este crecimiento silencioso y contagioso es la verdadera revoluci\u00f3n que propone Jes\u00fas: cambiar el mundo no por la fuerza, sino por la ternura y la generosidad.<\/p>\n<p>En contraste con las coronas relucientes de metales preciosos que llevan los reyes terrenales, Jes\u00fas recibi\u00f3 una tejida de espinas. Fue el resultado del desprecio, la burla y la traici\u00f3n. Lejos de simbolizar gloria y poder, esa corona representa el dolor asumido por amor, la entrega total y la solidaridad con quienes sufren. En la cruz, Jes\u00fas no se defendi\u00f3 ni culp\u00f3 a sus enemigos: \u201cPadre, perd\u00f3nalos, porque no saben lo que hacen\u201d (Lucas 23, 34). Eligi\u00f3 el camino de la compasi\u00f3n y la misericordia hasta el final. Su Reinado se hace visible en la capacidad de perdonar, de abrazar la fragilidad y de transformar el sufrimiento en esperanza.<\/p>\n<p>La justicia de Cristo Rey tambi\u00e9n es disruptiva. A lo largo de su ministerio, se acerc\u00f3 a los marginados, a los pecadores, a quienes la sociedad hab\u00eda desechado. En vez de se\u00f1alar y excluir, abri\u00f3 caminos de reconciliaci\u00f3n y sanaci\u00f3n. Su justicia es sanadora, restauradora, capaz de abrir puertas nuevas aun cuando todo parece perdido. Por eso su mirada tierna al buen ladr\u00f3n: \u201cHoy estar\u00e1s conmigo en el Para\u00edso\u201d (Lucas 23, 43). Es una invitaci\u00f3n constante a levantar la mirada y descubrir que, para Dios, nadie est\u00e1 fuera de la posibilidad del amor.<\/p>\n<p>La Acci\u00f3n Cat\u00f3lica celebra hoy su d\u00eda. Demos gracias a Dios por ser camino concreto de santidad para hombres y mujeres que en el bautismo reciben la hermosa vocaci\u00f3n de construir la Iglesia y renovar la sociedad seg\u00fan el Evangelio. Recemos para que sean disc\u00edpulos misioneros de Cristo Rey y Servidor.<\/p>\n<p><iframe loading=\"lazy\" title=\"SAN JUAN MONSE\u00d1OR JORGE LOZANO \" width=\"800\" height=\"450\" src=\"https:\/\/www.youtube.com\/embed\/KaMCKeZL3qM?feature=oembed\" frameborder=\"0\" allow=\"accelerometer; autoplay; clipboard-write; encrypted-media; gyroscope; picture-in-picture; web-share\" referrerpolicy=\"strict-origin-when-cross-origin\" allowfullscreen><\/iframe><\/p>\n<p>&nbsp;<\/p>\n<p><img loading=\"lazy\" decoding=\"async\" class=\"alignnone size-full wp-image-61416\" src=\"https:\/\/vocesparalelas.com.ar\/sitio\/wp-content\/uploads\/2023\/07\/ARZOBISPADO-EDIFICIO.jpg\" alt=\"\" width=\"800\" height=\"600\" srcset=\"https:\/\/vocesparalelas.com.ar\/sitio\/wp-content\/uploads\/2023\/07\/ARZOBISPADO-EDIFICIO.jpg 800w, https:\/\/vocesparalelas.com.ar\/sitio\/wp-content\/uploads\/2023\/07\/ARZOBISPADO-EDIFICIO-300x225.jpg 300w, https:\/\/vocesparalelas.com.ar\/sitio\/wp-content\/uploads\/2023\/07\/ARZOBISPADO-EDIFICIO-768x576.jpg 768w\" sizes=\"auto, (max-width: 800px) 100vw, 800px\" \/><\/p>\n","protected":false},"excerpt":{"rendered":"<p>Por el Arzobispo de San Juan de Cuyo, Monse\u00f1or Jorge Lozano En los cuentos de hadas y fantas\u00edas, la pobreza<\/p>\n","protected":false},"author":3,"featured_media":81112,"comment_status":"closed","ping_status":"closed","sticky":false,"template":"","format":"standard","meta":{"_acf_changed":false,"_seopress_robots_primary_cat":"none","_seopress_titles_title":"","_seopress_titles_desc":"","_seopress_robots_index":"","colormag_page_container_layout":"default_layout","colormag_page_sidebar_layout":"default_layout","footnotes":""},"categories":[10,7],"tags":[],"class_list":["post-94220","post","type-post","status-publish","format-standard","has-post-thumbnail","hentry","category-opiniones","category-videos"],"acf":[],"_links":{"self":[{"href":"https:\/\/vocesparalelas.com.ar\/sitio\/wp-json\/wp\/v2\/posts\/94220","targetHints":{"allow":["GET"]}}],"collection":[{"href":"https:\/\/vocesparalelas.com.ar\/sitio\/wp-json\/wp\/v2\/posts"}],"about":[{"href":"https:\/\/vocesparalelas.com.ar\/sitio\/wp-json\/wp\/v2\/types\/post"}],"author":[{"embeddable":true,"href":"https:\/\/vocesparalelas.com.ar\/sitio\/wp-json\/wp\/v2\/users\/3"}],"replies":[{"embeddable":true,"href":"https:\/\/vocesparalelas.com.ar\/sitio\/wp-json\/wp\/v2\/comments?post=94220"}],"version-history":[{"count":1,"href":"https:\/\/vocesparalelas.com.ar\/sitio\/wp-json\/wp\/v2\/posts\/94220\/revisions"}],"predecessor-version":[{"id":94223,"href":"https:\/\/vocesparalelas.com.ar\/sitio\/wp-json\/wp\/v2\/posts\/94220\/revisions\/94223"}],"wp:featuredmedia":[{"embeddable":true,"href":"https:\/\/vocesparalelas.com.ar\/sitio\/wp-json\/wp\/v2\/media\/81112"}],"wp:attachment":[{"href":"https:\/\/vocesparalelas.com.ar\/sitio\/wp-json\/wp\/v2\/media?parent=94220"}],"wp:term":[{"taxonomy":"category","embeddable":true,"href":"https:\/\/vocesparalelas.com.ar\/sitio\/wp-json\/wp\/v2\/categories?post=94220"},{"taxonomy":"post_tag","embeddable":true,"href":"https:\/\/vocesparalelas.com.ar\/sitio\/wp-json\/wp\/v2\/tags?post=94220"}],"curies":[{"name":"wp","href":"https:\/\/api.w.org\/{rel}","templated":true}]}}