{"id":94213,"date":"2025-11-22T19:15:16","date_gmt":"2025-11-22T22:15:16","guid":{"rendered":"https:\/\/vocesparalelas.com.ar\/sitio\/?p=94213"},"modified":"2025-11-22T20:06:03","modified_gmt":"2025-11-22T23:06:03","slug":"nueva-version-electronica-bailando-remix-en-san-juan","status":"publish","type":"post","link":"https:\/\/vocesparalelas.com.ar\/sitio\/nueva-version-electronica-bailando-remix-en-san-juan\/","title":{"rendered":"Nueva versi\u00f3n electr\u00f3nica \u201cBailando Remix\u00bb en San Juan"},"content":{"rendered":"<p>El m\u00fasico Fabricio Montilla lanza el S\u00e1bado, 22 de Noviembre, a las 00:00 hs \u201cBailando Remix \u2013 Montilla \/ Pandolfo \/ Zogbe\u201d, nueva versi\u00f3n electr\u00f3nica del tema grabado junto a Palo Pandolfo en 2017, coincide con el D\u00eda de la M\u00fasica y el que ser\u00eda el cumplea\u00f1os n\u00famero 61 del recordado artista.<\/p>\n<p>El remix, producido por el DJ Ale Zogbe, transforma la canci\u00f3n original en un formato house \/ latin house con drum machine, bajo de esp\u00edritu noventoso, sintetizadores y percusi\u00f3n latina. Las voces fueron tratadas para ampliar la imagen est\u00e9reo y conservar la sensibilidad de la obra.<\/p>\n<p>En este contexto, Fabricio Montilla afirma que \u00abla m\u00fasica es un organismo viviente. Cambia, respira y encuentra nuevas formas. Me emociona que una canci\u00f3n que compart\u00ed con Palo vuelva a nacer en la pista.\u201d<\/p>\n<p><span style=\"color: #ff6600;\"><strong>Pre-save y escucha<\/strong><\/span><\/p>\n<p><a href=\"https:\/\/onerpm.link\/BailandoRemix\">https:\/\/onerpm.link\/BailandoRemix<\/a><\/p>\n<p><span style=\"color: #ff6600;\"><strong>Fabricio Montilla<\/strong><\/span><\/p>\n<p>Es un m\u00fasico de San Juan con treinta a\u00f1os de carrera y autor del \u00e1lbum \u201cEncendido\u201d (2024). Ha colaborado con referentes como Palo Pandolfo, El Principe Idiota y Mariana Paraway.<\/p>\n<figure id=\"attachment_61292\" aria-describedby=\"caption-attachment-61292\" style=\"width: 800px\" class=\"wp-caption alignnone\"><img loading=\"lazy\" decoding=\"async\" class=\"size-full wp-image-61292\" src=\"https:\/\/vocesparalelas.com.ar\/sitio\/wp-content\/uploads\/2023\/07\/FABRICIO-MONTILLA.jpg\" alt=\"\" width=\"800\" height=\"454\" srcset=\"https:\/\/vocesparalelas.com.ar\/sitio\/wp-content\/uploads\/2023\/07\/FABRICIO-MONTILLA.jpg 800w, https:\/\/vocesparalelas.com.ar\/sitio\/wp-content\/uploads\/2023\/07\/FABRICIO-MONTILLA-300x170.jpg 300w, https:\/\/vocesparalelas.com.ar\/sitio\/wp-content\/uploads\/2023\/07\/FABRICIO-MONTILLA-768x436.jpg 768w\" sizes=\"auto, (max-width: 800px) 100vw, 800px\" \/><figcaption id=\"caption-attachment-61292\" class=\"wp-caption-text\">Cantante de San Juan, Fabricio Montilla<\/figcaption><\/figure>\n<p>&nbsp;<\/p>\n","protected":false},"excerpt":{"rendered":"<p>El m\u00fasico Fabricio Montilla lanza el S\u00e1bado, 22 de Noviembre, a las 00:00 hs \u201cBailando Remix \u2013 Montilla \/ Pandolfo<\/p>\n","protected":false},"author":3,"featured_media":94216,"comment_status":"closed","ping_status":"closed","sticky":false,"template":"","format":"standard","meta":{"_acf_changed":false,"_seopress_robots_primary_cat":"none","_seopress_titles_title":"","_seopress_titles_desc":"","_seopress_robots_index":"","colormag_page_container_layout":"default_layout","colormag_page_sidebar_layout":"default_layout","footnotes":""},"categories":[1],"tags":[],"class_list":["post-94213","post","type-post","status-publish","format-standard","has-post-thumbnail","hentry","category-destacadas"],"acf":[],"_links":{"self":[{"href":"https:\/\/vocesparalelas.com.ar\/sitio\/wp-json\/wp\/v2\/posts\/94213","targetHints":{"allow":["GET"]}}],"collection":[{"href":"https:\/\/vocesparalelas.com.ar\/sitio\/wp-json\/wp\/v2\/posts"}],"about":[{"href":"https:\/\/vocesparalelas.com.ar\/sitio\/wp-json\/wp\/v2\/types\/post"}],"author":[{"embeddable":true,"href":"https:\/\/vocesparalelas.com.ar\/sitio\/wp-json\/wp\/v2\/users\/3"}],"replies":[{"embeddable":true,"href":"https:\/\/vocesparalelas.com.ar\/sitio\/wp-json\/wp\/v2\/comments?post=94213"}],"version-history":[{"count":3,"href":"https:\/\/vocesparalelas.com.ar\/sitio\/wp-json\/wp\/v2\/posts\/94213\/revisions"}],"predecessor-version":[{"id":94219,"href":"https:\/\/vocesparalelas.com.ar\/sitio\/wp-json\/wp\/v2\/posts\/94213\/revisions\/94219"}],"wp:featuredmedia":[{"embeddable":true,"href":"https:\/\/vocesparalelas.com.ar\/sitio\/wp-json\/wp\/v2\/media\/94216"}],"wp:attachment":[{"href":"https:\/\/vocesparalelas.com.ar\/sitio\/wp-json\/wp\/v2\/media?parent=94213"}],"wp:term":[{"taxonomy":"category","embeddable":true,"href":"https:\/\/vocesparalelas.com.ar\/sitio\/wp-json\/wp\/v2\/categories?post=94213"},{"taxonomy":"post_tag","embeddable":true,"href":"https:\/\/vocesparalelas.com.ar\/sitio\/wp-json\/wp\/v2\/tags?post=94213"}],"curies":[{"name":"wp","href":"https:\/\/api.w.org\/{rel}","templated":true}]}}