{"id":94208,"date":"2025-11-22T14:55:39","date_gmt":"2025-11-22T17:55:39","guid":{"rendered":"https:\/\/vocesparalelas.com.ar\/sitio\/?p=94208"},"modified":"2025-11-22T14:55:48","modified_gmt":"2025-11-22T17:55:48","slug":"la-sole-nicki-nicole-y-emanero-en-la-fns-2025-san-juan-mi-tierra-querida","status":"publish","type":"post","link":"https:\/\/vocesparalelas.com.ar\/sitio\/la-sole-nicki-nicole-y-emanero-en-la-fns-2025-san-juan-mi-tierra-querida\/","title":{"rendered":"La Sole, Nicki Nicole y Emanero en la FNS 2025 \u00abSan Juan, Mi tierra Querida\u00bb"},"content":{"rendered":"<p>Los artistas nacionales se presentan en el Estadio del Bicentenario. Las entradas se pueden adquirir on line o en boleter\u00edas del predio.<\/p>\n<p><img loading=\"lazy\" decoding=\"async\" class=\"alignnone size-full wp-image-90510\" src=\"https:\/\/vocesparalelas.com.ar\/sitio\/wp-content\/uploads\/2025\/08\/FNS-2025-01.jpg\" alt=\"\" width=\"800\" height=\"450\" srcset=\"https:\/\/vocesparalelas.com.ar\/sitio\/wp-content\/uploads\/2025\/08\/FNS-2025-01.jpg 800w, https:\/\/vocesparalelas.com.ar\/sitio\/wp-content\/uploads\/2025\/08\/FNS-2025-01-300x169.jpg 300w, https:\/\/vocesparalelas.com.ar\/sitio\/wp-content\/uploads\/2025\/08\/FNS-2025-01-768x432.jpg 768w\" sizes=\"auto, (max-width: 800px) 100vw, 800px\" \/><\/p>\n<p>El S\u00e1bado, la Fiesta Nacional del Sol 2025 \u00abSan Juan, Mi tierra Querida\u00bb vibran el Estadio del Bicentenario con tres grandes artistas nacionales. Soledad Pastorotti, Nicki Nicole y Emanero cierran el line up del escenario mayor con shows para todos los gustos.<\/p>\n<p>&nbsp;<\/p>\n<p><iframe loading=\"lazy\" title=\"SAN JUAN FNS 2025 SOLEDAD PASTORUTTI\" width=\"563\" height=\"1000\" src=\"https:\/\/www.youtube.com\/embed\/PTG2-Ex1M3A?feature=oembed\" frameborder=\"0\" allow=\"accelerometer; autoplay; clipboard-write; encrypted-media; gyroscope; picture-in-picture; web-share\" referrerpolicy=\"strict-origin-when-cross-origin\" allowfullscreen><\/iframe><\/p>\n<p>&nbsp;<\/p>\n<p>Por otro lado, el Vel\u00f3dromo Vicente Chancay pueden en escena \u00abSan Juan, mi tierra querida\u00bb. Una puesta de m\u00e1s de 300 artistas con un espect\u00e1culo de lujo que convoc\u00f3 a una multitud la primera y segunda jornada. La cita para disfrutar el show ser\u00e1 a la 21.<\/p>\n<p><img loading=\"lazy\" decoding=\"async\" class=\"alignnone size-full wp-image-94171\" src=\"https:\/\/vocesparalelas.com.ar\/sitio\/wp-content\/uploads\/2025\/11\/FNS-ESPECTACULO-01.jpg\" alt=\"\" width=\"800\" height=\"459\" srcset=\"https:\/\/vocesparalelas.com.ar\/sitio\/wp-content\/uploads\/2025\/11\/FNS-ESPECTACULO-01.jpg 800w, https:\/\/vocesparalelas.com.ar\/sitio\/wp-content\/uploads\/2025\/11\/FNS-ESPECTACULO-01-300x172.jpg 300w, https:\/\/vocesparalelas.com.ar\/sitio\/wp-content\/uploads\/2025\/11\/FNS-ESPECTACULO-01-768x441.jpg 768w\" sizes=\"auto, (max-width: 800px) 100vw, 800px\" \/><\/p>\n<p>Los visitantes pueden sumarse a recorrer la Feria, con propuestas gastron\u00f3micas, entretenimiento y m\u00fasica local en vivo en escenarios de La Pe\u00f1a, Mel\u00f3dico y Energ\u00e9tico.<\/p>\n<p>Las entradas para la FNS 2025 se pueden comprar en las boleter\u00edas ubicadas en cada uno de los ingresos, de 18 a 3 de la ma\u00f1ana. El costo, tanto para la Feria como el show central en el Vel\u00f3dromo es de $5.000, mientras que los tickets para los recitales en el estadio tienen un valor diferenciado, dependiendo la ubicaci\u00f3n. Cabe destacar que estas entradas tambi\u00e9n habilitan el ingreso a feria y Vel\u00f3dromo.<\/p>\n<p>En el caso de jubilados, las entradas tienen un costo del 50% menos. Para las personas con discapacidad, la entrada ser\u00e1 gratuita presentando el carnet correspondiente.<\/p>\n<p>Contin\u00faa vigente la opci\u00f3n de viajar de manera gratuita con la RedTulum. Los colectivos partir\u00e1n desde puntos estrat\u00e9gicos de la provincia. Comenzar\u00e1n sus recorridos desde las 18 y hasta las 22, hac\u00eda Pocito y el regreso desde el estadio a los puntos estrat\u00e9gicos, ser\u00e1 a partir de las 19 y hasta que termine el \u00faltimo espect\u00e1culo. Las l\u00edneas est\u00e1n diferenciadas por colores, dependiendo de la zona de los recorridos.<\/p>\n<ul>\n<li><strong><span style=\"color: #666699;\">Grupo violeta: Capital y Rivadavia:\u00a0<\/span><\/strong>Puntos de partida: Estaci\u00f3n C\u00f3rdoba, Parque de Rivadavia, Cipolletti y Benav\u00eddez, La Bebida (calles Comercio y Yornet) y Marquesado (Parador del Ciclista).<\/li>\n<li><strong><span style=\"color: #008000;\">Grupo Verde: Chimbas y Albard\u00f3n:\u00a0<\/span><\/strong>Puntos de partida: Plaza de Chimbas, Parque de Chimbas y Plaza de Albard\u00f3n.<\/li>\n<li><span style=\"color: #00ccff;\"><strong>Grupo celeste: Santa Luc\u00eda, Caucete y 9 de Julio;\u00a0<\/strong><\/span>Puntos de partida: Plaza de Santa Luc\u00eda, Plaza de Alto de Sierra, Col\u00f3n y San Lorenzo, Terminal de Caucete, Plaza de Caucete, Plaza de 9 de Julio y Las Chacritas.<\/li>\n<li><strong><span style=\"color: #ffcc00;\">Grupo Amarillo: Rawson, Pocito y Sarmiento:\u00a0<\/span><\/strong>Puntos de partida: Plaza de Villa Krause, San Miguel y Rep\u00fablica del L\u00edbano, Plaza de Pocito, Carpinter\u00eda, La Rinconada, Plaza de Media Agua y Los Berros.<\/li>\n<\/ul>\n<p><strong><span style=\"color: #ff6600;\">Grilla de artistas por escenarios<\/span><\/strong><\/p>\n<p>Esta noche hay m\u00e1s de 40 m\u00fasicos en escena compartiendo su talento sobre los escenarios ubicados en la Feria.<\/p>\n<ul>\n<li><span style=\"color: #ff0000;\"><strong>Escenario La Pe\u00f1a<\/strong>:<\/span> Lautaro Ortiz, Edu Desimone, Adn Folk Fusi\u00f3n, Nano Rodriguez, Mateo Pintor, La Jodda, Caile, Angeles Dominguez, Manyines De Cuyo, Es La Que Va, La Oveja Negra Y Los Garc\u00eda, Ta Feroz y Palo Santto<\/li>\n<li><strong><span style=\"color: #ff00ff;\">Escenario Energ\u00e9tico:<\/span><\/strong> Quimeras, La Vip De Napoles, Para Fernalia, Gen\u00e9tica 3, Tributo A Sumo (Por Cuadros Colgados), Juana Sonora, Vainilla, Escarlata, Nacho &amp; Los Cheddar, Willy Herrera Trio, Lank, Corazon Guerrero y Huaykil.<\/li>\n<li><strong><span style=\"color: #0000ff;\">Escenario Cl\u00e1sico:<\/span> <\/strong>Alexis Morales, Diego Villegas Y Su Conjunto, Florencia Tommasini, Walter Vilches, El Duende De La Guitarra, Canciones Argentinas, Triunfadores Iracundos Por Siempre, La Gente, Gabriela Zunino, Los Arrieros Huaque\u00f1os, Tesla Jazz, Claudio Lucero Duo y Grito Andino.<\/li>\n<\/ul>\n<p><iframe loading=\"lazy\" title=\"SAN JUAN FNS 2025\" width=\"800\" height=\"450\" src=\"https:\/\/www.youtube.com\/embed\/hG6JPSqgl-k?feature=oembed\" frameborder=\"0\" allow=\"accelerometer; autoplay; clipboard-write; encrypted-media; gyroscope; picture-in-picture; web-share\" referrerpolicy=\"strict-origin-when-cross-origin\" allowfullscreen><\/iframe><\/p>\n","protected":false},"excerpt":{"rendered":"<p>Los artistas nacionales se presentan en el Estadio del Bicentenario. Las entradas se pueden adquirir on line o en boleter\u00edas<\/p>\n","protected":false},"author":3,"featured_media":94211,"comment_status":"closed","ping_status":"closed","sticky":false,"template":"","format":"standard","meta":{"_acf_changed":false,"_seopress_robots_primary_cat":"none","_seopress_titles_title":"","_seopress_titles_desc":"","_seopress_robots_index":"","colormag_page_container_layout":"default_layout","colormag_page_sidebar_layout":"default_layout","footnotes":""},"categories":[1,7],"tags":[],"class_list":["post-94208","post","type-post","status-publish","format-standard","has-post-thumbnail","hentry","category-destacadas","category-videos"],"acf":[],"_links":{"self":[{"href":"https:\/\/vocesparalelas.com.ar\/sitio\/wp-json\/wp\/v2\/posts\/94208","targetHints":{"allow":["GET"]}}],"collection":[{"href":"https:\/\/vocesparalelas.com.ar\/sitio\/wp-json\/wp\/v2\/posts"}],"about":[{"href":"https:\/\/vocesparalelas.com.ar\/sitio\/wp-json\/wp\/v2\/types\/post"}],"author":[{"embeddable":true,"href":"https:\/\/vocesparalelas.com.ar\/sitio\/wp-json\/wp\/v2\/users\/3"}],"replies":[{"embeddable":true,"href":"https:\/\/vocesparalelas.com.ar\/sitio\/wp-json\/wp\/v2\/comments?post=94208"}],"version-history":[{"count":1,"href":"https:\/\/vocesparalelas.com.ar\/sitio\/wp-json\/wp\/v2\/posts\/94208\/revisions"}],"predecessor-version":[{"id":94212,"href":"https:\/\/vocesparalelas.com.ar\/sitio\/wp-json\/wp\/v2\/posts\/94208\/revisions\/94212"}],"wp:featuredmedia":[{"embeddable":true,"href":"https:\/\/vocesparalelas.com.ar\/sitio\/wp-json\/wp\/v2\/media\/94211"}],"wp:attachment":[{"href":"https:\/\/vocesparalelas.com.ar\/sitio\/wp-json\/wp\/v2\/media?parent=94208"}],"wp:term":[{"taxonomy":"category","embeddable":true,"href":"https:\/\/vocesparalelas.com.ar\/sitio\/wp-json\/wp\/v2\/categories?post=94208"},{"taxonomy":"post_tag","embeddable":true,"href":"https:\/\/vocesparalelas.com.ar\/sitio\/wp-json\/wp\/v2\/tags?post=94208"}],"curies":[{"name":"wp","href":"https:\/\/api.w.org\/{rel}","templated":true}]}}