{"id":94198,"date":"2025-11-21T16:07:53","date_gmt":"2025-11-21T19:07:53","guid":{"rendered":"https:\/\/vocesparalelas.com.ar\/sitio\/?p=94198"},"modified":"2025-11-22T00:11:10","modified_gmt":"2025-11-22T03:11:10","slug":"candidatas-a-emprendedoras-del-sol-2025-agasajadas-por-el-gobernador-dr-marcelo-orrego","status":"publish","type":"post","link":"https:\/\/vocesparalelas.com.ar\/sitio\/candidatas-a-emprendedoras-del-sol-2025-agasajadas-por-el-gobernador-dr-marcelo-orrego\/","title":{"rendered":"Candidatas a Emprendedoras del Sol 2025 agasajadas por el gobernador, Dr. Marcelo Orrego"},"content":{"rendered":"<p>En Casa de Gobierno, 19 candidatas a Emprendedoras del Sol 2025 compartieron con el gobernador de San Juan, Dr. Marcelo Orrego sus proyectos, sus desaf\u00edos y las historias personales que dieron origen a sus emprendimientos.<\/p>\n<p><a href=\"https:\/\/fiestanacionaldelsol.com\/emprendedora-del-sol-2025\">https:\/\/fiestanacionaldelsol.com\/emprendedora-del-sol-2025<\/a><\/p>\n<p>La reuni\u00f3n se convirti\u00f3 en un espacio de di\u00e1logo genuino donde el mandatario escuch\u00f3 con atenci\u00f3n cada relato, pregunt\u00f3 detalles sobre los procesos productivos, la innovaci\u00f3n detr\u00e1s de las ideas y el impacto que cada iniciativa tiene en su comunidad. El clima fue c\u00e1lido, relajado y profundamente humano; las candidatas se sintieron c\u00f3modas, valoradas y motivadas.<\/p>\n<p><img loading=\"lazy\" decoding=\"async\" class=\"alignnone size-full wp-image-90510\" src=\"https:\/\/vocesparalelas.com.ar\/sitio\/wp-content\/uploads\/2025\/08\/FNS-2025-01.jpg\" alt=\"\" width=\"800\" height=\"450\" srcset=\"https:\/\/vocesparalelas.com.ar\/sitio\/wp-content\/uploads\/2025\/08\/FNS-2025-01.jpg 800w, https:\/\/vocesparalelas.com.ar\/sitio\/wp-content\/uploads\/2025\/08\/FNS-2025-01-300x169.jpg 300w, https:\/\/vocesparalelas.com.ar\/sitio\/wp-content\/uploads\/2025\/08\/FNS-2025-01-768x432.jpg 768w\" sizes=\"auto, (max-width: 800px) 100vw, 800px\" \/><\/p>\n<p>El gobernador estuvo acompa\u00f1ado por el ministro de Producci\u00f3n, Trabajo e Innovaci\u00f3n, CPN Gustavo Fern\u00e1ndez, quien destac\u00f3 la potencia transformadora del certamen \u201cEste programa no solo premia a una ganadora \u2014se\u00f1al\u00f3\u2014, sino que impulsa a cientos de mujeres a creer en sus ideas y a convertirlas en motor de desarrollo para San Juan\u201d. Tambi\u00e9n acompa\u00f1aron la directora de Industria y Comercio, Roc\u00edo C\u00e1rdenas y el director de Pymes y Emprendedores, Jos\u00e9 Carpino.<\/p>\n<p>La edici\u00f3n 2025 del concurso logr\u00f3 una convocatoria r\u00e9cord, superando las inscripciones del a\u00f1o anterior y consolid\u00e1ndose como un programa de fortalecimiento al trabajo de las mujeres muy valorado en la provincia. El certamen otorga apoyos econ\u00f3micos, mentor\u00edas y capacitaciones para que las emprendedoras puedan profesionalizar y escalar sus proyectos.<\/p>\n<p>Las 19 representantes departamentales reflejan la diversidad productiva de San Juan: desde iniciativas agroindustriales y propuestas tecnol\u00f3gicas, hasta emprendimientos textiles, gastron\u00f3micos, tur\u00edsticos y de servicios. Muchas de ellas compartieron c\u00f3mo sus proyectos nacieron en momentos dif\u00edciles y hoy se transformaron en fuente de orgullo familiar y comunitarios.<\/p>\n<p>\u201cCada una de ustedes es un ejemplo de coraje, creatividad y trabajo genuino. San Juan necesita este talento, y nuestro compromiso es acompa\u00f1arlas para que sus sue\u00f1os crezcan y se multipliquen\u201d.<\/p>\n<p>&nbsp;<\/p>\n<p><iframe loading=\"lazy\" title=\"SAN JUAN FNS 2025\" width=\"800\" height=\"450\" src=\"https:\/\/www.youtube.com\/embed\/hG6JPSqgl-k?feature=oembed\" frameborder=\"0\" allow=\"accelerometer; autoplay; clipboard-write; encrypted-media; gyroscope; picture-in-picture; web-share\" referrerpolicy=\"strict-origin-when-cross-origin\" allowfullscreen><\/iframe><\/p>\n","protected":false},"excerpt":{"rendered":"<p>En Casa de Gobierno, 19 candidatas a Emprendedoras del Sol 2025 compartieron con el gobernador de San Juan, Dr. Marcelo<\/p>\n","protected":false},"author":3,"featured_media":94201,"comment_status":"closed","ping_status":"closed","sticky":false,"template":"","format":"standard","meta":{"_acf_changed":false,"_seopress_robots_primary_cat":"none","_seopress_titles_title":"","_seopress_titles_desc":"","_seopress_robots_index":"","colormag_page_container_layout":"default_layout","colormag_page_sidebar_layout":"default_layout","footnotes":""},"categories":[1,7],"tags":[],"class_list":["post-94198","post","type-post","status-publish","format-standard","has-post-thumbnail","hentry","category-destacadas","category-videos"],"acf":[],"_links":{"self":[{"href":"https:\/\/vocesparalelas.com.ar\/sitio\/wp-json\/wp\/v2\/posts\/94198","targetHints":{"allow":["GET"]}}],"collection":[{"href":"https:\/\/vocesparalelas.com.ar\/sitio\/wp-json\/wp\/v2\/posts"}],"about":[{"href":"https:\/\/vocesparalelas.com.ar\/sitio\/wp-json\/wp\/v2\/types\/post"}],"author":[{"embeddable":true,"href":"https:\/\/vocesparalelas.com.ar\/sitio\/wp-json\/wp\/v2\/users\/3"}],"replies":[{"embeddable":true,"href":"https:\/\/vocesparalelas.com.ar\/sitio\/wp-json\/wp\/v2\/comments?post=94198"}],"version-history":[{"count":3,"href":"https:\/\/vocesparalelas.com.ar\/sitio\/wp-json\/wp\/v2\/posts\/94198\/revisions"}],"predecessor-version":[{"id":94204,"href":"https:\/\/vocesparalelas.com.ar\/sitio\/wp-json\/wp\/v2\/posts\/94198\/revisions\/94204"}],"wp:featuredmedia":[{"embeddable":true,"href":"https:\/\/vocesparalelas.com.ar\/sitio\/wp-json\/wp\/v2\/media\/94201"}],"wp:attachment":[{"href":"https:\/\/vocesparalelas.com.ar\/sitio\/wp-json\/wp\/v2\/media?parent=94198"}],"wp:term":[{"taxonomy":"category","embeddable":true,"href":"https:\/\/vocesparalelas.com.ar\/sitio\/wp-json\/wp\/v2\/categories?post=94198"},{"taxonomy":"post_tag","embeddable":true,"href":"https:\/\/vocesparalelas.com.ar\/sitio\/wp-json\/wp\/v2\/tags?post=94198"}],"curies":[{"name":"wp","href":"https:\/\/api.w.org\/{rel}","templated":true}]}}