{"id":94183,"date":"2025-11-21T19:19:02","date_gmt":"2025-11-21T22:19:02","guid":{"rendered":"https:\/\/vocesparalelas.com.ar\/sitio\/?p=94183"},"modified":"2025-11-24T21:45:48","modified_gmt":"2025-11-25T00:45:48","slug":"proclamacion-de-los-diputados-nacionales-de-san-juan","status":"publish","type":"post","link":"https:\/\/vocesparalelas.com.ar\/sitio\/proclamacion-de-los-diputados-nacionales-de-san-juan\/","title":{"rendered":"Proclamaci\u00f3n de los Diputados Nacionales de San Juan"},"content":{"rendered":"<p>El Jueves, 20 de Noviembre, en el auditorio Emar Acosta del edificio Anexo de la C\u00e1mara de Diputados de San Juan, se desarroll\u00f3 el acto de proclamaci\u00f3n y entrega de diplomas a los ciudadanos electos como Diputados Nacionales por la provincia de San Juan.<\/p>\n<ul>\n<li>Cristian Andino,<\/li>\n<li>Carlos Jaime Quiroga y<\/li>\n<li>Abel Chiconi.<\/li>\n<\/ul>\n<p>&nbsp;<\/p>\n<p><img loading=\"lazy\" decoding=\"async\" class=\"alignnone size-full wp-image-94187\" src=\"https:\/\/vocesparalelas.com.ar\/sitio\/wp-content\/uploads\/2025\/11\/CDSJ-DIPUTADOS-NACIONALES-01.jpg\" alt=\"\" width=\"800\" height=\"506\" srcset=\"https:\/\/vocesparalelas.com.ar\/sitio\/wp-content\/uploads\/2025\/11\/CDSJ-DIPUTADOS-NACIONALES-01.jpg 800w, https:\/\/vocesparalelas.com.ar\/sitio\/wp-content\/uploads\/2025\/11\/CDSJ-DIPUTADOS-NACIONALES-01-300x190.jpg 300w, https:\/\/vocesparalelas.com.ar\/sitio\/wp-content\/uploads\/2025\/11\/CDSJ-DIPUTADOS-NACIONALES-01-768x486.jpg 768w\" sizes=\"auto, (max-width: 800px) 100vw, 800px\" \/><\/p>\n<p>Participaron diputados provinciales; ministros y secretarios de Estado del Poder Ejecutivo; ministros de la Corte de Justicia de San Juan; el secretario del Juzgado Federal; representantes de las Fuerzas Armadas y de Seguridad; intendentes, entre otros funcionarios.<\/p>\n<p>Adem\u00e1s, la ceremonia cont\u00f3 con la presencia del presidente de la Junta Electoral Nacional y juez subrogante del Juzgado Federal N\u00ba 1, Dr. Pablo Oscar Quir\u00f3s, y de la presidenta de la Corte de Justicia de San Juan, Dra. Adriana Garc\u00eda Nieto.<\/p>\n<p>Para dar comienzo al acto, se entonaron las estrofas del Himno Nacional Argentino. Luego, el juez Dr. Pablo Quir\u00f3s tom\u00f3 la palabra y expres\u00f3 que \u00abcada ceremonia como esta reafirma nuestro compromiso con los valores republicanos, la participaci\u00f3n ciudadana y el respeto inquebrantable de la voluntad popular. Hoy culmina un proceso electoral desarrollado con transparencia, organizaci\u00f3n y alto compromiso c\u00edvico, marcado por el exitoso debut de la boleta \u00fanica papel. Su implementaci\u00f3n represent\u00f3 un avance sustancial en t\u00e9rminos de modernizaci\u00f3n y transparencia, al colocar al ciudadano en el centro del acto electoral y garantizarle mayor claridad en el momento de su elecci\u00f3n\u201d.<\/p>\n<p>\u201cEl acto al que hoy asistimos no solo representa la finalizaci\u00f3n formal del proceso, sino el inicio de nuevas responsabilidades para quienes han sido elegidos para representar al pueblo de San Juan en el Honorable Congreso de la Naci\u00f3n.\u201d<\/p>\n<p>\u201cEl voto de la ciudadan\u00eda es el verdadero coraz\u00f3n de este acto. Detr\u00e1s de cada sufragio hay una esperanza, un pedido o una necesidad. Hoy, al recibir su diploma, ustedes reciben tambi\u00e9n esos sue\u00f1os y esa confianza depositada por miles de ciudadanos sanjuaninos que anhelan y merecen un futuro mejor.\u201d<\/p>\n<p>Para finalizar, se ley\u00f3 el acta oficial y, a continuaci\u00f3n, se procedi\u00f3 a la entrega de diplomas a los tres diputados, quienes firmaron el acta, dando por concluida la ceremonia.<\/p>\n<p><iframe loading=\"lazy\" title=\"Entrega de Diplomas a Diputados Nacionales Electos.\" width=\"800\" height=\"450\" src=\"https:\/\/www.youtube.com\/embed\/RV7nqpHg7Pc?feature=oembed\" frameborder=\"0\" allow=\"accelerometer; autoplay; clipboard-write; encrypted-media; gyroscope; picture-in-picture; web-share\" referrerpolicy=\"strict-origin-when-cross-origin\" allowfullscreen><\/iframe><\/p>\n<p>&nbsp;<\/p>\n<div class=\"embera-embed-responsive embera-embed-responsive-video embera-embed-responsive-provider-youtube\"><\/div>\n","protected":false},"excerpt":{"rendered":"<p>El Jueves, 20 de Noviembre, en el auditorio Emar Acosta del edificio Anexo de la C\u00e1mara de Diputados de San<\/p>\n","protected":false},"author":3,"featured_media":94186,"comment_status":"closed","ping_status":"closed","sticky":false,"template":"","format":"standard","meta":{"_acf_changed":false,"_seopress_robots_primary_cat":"none","_seopress_titles_title":"","_seopress_titles_desc":"","_seopress_robots_index":"","colormag_page_container_layout":"default_layout","colormag_page_sidebar_layout":"default_layout","footnotes":""},"categories":[10,7],"tags":[],"class_list":["post-94183","post","type-post","status-publish","format-standard","has-post-thumbnail","hentry","category-opiniones","category-videos"],"acf":[],"_links":{"self":[{"href":"https:\/\/vocesparalelas.com.ar\/sitio\/wp-json\/wp\/v2\/posts\/94183","targetHints":{"allow":["GET"]}}],"collection":[{"href":"https:\/\/vocesparalelas.com.ar\/sitio\/wp-json\/wp\/v2\/posts"}],"about":[{"href":"https:\/\/vocesparalelas.com.ar\/sitio\/wp-json\/wp\/v2\/types\/post"}],"author":[{"embeddable":true,"href":"https:\/\/vocesparalelas.com.ar\/sitio\/wp-json\/wp\/v2\/users\/3"}],"replies":[{"embeddable":true,"href":"https:\/\/vocesparalelas.com.ar\/sitio\/wp-json\/wp\/v2\/comments?post=94183"}],"version-history":[{"count":1,"href":"https:\/\/vocesparalelas.com.ar\/sitio\/wp-json\/wp\/v2\/posts\/94183\/revisions"}],"predecessor-version":[{"id":94188,"href":"https:\/\/vocesparalelas.com.ar\/sitio\/wp-json\/wp\/v2\/posts\/94183\/revisions\/94188"}],"wp:featuredmedia":[{"embeddable":true,"href":"https:\/\/vocesparalelas.com.ar\/sitio\/wp-json\/wp\/v2\/media\/94186"}],"wp:attachment":[{"href":"https:\/\/vocesparalelas.com.ar\/sitio\/wp-json\/wp\/v2\/media?parent=94183"}],"wp:term":[{"taxonomy":"category","embeddable":true,"href":"https:\/\/vocesparalelas.com.ar\/sitio\/wp-json\/wp\/v2\/categories?post=94183"},{"taxonomy":"post_tag","embeddable":true,"href":"https:\/\/vocesparalelas.com.ar\/sitio\/wp-json\/wp\/v2\/tags?post=94183"}],"curies":[{"name":"wp","href":"https:\/\/api.w.org\/{rel}","templated":true}]}}