{"id":94173,"date":"2025-11-21T13:10:18","date_gmt":"2025-11-21T16:10:18","guid":{"rendered":"https:\/\/vocesparalelas.com.ar\/sitio\/?p=94173"},"modified":"2025-11-21T13:44:53","modified_gmt":"2025-11-21T16:44:53","slug":"el-cuarteto-se-lucio-en-la-fns-2025-san-juan-mi-tierra-querida","status":"publish","type":"post","link":"https:\/\/vocesparalelas.com.ar\/sitio\/el-cuarteto-se-lucio-en-la-fns-2025-san-juan-mi-tierra-querida\/","title":{"rendered":"El cuarteto se luci\u00f3 en la FNS 2025 \u00abSan Juan, mi Tierra querida\u00bb"},"content":{"rendered":"<p>Este jueves, la\u00a0Fiesta Nacional del Sol 2025\u00a0comenz\u00f3 con una noche a puro ritmo que convoc\u00f3 a sanjuaninos y turistas en el Estadio del Bicentenario.<\/p>\n<p><img loading=\"lazy\" decoding=\"async\" class=\"alignnone size-full wp-image-90510\" src=\"https:\/\/vocesparalelas.com.ar\/sitio\/wp-content\/uploads\/2025\/08\/FNS-2025-01.jpg\" alt=\"\" width=\"800\" height=\"450\" srcset=\"https:\/\/vocesparalelas.com.ar\/sitio\/wp-content\/uploads\/2025\/08\/FNS-2025-01.jpg 800w, https:\/\/vocesparalelas.com.ar\/sitio\/wp-content\/uploads\/2025\/08\/FNS-2025-01-300x169.jpg 300w, https:\/\/vocesparalelas.com.ar\/sitio\/wp-content\/uploads\/2025\/08\/FNS-2025-01-768x432.jpg 768w\" sizes=\"auto, (max-width: 800px) 100vw, 800px\" \/><\/p>\n<p>Desde temprano, el p\u00fablico acompa\u00f1\u00f3 a los artistas sanjuaninos que abrieron la jornada: Pijama Party, William Heredia junto a Eduardo Desimone y Omega. Sus presentaciones marcaron el inicio del clima festivo y prepararon el terreno para el resto de la programaci\u00f3n.<\/p>\n<p><iframe loading=\"lazy\" title=\"SAN JUAN FNS 2025\" width=\"800\" height=\"450\" src=\"https:\/\/www.youtube.com\/embed\/_mATjiNh-XM?feature=oembed\" frameborder=\"0\" allow=\"accelerometer; autoplay; clipboard-write; encrypted-media; gyroscope; picture-in-picture; web-share\" referrerpolicy=\"strict-origin-when-cross-origin\" allowfullscreen><\/iframe><\/p>\n<p>Luego, la grilla nacional se inaugur\u00f3 con Sabroso, que ofreci\u00f3 un recorrido por los temas m\u00e1s representativos de su trayectoria. Con una propuesta din\u00e1mica y un sonido ya reconocido, la banda dio el puntapi\u00e9 inicial a la noche de cuarteto.<\/p>\n<p>M\u00e1s tarde lleg\u00f3 el turno de Euge Quevedo y La Banda de Carlitos, que repasaron varios de los \u00e9xitos del grupo. Entre ellos sonaron \u201cCon Otra\u201d, \u201cMil Preguntas\u201d, \u201cPor el Contrario\u201d, \u201cAgon\u00eda\u201d y \u201cMe duele no verte\u201d, acompa\u00f1ados por un p\u00fablico que respondi\u00f3 a cada tema.<\/p>\n<p>Mientras que, el cierre estuvo a cargo de Q\u2019Lokura, una de las bandas m\u00e1s convocantes de la nueva generaci\u00f3n del cuarteto. Fue el verdadero broche de oro de la jornada, con hits como \u201cDisfruto\u201d y \u201cYo Era\u201d. El d\u00fao subi\u00f3 al escenario con una energ\u00eda arrolladora que termin\u00f3 de encender al Bicentenario. Su presencia, el ida y vuelta con el p\u00fablico y un repertorio que no dio respiro, consolid\u00f3 uno de los momentos m\u00e1s euf\u00f3ricos de la noche.<\/p>\n<p>As\u00ed, San Juan abri\u00f3 su fiesta mayor con una primera noche que combin\u00f3 propuestas locales, artistas de trayectoria y un p\u00fablico que llen\u00f3 el estadio para vivir el inicio de la FNS 2025 a puro baile.<\/p>\n<p><iframe loading=\"lazy\" title=\"SAN JUAN FNS 2025\" width=\"800\" height=\"450\" src=\"https:\/\/www.youtube.com\/embed\/hG6JPSqgl-k?feature=oembed\" frameborder=\"0\" allow=\"accelerometer; autoplay; clipboard-write; encrypted-media; gyroscope; picture-in-picture; web-share\" referrerpolicy=\"strict-origin-when-cross-origin\" allowfullscreen><\/iframe><\/p>\n","protected":false},"excerpt":{"rendered":"<p>Este jueves, la\u00a0Fiesta Nacional del Sol 2025\u00a0comenz\u00f3 con una noche a puro ritmo que convoc\u00f3 a sanjuaninos y turistas en<\/p>\n","protected":false},"author":3,"featured_media":94176,"comment_status":"closed","ping_status":"closed","sticky":false,"template":"","format":"standard","meta":{"_acf_changed":false,"_seopress_robots_primary_cat":"none","_seopress_titles_title":"","_seopress_titles_desc":"","_seopress_robots_index":"","colormag_page_container_layout":"default_layout","colormag_page_sidebar_layout":"default_layout","footnotes":""},"categories":[1,7],"tags":[],"class_list":["post-94173","post","type-post","status-publish","format-standard","has-post-thumbnail","hentry","category-destacadas","category-videos"],"acf":[],"_links":{"self":[{"href":"https:\/\/vocesparalelas.com.ar\/sitio\/wp-json\/wp\/v2\/posts\/94173","targetHints":{"allow":["GET"]}}],"collection":[{"href":"https:\/\/vocesparalelas.com.ar\/sitio\/wp-json\/wp\/v2\/posts"}],"about":[{"href":"https:\/\/vocesparalelas.com.ar\/sitio\/wp-json\/wp\/v2\/types\/post"}],"author":[{"embeddable":true,"href":"https:\/\/vocesparalelas.com.ar\/sitio\/wp-json\/wp\/v2\/users\/3"}],"replies":[{"embeddable":true,"href":"https:\/\/vocesparalelas.com.ar\/sitio\/wp-json\/wp\/v2\/comments?post=94173"}],"version-history":[{"count":4,"href":"https:\/\/vocesparalelas.com.ar\/sitio\/wp-json\/wp\/v2\/posts\/94173\/revisions"}],"predecessor-version":[{"id":94182,"href":"https:\/\/vocesparalelas.com.ar\/sitio\/wp-json\/wp\/v2\/posts\/94173\/revisions\/94182"}],"wp:featuredmedia":[{"embeddable":true,"href":"https:\/\/vocesparalelas.com.ar\/sitio\/wp-json\/wp\/v2\/media\/94176"}],"wp:attachment":[{"href":"https:\/\/vocesparalelas.com.ar\/sitio\/wp-json\/wp\/v2\/media?parent=94173"}],"wp:term":[{"taxonomy":"category","embeddable":true,"href":"https:\/\/vocesparalelas.com.ar\/sitio\/wp-json\/wp\/v2\/categories?post=94173"},{"taxonomy":"post_tag","embeddable":true,"href":"https:\/\/vocesparalelas.com.ar\/sitio\/wp-json\/wp\/v2\/tags?post=94173"}],"curies":[{"name":"wp","href":"https:\/\/api.w.org\/{rel}","templated":true}]}}