{"id":94167,"date":"2025-11-20T22:24:26","date_gmt":"2025-11-21T01:24:26","guid":{"rendered":"https:\/\/vocesparalelas.com.ar\/sitio\/?p=94167"},"modified":"2025-11-20T22:24:26","modified_gmt":"2025-11-21T01:24:26","slug":"identidad-e-historia-en-la-fns-2025-san-juan-mi-tierra-querida","status":"publish","type":"post","link":"https:\/\/vocesparalelas.com.ar\/sitio\/identidad-e-historia-en-la-fns-2025-san-juan-mi-tierra-querida\/","title":{"rendered":"Identidad e historia en la FNS 2025 \u00abSan Juan, Mi tierra querida\u00bb"},"content":{"rendered":"<p>Pasadas las 21 horas, del Jueves, 20 de Noviembre, se dio la apertura ofician del espect\u00e1culo central de la Fiesta Nacional del Sol 2025 \u00abSan Juan, Mi tierra querida\u00bb, en el Vel\u00f3dromo Vicente Chancay, denominado \u201cAy San Juan: Una declaraci\u00f3n de amor en canciones\u201d.<\/p>\n<p>En este primer show estuvo presente el gobernador de San Juan, Dr. Marcelo Orrego, junto al vicegobernador Dr. Fabi\u00e1n Mart\u00edn, y dem\u00e1s autoridades integrantes del gabinete provincial.<\/p>\n<figure id=\"attachment_94170\" aria-describedby=\"caption-attachment-94170\" style=\"width: 800px\" class=\"wp-caption alignnone\"><img loading=\"lazy\" decoding=\"async\" class=\"size-full wp-image-94170\" src=\"https:\/\/vocesparalelas.com.ar\/sitio\/wp-content\/uploads\/2025\/11\/FNS-MARTIN-01.jpg\" alt=\"\" width=\"800\" height=\"533\" srcset=\"https:\/\/vocesparalelas.com.ar\/sitio\/wp-content\/uploads\/2025\/11\/FNS-MARTIN-01.jpg 800w, https:\/\/vocesparalelas.com.ar\/sitio\/wp-content\/uploads\/2025\/11\/FNS-MARTIN-01-300x200.jpg 300w, https:\/\/vocesparalelas.com.ar\/sitio\/wp-content\/uploads\/2025\/11\/FNS-MARTIN-01-768x512.jpg 768w\" sizes=\"auto, (max-width: 800px) 100vw, 800px\" \/><figcaption id=\"caption-attachment-94170\" class=\"wp-caption-text\">El vicegobernador Dr. Fabi\u00e1n Mart\u00edn junto al gobernador de San Juan, Dr. Marcelo Orrego<\/figcaption><\/figure>\n<p>Se trat\u00f3 de un show combina poes\u00eda, danza, teatro y tecnolog\u00eda, para darle forma a una declaraci\u00f3n de amor al pueblo sanjuanino. Cuenta con la participaci\u00f3n de m\u00e1s de 300 artistas sanjuaninos, y se presentar\u00e1 cada noche de la fiesta.<\/p>\n<p>La previa al show estuvo a cargo del reconocido actor y conductor, Dar\u00edo Barassi, del influencer Mauricio \u201cEl Yarco\u201d Nozica, y la periodista y locutora Luciana Voiro. Los tres interactuaron con el p\u00fablico, le pusieron color, humor y calor para entretener al p\u00fablico hasta el comienzo del show art\u00edstico.<\/p>\n<p>Luego, al ritmo musical de \u201cvamos San Juan\u201d entr\u00f3 en escena una propuesta multidisciplinaria con una narrativa po\u00e9tica y musical, que celebra a San Juan a trav\u00e9s de su gente, sus tradiciones, sus paisajes y su proyecci\u00f3n hacia el futuro.<\/p>\n<p><iframe loading=\"lazy\" title=\"SAN JUAN FNS 2025\" width=\"800\" height=\"450\" src=\"https:\/\/www.youtube.com\/embed\/hG6JPSqgl-k?feature=oembed\" frameborder=\"0\" allow=\"accelerometer; autoplay; clipboard-write; encrypted-media; gyroscope; picture-in-picture; web-share\" referrerpolicy=\"strict-origin-when-cross-origin\" allowfullscreen><\/iframe><\/p>\n","protected":false},"excerpt":{"rendered":"<p>Pasadas las 21 horas, del Jueves, 20 de Noviembre, se dio la apertura ofician del espect\u00e1culo central de la Fiesta<\/p>\n","protected":false},"author":3,"featured_media":94171,"comment_status":"closed","ping_status":"closed","sticky":false,"template":"","format":"standard","meta":{"_acf_changed":false,"_seopress_robots_primary_cat":"none","_seopress_titles_title":"","_seopress_titles_desc":"","_seopress_robots_index":"","colormag_page_container_layout":"default_layout","colormag_page_sidebar_layout":"default_layout","footnotes":""},"categories":[1,7],"tags":[],"class_list":["post-94167","post","type-post","status-publish","format-standard","has-post-thumbnail","hentry","category-destacadas","category-videos"],"acf":[],"_links":{"self":[{"href":"https:\/\/vocesparalelas.com.ar\/sitio\/wp-json\/wp\/v2\/posts\/94167","targetHints":{"allow":["GET"]}}],"collection":[{"href":"https:\/\/vocesparalelas.com.ar\/sitio\/wp-json\/wp\/v2\/posts"}],"about":[{"href":"https:\/\/vocesparalelas.com.ar\/sitio\/wp-json\/wp\/v2\/types\/post"}],"author":[{"embeddable":true,"href":"https:\/\/vocesparalelas.com.ar\/sitio\/wp-json\/wp\/v2\/users\/3"}],"replies":[{"embeddable":true,"href":"https:\/\/vocesparalelas.com.ar\/sitio\/wp-json\/wp\/v2\/comments?post=94167"}],"version-history":[{"count":1,"href":"https:\/\/vocesparalelas.com.ar\/sitio\/wp-json\/wp\/v2\/posts\/94167\/revisions"}],"predecessor-version":[{"id":94172,"href":"https:\/\/vocesparalelas.com.ar\/sitio\/wp-json\/wp\/v2\/posts\/94167\/revisions\/94172"}],"wp:featuredmedia":[{"embeddable":true,"href":"https:\/\/vocesparalelas.com.ar\/sitio\/wp-json\/wp\/v2\/media\/94171"}],"wp:attachment":[{"href":"https:\/\/vocesparalelas.com.ar\/sitio\/wp-json\/wp\/v2\/media?parent=94167"}],"wp:term":[{"taxonomy":"category","embeddable":true,"href":"https:\/\/vocesparalelas.com.ar\/sitio\/wp-json\/wp\/v2\/categories?post=94167"},{"taxonomy":"post_tag","embeddable":true,"href":"https:\/\/vocesparalelas.com.ar\/sitio\/wp-json\/wp\/v2\/tags?post=94167"}],"curies":[{"name":"wp","href":"https:\/\/api.w.org\/{rel}","templated":true}]}}