{"id":94153,"date":"2025-11-20T18:42:37","date_gmt":"2025-11-20T21:42:37","guid":{"rendered":"https:\/\/vocesparalelas.com.ar\/sitio\/?p=94153"},"modified":"2025-11-20T18:45:34","modified_gmt":"2025-11-20T21:45:34","slug":"se-reprograma-la-primera-jornada-de-la-fns-2025-san-juan-mi-tierra-querida-por-alerta-meteorologico","status":"publish","type":"post","link":"https:\/\/vocesparalelas.com.ar\/sitio\/se-reprograma-la-primera-jornada-de-la-fns-2025-san-juan-mi-tierra-querida-por-alerta-meteorologico\/","title":{"rendered":"Se reprograma la primera jornada de la FNS 2025 \u00abSan Juan, Mi Tierra querida\u00bb por alerta meteorol\u00f3gico"},"content":{"rendered":"<p>El Gobierno de San Juan y la organizaci\u00f3n de la Fiesta Nacional del Sol 2025 \u00abSan Juan, Mi Tierra querida\u00bb, informan que, en raz\u00f3n del alerta meteorol\u00f3gico por vientos fuertes emitido por el Servicio Meteorol\u00f3gico Nacional para esta tarde y noche, y con el objeto de preservar la seguridad de los ciudadanos que asistan a la fiesta, se comunica que se reprograma la primera jornada que es el Jueves, 20 de Noviembre y queda dispuesta de la siguiente manera.<\/p>\n<ul>\n<li>El espect\u00e1culo central en el Vel\u00f3dromo Vicente Chancay comienza a 21:30 horas, el Jueves, 20 de Noviembre.<\/li>\n<li>El show central en el Estadio del Bicentenario comienza a partir de las 23 horas<\/li>\n<li>Se suspenden las actividades de la Feria de esta jornada incluidos patios de comidas y espect\u00e1culos locales.<\/li>\n<\/ul>\n<p><iframe loading=\"lazy\" title=\"SAN JUAN FNS 2025\" width=\"800\" height=\"450\" src=\"https:\/\/www.youtube.com\/embed\/hG6JPSqgl-k?feature=oembed\" frameborder=\"0\" allow=\"accelerometer; autoplay; clipboard-write; encrypted-media; gyroscope; picture-in-picture; web-share\" referrerpolicy=\"strict-origin-when-cross-origin\" allowfullscreen><\/iframe><\/p>\n","protected":false},"excerpt":{"rendered":"<p>El Gobierno de San Juan y la organizaci\u00f3n de la Fiesta Nacional del Sol 2025 \u00abSan Juan, Mi Tierra querida\u00bb,<\/p>\n","protected":false},"author":3,"featured_media":90510,"comment_status":"closed","ping_status":"closed","sticky":false,"template":"","format":"standard","meta":{"_acf_changed":false,"_seopress_robots_primary_cat":"none","_seopress_titles_title":"","_seopress_titles_desc":"","_seopress_robots_index":"","colormag_page_container_layout":"default_layout","colormag_page_sidebar_layout":"default_layout","footnotes":""},"categories":[1,7],"tags":[],"class_list":["post-94153","post","type-post","status-publish","format-standard","has-post-thumbnail","hentry","category-destacadas","category-videos"],"acf":[],"_links":{"self":[{"href":"https:\/\/vocesparalelas.com.ar\/sitio\/wp-json\/wp\/v2\/posts\/94153","targetHints":{"allow":["GET"]}}],"collection":[{"href":"https:\/\/vocesparalelas.com.ar\/sitio\/wp-json\/wp\/v2\/posts"}],"about":[{"href":"https:\/\/vocesparalelas.com.ar\/sitio\/wp-json\/wp\/v2\/types\/post"}],"author":[{"embeddable":true,"href":"https:\/\/vocesparalelas.com.ar\/sitio\/wp-json\/wp\/v2\/users\/3"}],"replies":[{"embeddable":true,"href":"https:\/\/vocesparalelas.com.ar\/sitio\/wp-json\/wp\/v2\/comments?post=94153"}],"version-history":[{"count":5,"href":"https:\/\/vocesparalelas.com.ar\/sitio\/wp-json\/wp\/v2\/posts\/94153\/revisions"}],"predecessor-version":[{"id":94160,"href":"https:\/\/vocesparalelas.com.ar\/sitio\/wp-json\/wp\/v2\/posts\/94153\/revisions\/94160"}],"wp:featuredmedia":[{"embeddable":true,"href":"https:\/\/vocesparalelas.com.ar\/sitio\/wp-json\/wp\/v2\/media\/90510"}],"wp:attachment":[{"href":"https:\/\/vocesparalelas.com.ar\/sitio\/wp-json\/wp\/v2\/media?parent=94153"}],"wp:term":[{"taxonomy":"category","embeddable":true,"href":"https:\/\/vocesparalelas.com.ar\/sitio\/wp-json\/wp\/v2\/categories?post=94153"},{"taxonomy":"post_tag","embeddable":true,"href":"https:\/\/vocesparalelas.com.ar\/sitio\/wp-json\/wp\/v2\/tags?post=94153"}],"curies":[{"name":"wp","href":"https:\/\/api.w.org\/{rel}","templated":true}]}}