{"id":94144,"date":"2025-11-20T18:30:52","date_gmt":"2025-11-20T21:30:52","guid":{"rendered":"https:\/\/vocesparalelas.com.ar\/sitio\/?p=94144"},"modified":"2025-11-20T18:35:34","modified_gmt":"2025-11-20T21:35:34","slug":"canada-portugal-y-chile-presente-en-la-fns-2025-san-juan-mi-tierra-querida","status":"publish","type":"post","link":"https:\/\/vocesparalelas.com.ar\/sitio\/canada-portugal-y-chile-presente-en-la-fns-2025-san-juan-mi-tierra-querida\/","title":{"rendered":"Canad\u00e1, Portugal y Chile presente en la FNS 2025 \u00abSan Juan, Mi tierra querida\u00bb"},"content":{"rendered":"<p data-start=\"285\" data-end=\"919\">En la antesala de la apertura de la Fiesta Nacional del Sol 2025 \u00abSan Juan, Mi tierra querida\u00bb , el gobernador de San Juan, Dr. Marcelo Orrego mantuvo una serie de encuentros protocolares con autoridades internacionales que llegaron a San Juan para participar del evento y fortalecer v\u00ednculos de cooperaci\u00f3n en materia econ\u00f3mica, cultural y productiva.<\/p>\n<p data-start=\"285\" data-end=\"919\">Durante la jornada, el mandatario recibi\u00f3 al embajador de Canad\u00e1 en la Rep\u00fablica Argentina, Stewart Ross Wheeler; al embajador de Portugal en la Rep\u00fablica Argentina, Gon\u00e7alo Nuno Gamito Beija de Teles Gomes; y al gobernador de la Regi\u00f3n de Coquimbo, Crist\u00f3bal Nicol\u00e1s Juli\u00e1 de la Vega, acompa\u00f1ado por consejeros regionales y alcaldes.<\/p>\n<p><iframe loading=\"lazy\" title=\"Orrego recibi\u00f3 saludos protocolares de autoridades internacionales en el marco de la FNS\" width=\"800\" height=\"450\" src=\"https:\/\/www.youtube.com\/embed\/uHPGGzZM7SE?feature=oembed\" frameborder=\"0\" allow=\"accelerometer; autoplay; clipboard-write; encrypted-media; gyroscope; picture-in-picture; web-share\" referrerpolicy=\"strict-origin-when-cross-origin\" allowfullscreen><\/iframe><\/p>\n<p data-start=\"921\" data-end=\"2047\"><span style=\"color: #ff6600;\"><strong data-start=\"921\" data-end=\"967\">Embajador de Canad\u00e1, Stewart Ross Wheeler<\/strong><\/span><\/p>\n<p data-start=\"921\" data-end=\"2047\"><img loading=\"lazy\" decoding=\"async\" class=\"alignnone size-full wp-image-94147\" src=\"https:\/\/vocesparalelas.com.ar\/sitio\/wp-content\/uploads\/2025\/11\/FNS-CANADA.jpg\" alt=\"\" width=\"800\" height=\"483\" srcset=\"https:\/\/vocesparalelas.com.ar\/sitio\/wp-content\/uploads\/2025\/11\/FNS-CANADA.jpg 800w, https:\/\/vocesparalelas.com.ar\/sitio\/wp-content\/uploads\/2025\/11\/FNS-CANADA-300x181.jpg 300w, https:\/\/vocesparalelas.com.ar\/sitio\/wp-content\/uploads\/2025\/11\/FNS-CANADA-768x464.jpg 768w\" sizes=\"auto, (max-width: 800px) 100vw, 800px\" \/><\/p>\n<p data-start=\"921\" data-end=\"2047\">\u201cSan Juan tiene una energ\u00eda positiva, estamos aqu\u00ed para la Fiesta Nacional del Sol, pero con el Gobierno a\u00f1adiendo ese nivel del foro de negocios, es un lugar de encuentro de mucho optimismo, mucha energ\u00eda positiva, porque no es una sorpresa, la gente de Canad\u00e1 est\u00e1 presente en San Juan, hemos estado durante muchos a\u00f1os en la miner\u00eda, en otros sectores, pero estamos en un momento cuando queremos subir la relaci\u00f3n a otro nivel. Ya estamos viendo un nivel, una magnitud de inversi\u00f3n canadiense y otros para grandes proyectos que van a ser motor de un desarrollo sostenible m\u00e1s amplio de solamente la miner\u00eda. La miner\u00eda ser\u00eda un ancla, pero luego eso conlleva toda una formaci\u00f3n de profesionales, de equipos, de empresas, en alianzas con empresas canadienses que est\u00e1n muy interesadas en venir y contribuir a crecer ese ecosistema econ\u00f3mico para juntos enfrentar los retos de la transici\u00f3n energ\u00e9tica mundial, que San Juan con energ\u00eda limpia, con cobre, con agroindustria tiene posibilidad de hacer una contribuci\u00f3n importante y Canad\u00e1 quiere estar all\u00ed con los sanjuaninos\u201d.<\/p>\n<p data-start=\"2049\" data-end=\"2458\"><span style=\"color: #ff6600;\"><strong data-start=\"2049\" data-end=\"2117\">Embajador de Portugal, Gon\u00e7alo Nuno Gamito Beija de Teles Gomes<\/strong><\/span><\/p>\n<p data-start=\"2049\" data-end=\"2458\">\u00a0<img loading=\"lazy\" decoding=\"async\" class=\"alignnone size-large wp-image-94150\" src=\"https:\/\/vocesparalelas.com.ar\/sitio\/wp-content\/uploads\/2025\/11\/FNS-PORTUAL-1.jpg\" alt=\"\" width=\"800\" height=\"490\" srcset=\"https:\/\/vocesparalelas.com.ar\/sitio\/wp-content\/uploads\/2025\/11\/FNS-PORTUAL-1.jpg 800w, https:\/\/vocesparalelas.com.ar\/sitio\/wp-content\/uploads\/2025\/11\/FNS-PORTUAL-1-300x184.jpg 300w, https:\/\/vocesparalelas.com.ar\/sitio\/wp-content\/uploads\/2025\/11\/FNS-PORTUAL-1-768x470.jpg 768w\" sizes=\"auto, (max-width: 800px) 100vw, 800px\" \/><\/p>\n<p data-start=\"2049\" data-end=\"2458\">\u201cAprovech\u00e9 mi instancia en San Juan para conocer mejor San Juan y ver c\u00f3mo podemos acercar San Juan y Portugal tambi\u00e9n. Y ahora tuve una conversaci\u00f3n muy buena, donde estuvimos hablando de desaf\u00edos compartidos que tienen Portugal con San Juan en temas de la gesti\u00f3n de agua, por ejemplo, la miner\u00eda y el desarrollo de energ\u00eda sostenible\u201d.<\/p>\n<p data-start=\"2460\" data-end=\"3023\"><span style=\"color: #ff6600;\"><strong data-start=\"2460\" data-end=\"2536\">Gobernador de la Regi\u00f3n de Coquimbo, Crist\u00f3bal Nicol\u00e1s Juli\u00e1 de la Vega<\/strong><\/span><\/p>\n<p data-start=\"2460\" data-end=\"3023\"><img loading=\"lazy\" decoding=\"async\" class=\"alignnone size-full wp-image-94148\" src=\"https:\/\/vocesparalelas.com.ar\/sitio\/wp-content\/uploads\/2025\/11\/FNS-PORTUAL.jpg\" alt=\"\" width=\"800\" height=\"538\" srcset=\"https:\/\/vocesparalelas.com.ar\/sitio\/wp-content\/uploads\/2025\/11\/FNS-PORTUAL.jpg 800w, https:\/\/vocesparalelas.com.ar\/sitio\/wp-content\/uploads\/2025\/11\/FNS-PORTUAL-300x202.jpg 300w, https:\/\/vocesparalelas.com.ar\/sitio\/wp-content\/uploads\/2025\/11\/FNS-PORTUAL-768x516.jpg 768w\" sizes=\"auto, (max-width: 800px) 100vw, 800px\" \/><\/p>\n<p data-start=\"2460\" data-end=\"3023\">\u201cEs una fiesta muy importante y que va a haber mucha gente. No me cae la menor duda de que cada vez que nosotros hemos estado ac\u00e1, los eventos han sido maravillosos y que esta noche nos vamos a encontrar con un evento muy lindo, de mucha unidad en esta Fiesta del Sol. \u00bfYa conoc\u00eda la provincia? S\u00ed, hab\u00eda estado en abril en el Comit\u00e9 de Integraci\u00f3n, pero ahora nunca en la Fiesta del Sol, as\u00ed que estamos muy emocionados, vamos a estar mucho tiempo ah\u00ed presenciando este gran evento\u201d.<\/p>\n<p><iframe loading=\"lazy\" title=\"SAN JUAN FNS 2025\" width=\"800\" height=\"450\" src=\"https:\/\/www.youtube.com\/embed\/hG6JPSqgl-k?feature=oembed\" frameborder=\"0\" allow=\"accelerometer; autoplay; clipboard-write; encrypted-media; gyroscope; picture-in-picture; web-share\" referrerpolicy=\"strict-origin-when-cross-origin\" allowfullscreen><\/iframe><\/p>\n<p data-start=\"2460\" data-end=\"3023\">\n","protected":false},"excerpt":{"rendered":"<p>En la antesala de la apertura de la Fiesta Nacional del Sol 2025 \u00abSan Juan, Mi tierra querida\u00bb , el<\/p>\n","protected":false},"author":3,"featured_media":78695,"comment_status":"closed","ping_status":"closed","sticky":false,"template":"","format":"standard","meta":{"_acf_changed":false,"_seopress_robots_primary_cat":"none","_seopress_titles_title":"","_seopress_titles_desc":"","_seopress_robots_index":"","colormag_page_container_layout":"default_layout","colormag_page_sidebar_layout":"default_layout","footnotes":""},"categories":[1,7],"tags":[],"class_list":["post-94144","post","type-post","status-publish","format-standard","has-post-thumbnail","hentry","category-destacadas","category-videos"],"acf":[],"_links":{"self":[{"href":"https:\/\/vocesparalelas.com.ar\/sitio\/wp-json\/wp\/v2\/posts\/94144","targetHints":{"allow":["GET"]}}],"collection":[{"href":"https:\/\/vocesparalelas.com.ar\/sitio\/wp-json\/wp\/v2\/posts"}],"about":[{"href":"https:\/\/vocesparalelas.com.ar\/sitio\/wp-json\/wp\/v2\/types\/post"}],"author":[{"embeddable":true,"href":"https:\/\/vocesparalelas.com.ar\/sitio\/wp-json\/wp\/v2\/users\/3"}],"replies":[{"embeddable":true,"href":"https:\/\/vocesparalelas.com.ar\/sitio\/wp-json\/wp\/v2\/comments?post=94144"}],"version-history":[{"count":2,"href":"https:\/\/vocesparalelas.com.ar\/sitio\/wp-json\/wp\/v2\/posts\/94144\/revisions"}],"predecessor-version":[{"id":94152,"href":"https:\/\/vocesparalelas.com.ar\/sitio\/wp-json\/wp\/v2\/posts\/94144\/revisions\/94152"}],"wp:featuredmedia":[{"embeddable":true,"href":"https:\/\/vocesparalelas.com.ar\/sitio\/wp-json\/wp\/v2\/media\/78695"}],"wp:attachment":[{"href":"https:\/\/vocesparalelas.com.ar\/sitio\/wp-json\/wp\/v2\/media?parent=94144"}],"wp:term":[{"taxonomy":"category","embeddable":true,"href":"https:\/\/vocesparalelas.com.ar\/sitio\/wp-json\/wp\/v2\/categories?post=94144"},{"taxonomy":"post_tag","embeddable":true,"href":"https:\/\/vocesparalelas.com.ar\/sitio\/wp-json\/wp\/v2\/tags?post=94144"}],"curies":[{"name":"wp","href":"https:\/\/api.w.org\/{rel}","templated":true}]}}