{"id":94127,"date":"2025-11-20T12:22:11","date_gmt":"2025-11-20T15:22:11","guid":{"rendered":"https:\/\/vocesparalelas.com.ar\/sitio\/?p=94127"},"modified":"2025-11-20T12:24:48","modified_gmt":"2025-11-20T15:24:48","slug":"guia-completa-para-disfrutar-la-fns-2025-san-juan-mi-tierra-querida","status":"publish","type":"post","link":"https:\/\/vocesparalelas.com.ar\/sitio\/guia-completa-para-disfrutar-la-fns-2025-san-juan-mi-tierra-querida\/","title":{"rendered":"Gu\u00eda completa para disfrutar la FNS 2025\u00a0 \u201cSan Juan Mi Tierra querida\u00bb"},"content":{"rendered":"<p>Comienza la m\u00e1xima celebraci\u00f3n de San Juan y durante tres jornadas; el p\u00fablico puede disfrutar la feria, el Vel\u00f3dromo y el Estadio del Bicentenario de manera segura, ordenada y entretenida.<\/p>\n<p><img loading=\"lazy\" decoding=\"async\" class=\"alignnone size-full wp-image-90510\" src=\"https:\/\/vocesparalelas.com.ar\/sitio\/wp-content\/uploads\/2025\/08\/FNS-2025-01.jpg\" alt=\"\" width=\"800\" height=\"450\" srcset=\"https:\/\/vocesparalelas.com.ar\/sitio\/wp-content\/uploads\/2025\/08\/FNS-2025-01.jpg 800w, https:\/\/vocesparalelas.com.ar\/sitio\/wp-content\/uploads\/2025\/08\/FNS-2025-01-300x169.jpg 300w, https:\/\/vocesparalelas.com.ar\/sitio\/wp-content\/uploads\/2025\/08\/FNS-2025-01-768x432.jpg 768w\" sizes=\"auto, (max-width: 800px) 100vw, 800px\" \/><\/p>\n<p>Desde el Jueves, 20 al S\u00e1bado, 22 de Noviembre se celebra una nueva edici\u00f3n de la Fiesta Nacional del Sol 2025 \u201cSan Juan, mi tierra querida\u201d en el predio del Estadio del Bicentenario.<\/p>\n<p>La celebraci\u00f3n promete deslumbrar a quienes lleguen hasta el Departamento Pocito para disfrutar de la feria, el show del Vel\u00f3dromo y recitales de artistas locales y nacionales en el escenario mayor.<\/p>\n<p>Para poder sumarse al m\u00e1ximo, los asistentes pueden tener en cuenta los detalles sobre c\u00f3mo adquirir las entradas, sus costos, v\u00edas de acceso, transporte gratuito, operativos de seguridad, patios gastron\u00f3micos y los artistas que subir\u00e1n a escena cada una de las noches.<\/p>\n<p>La edici\u00f3n 2025 de la FSN tiene una propuesta musical muy variada con m\u00e1s de 100 artistas locales que forman parte de los escenarios Energ\u00e9tico, Folclore y Mel\u00f3dico, ubicados dentro de la feria, adem\u00e1s del escenario mayor del Estadio del Bicentenario, con artistas nacionales que ser\u00e1n los encargados de dar cierre a cada una de las noches.<\/p>\n<p>El Jueves, 20 de Noviembre, es el turno del cuarteto con la presentaci\u00f3n de La Banda de Carlitos y Eugenia Quevedo. Seguido, subir\u00e1 a escena el grupo Sabroso, con una gran trayectoria y reconocidos cl\u00e1sicos del g\u00e9nero musical. El cierre est\u00e1 a cargo de Q\u00b4lokura, la banda que en muy poco tiempo logr\u00f3 cautivar a los m\u00e1s j\u00f3venes con su ritmo.<br \/>\nEl viernes 21 ser\u00e1 la noche de rock, con Estelares y algunos de sus temas m\u00e1s reconocidos como \u201cElla dijo\u201d o \u201cUn d\u00eda perfecto\u201d.<\/p>\n<p>El broche de la segunda jornada, Viernes, 21 de Noviembre, de la FNS est\u00e1 a cargo de Ciro y los Persas, la banda liderada por Andr\u00e9s Ciro Mart\u00ednez, que promete hacer vibrar al p\u00fablico con sus cl\u00e1sicos y disfrutar de la energ\u00eda del g\u00e9nero.<\/p>\n<p>Para el \u00faltimo d\u00eda, el S\u00e1bado, 22 de Noviembre, llegan a la provincia tres artistas de diferentes g\u00e9neros que convertir\u00e1n la noche en una verdadera fiesta con Soledad Pastorutti, Emanero y Nicki Nicole.<\/p>\n<p>Para disfrutar de cada uno de los shows, los interesados, podr\u00e1n adquirir sus tickets de manera presencial en las boleter\u00edas del Estadio del Bicentenario durante cada noche.<\/p>\n<p>El costo de la entrada tanto para la Feria como el show central en el Vel\u00f3dromo es de $5.000, mientras que los tickets para los shows, por noche, dentro del estadio tendr\u00e1n un costo diferenciado, dependiendo de la ubicaci\u00f3n: $10.000 (popular norte y sur), $25.000 (campo), $30.000 (platea alta) y $35.000 (platea baja numerada). En el caso de jubilados, las entradas tendr\u00e1n un costo del 50% menos. Para las personas con discapacidad, la entrada ser\u00e1 gratuita presentando el carnet correspondiente.<\/p>\n<p><strong><span style=\"color: #ff6600;\">Red Tulum con boleto gratuito<\/span><\/strong><\/p>\n<p>En esta edici\u00f3n, habr\u00e1 100 unidades dispuestas al traslado de los sanjuaninos y turistas desde puntos estrat\u00e9gicos de la provincia de manera totalmente gratuita, asegurando la llegada al predio y el regreso al hogar. Para poder identificarlas correctamente, los colectivos tendr\u00e1n un color caracter\u00edstico, dependiendo de la zona por d\u00f3nde circulen y comenzar\u00e1n sus recorridos a partir de las 18 a las 22 y el regreso desde el estadio a los puntos estrat\u00e9gicos, desde las 19 y hasta que termine el \u00faltimo espect\u00e1culo.<\/p>\n<ul>\n<li><span style=\"color: #800080;\"><strong>Grupo violeta: Capital y Rivadavia: <\/strong><\/span>Puntos de partida: Estaci\u00f3n C\u00f3rdoba, Parque de Rivadavia, Cipolletti y Benav\u00eddez, La Bebida (calles Comercio y Yornet) y Marquesado (Parador del Ciclista).<\/li>\n<li><strong><span style=\"color: #008000;\">Grupo Verde: Chimbas y Albard\u00f3n: <\/span><\/strong>Puntos de partida: Plaza de Chimbas, Parque de Chimbas y Plaza de Albard\u00f3n.<\/li>\n<li><strong><span style=\"color: #00ccff;\">Grupo celeste: Santa Luc\u00eda, Caucete y 9 de Julio; <\/span><\/strong>Puntos de partida: Plaza de Santa Luc\u00eda, Plaza de Alto de Sierra, Col\u00f3n y San Lorenzo, Terminal de Caucete, Plaza de Caucete, Plaza de 9 de Julio y Las Chacritas.<\/li>\n<li><strong><span style=\"color: #ff9900;\">Grupo Amarillo: Rawson, Pocito y Sarmiento: <\/span><\/strong>Puntos de partida: Plaza de Villa Krause, San Miguel y Rep\u00fablica del L\u00edbano, Plaza de Pocito, Carpinter\u00eda, La Rinconada, Plaza de Media Agua y Los Berros.<\/li>\n<\/ul>\n<p><strong><span style=\"color: #ff6600;\">Operativos de seguridad y accesos<\/span><\/strong><\/p>\n<p>Cabe destacar que hay \u00e1 unos 750 efectivos policiales afectados al control del tr\u00e1nsito y la seguridad dentro del predio. Para el p\u00fablico general estar\u00e1 habilitada Ruta Nacional N\u00b0 40, con salidas hacia calle 6 (sentido norte-sur) y bajada hacia calle 7 para el ingreso al predio. Tambi\u00e9n se podr\u00e1 acceder por calle General Acha, hacia el estacionamiento del estadio y desde calle Mendoza hacia el este por calles 6 y 7.<\/p>\n<p>Es importante recordar, que no hay circulaci\u00f3n vehicular en el lateral este de Ruta N\u00b0 40 entre calles 6 y 7, con el fin de facilitar el tr\u00e1nsito peatonal y el desplazamiento de los dispositivos de emergencia<\/p>\n<p>Para resguardar la seguridad del p\u00fablico, se dio a conocer un listado de los elementos permitidos y prohibidos para el ingreso al predio<\/p>\n<p>As\u00ed, el p\u00fablico puede llevar mate y termo, botellas vac\u00edas, ya que hay puestos de hidrataci\u00f3n en el predio, repelente de insectos, protector solar, coche de beb\u00e9, productos de higiene personal, mantas o almohadones peque\u00f1os, medicamentos, alimentos especiales para quienes los necesiten, largavistas, ri\u00f1oneras o mochilas medianas, bater\u00edas port\u00e1tiles o cables de carga para el celular.<\/p>\n<p>En el caso de los objetos prohibidos, no se podr\u00e1 ingresar con sustancias ilegales, bebidas alcoh\u00f3licas o energ\u00e9ticas, termos con l\u00edquido, sillas o reposeras, heladeritas, carpas, sillas y reposeras, monopatines, bicicletas, rayos l\u00e1ser, equipo profesional de fotograf\u00eda, banderas con palos, pirotecnia, elementos punzantes, sombrillas, animales, drones, pelotas, cadenas largas o con picos.<\/p>\n<p><strong><span style=\"color: #ff6600;\">Opciones gastron\u00f3micas<\/span><\/strong><\/p>\n<p>Las inmediaciones de cada escenario cuenta con su opci\u00f3n gastron\u00f3mica para que el espectador pueda disfrutar de los shows sin desplazarse grandes distancias. Distribuidos en la feria hay m\u00e1s de cien puestos con una gran variedad de opciones para consumir, que ir\u00e1n desde platos m\u00e1s elaborados, como pastas, parrilladas y hasta la tradicional comida r\u00e1pida. Cabe destacar que tambi\u00e9n hay opciones sin tacc. Los pagos pueden hacerse a trav\u00e9s de billeteras virtuales o en efectivo.<\/p>\n<p><iframe loading=\"lazy\" title=\"SAN JUAN FNS 2025\" width=\"800\" height=\"450\" src=\"https:\/\/www.youtube.com\/embed\/hG6JPSqgl-k?feature=oembed\" frameborder=\"0\" allow=\"accelerometer; autoplay; clipboard-write; encrypted-media; gyroscope; picture-in-picture; web-share\" referrerpolicy=\"strict-origin-when-cross-origin\" allowfullscreen><\/iframe><\/p>\n","protected":false},"excerpt":{"rendered":"<p>Comienza la m\u00e1xima celebraci\u00f3n de San Juan y durante tres jornadas; el p\u00fablico puede disfrutar la feria, el Vel\u00f3dromo y<\/p>\n","protected":false},"author":3,"featured_media":55776,"comment_status":"closed","ping_status":"closed","sticky":false,"template":"","format":"standard","meta":{"_acf_changed":false,"_seopress_robots_primary_cat":"none","_seopress_titles_title":"","_seopress_titles_desc":"","_seopress_robots_index":"","colormag_page_container_layout":"default_layout","colormag_page_sidebar_layout":"default_layout","footnotes":""},"categories":[1,7],"tags":[],"class_list":["post-94127","post","type-post","status-publish","format-standard","has-post-thumbnail","hentry","category-destacadas","category-videos"],"acf":[],"_links":{"self":[{"href":"https:\/\/vocesparalelas.com.ar\/sitio\/wp-json\/wp\/v2\/posts\/94127","targetHints":{"allow":["GET"]}}],"collection":[{"href":"https:\/\/vocesparalelas.com.ar\/sitio\/wp-json\/wp\/v2\/posts"}],"about":[{"href":"https:\/\/vocesparalelas.com.ar\/sitio\/wp-json\/wp\/v2\/types\/post"}],"author":[{"embeddable":true,"href":"https:\/\/vocesparalelas.com.ar\/sitio\/wp-json\/wp\/v2\/users\/3"}],"replies":[{"embeddable":true,"href":"https:\/\/vocesparalelas.com.ar\/sitio\/wp-json\/wp\/v2\/comments?post=94127"}],"version-history":[{"count":3,"href":"https:\/\/vocesparalelas.com.ar\/sitio\/wp-json\/wp\/v2\/posts\/94127\/revisions"}],"predecessor-version":[{"id":94132,"href":"https:\/\/vocesparalelas.com.ar\/sitio\/wp-json\/wp\/v2\/posts\/94127\/revisions\/94132"}],"wp:featuredmedia":[{"embeddable":true,"href":"https:\/\/vocesparalelas.com.ar\/sitio\/wp-json\/wp\/v2\/media\/55776"}],"wp:attachment":[{"href":"https:\/\/vocesparalelas.com.ar\/sitio\/wp-json\/wp\/v2\/media?parent=94127"}],"wp:term":[{"taxonomy":"category","embeddable":true,"href":"https:\/\/vocesparalelas.com.ar\/sitio\/wp-json\/wp\/v2\/categories?post=94127"},{"taxonomy":"post_tag","embeddable":true,"href":"https:\/\/vocesparalelas.com.ar\/sitio\/wp-json\/wp\/v2\/tags?post=94127"}],"curies":[{"name":"wp","href":"https:\/\/api.w.org\/{rel}","templated":true}]}}