{"id":94121,"date":"2025-11-20T11:33:51","date_gmt":"2025-11-20T14:33:51","guid":{"rendered":"https:\/\/vocesparalelas.com.ar\/sitio\/?p=94121"},"modified":"2025-11-20T22:26:57","modified_gmt":"2025-11-21T01:26:57","slug":"la-banca-de-diputado-nacional-por-san-juan-es-asumida-por-carlos-jaime","status":"publish","type":"post","link":"https:\/\/vocesparalelas.com.ar\/sitio\/la-banca-de-diputado-nacional-por-san-juan-es-asumida-por-carlos-jaime\/","title":{"rendered":"La banca de Diputado Nacional por San Juan es asumida por Carlos Jaime"},"content":{"rendered":"<p>El gobernador de San Juan, Dr. Marcelo Orrego, tras analizar los desaf\u00edos del actual contexto nacional y provincial, ha solicitado al vicegobernador Dr. Fabi\u00e1n Mart\u00edn que contin\u00fae al frente de la Vicegobernaci\u00f3n de San Juan.<\/p>\n<p>El gobernador entiende que, ante el nuevo escenario pol\u00edtico nacional, el rol de Fabi\u00e1n Mart\u00edn es estrat\u00e9gico en esta etapa para liderar la C\u00e1mara de Diputados y asegurar los consensos necesarios que permitan agilizar y profundizar las transformaciones que la provincia ha iniciado. Su capacidad de di\u00e1logo y experiencia son activos fundamentales para la gesti\u00f3n de gobierno en la provincia.<\/p>\n<p>Priorizando los intereses de San Juan por sobre cualquier cargo nacional, el vicegobernador Mart\u00edn ha acompa\u00f1ado esta visi\u00f3n estrat\u00e9gica, ratificando su compromiso con la gesti\u00f3n provincial.<\/p>\n<p>Asimismo, el diputado Dr. Federico Rizo ha decidido continuar abocado a su labor en la Legislatura local.<\/p>\n<p>En consecuencia, la banca de Diputado Nacional ser\u00e1 asumida por Carlos Jaime. El actual diputado provincial cuenta con la plena confianza del gobernador y del espacio pol\u00edtico para ser la voz de San Juan en el Congreso, con la misi\u00f3n clara de defender los recursos y los intereses de la provincia en el debate nacional.<\/p>\n<p><span style=\"color: #0000ff;\"><strong>Datos de Carlos Jaime<\/strong><\/span><\/p>\n<ul>\n<li>Director de Juventud de Santa Luc\u00eda 2011-2015<\/li>\n<li>Direcci\u00f3n de Contadur\u00eda del Municipio de Santa Luc\u00eda, \u00c1rea imputaciones<\/li>\n<li>Concejal Municipio de Santa Luc\u00eda 2015-2019<\/li>\n<li>Diputado Provincial 2019-2023<\/li>\n<li>Actualmente Diputado provincial 2023-2025<\/li>\n<\/ul>\n<p><img loading=\"lazy\" decoding=\"async\" class=\"alignnone size-large wp-image-26835\" src=\"https:\/\/vocesparalelas.com.ar\/sitio\/wp-content\/uploads\/2020\/03\/CONGRESO-NACIONAL-800x533.jpg\" alt=\"\" width=\"800\" height=\"533\" srcset=\"https:\/\/vocesparalelas.com.ar\/sitio\/wp-content\/uploads\/2020\/03\/CONGRESO-NACIONAL.jpg 800w, https:\/\/vocesparalelas.com.ar\/sitio\/wp-content\/uploads\/2020\/03\/CONGRESO-NACIONAL-300x200.jpg 300w, https:\/\/vocesparalelas.com.ar\/sitio\/wp-content\/uploads\/2020\/03\/CONGRESO-NACIONAL-768x512.jpg 768w\" sizes=\"auto, (max-width: 800px) 100vw, 800px\" \/><\/p>\n","protected":false},"excerpt":{"rendered":"<p>El gobernador de San Juan, Dr. Marcelo Orrego, tras analizar los desaf\u00edos del actual contexto nacional y provincial, ha solicitado<\/p>\n","protected":false},"author":3,"featured_media":94126,"comment_status":"closed","ping_status":"closed","sticky":false,"template":"","format":"standard","meta":{"_acf_changed":false,"_seopress_robots_primary_cat":"none","_seopress_titles_title":"","_seopress_titles_desc":"","_seopress_robots_index":"","colormag_page_container_layout":"default_layout","colormag_page_sidebar_layout":"default_layout","footnotes":""},"categories":[10],"tags":[],"class_list":["post-94121","post","type-post","status-publish","format-standard","has-post-thumbnail","hentry","category-opiniones"],"acf":[],"_links":{"self":[{"href":"https:\/\/vocesparalelas.com.ar\/sitio\/wp-json\/wp\/v2\/posts\/94121","targetHints":{"allow":["GET"]}}],"collection":[{"href":"https:\/\/vocesparalelas.com.ar\/sitio\/wp-json\/wp\/v2\/posts"}],"about":[{"href":"https:\/\/vocesparalelas.com.ar\/sitio\/wp-json\/wp\/v2\/types\/post"}],"author":[{"embeddable":true,"href":"https:\/\/vocesparalelas.com.ar\/sitio\/wp-json\/wp\/v2\/users\/3"}],"replies":[{"embeddable":true,"href":"https:\/\/vocesparalelas.com.ar\/sitio\/wp-json\/wp\/v2\/comments?post=94121"}],"version-history":[{"count":1,"href":"https:\/\/vocesparalelas.com.ar\/sitio\/wp-json\/wp\/v2\/posts\/94121\/revisions"}],"predecessor-version":[{"id":94125,"href":"https:\/\/vocesparalelas.com.ar\/sitio\/wp-json\/wp\/v2\/posts\/94121\/revisions\/94125"}],"wp:featuredmedia":[{"embeddable":true,"href":"https:\/\/vocesparalelas.com.ar\/sitio\/wp-json\/wp\/v2\/media\/94126"}],"wp:attachment":[{"href":"https:\/\/vocesparalelas.com.ar\/sitio\/wp-json\/wp\/v2\/media?parent=94121"}],"wp:term":[{"taxonomy":"category","embeddable":true,"href":"https:\/\/vocesparalelas.com.ar\/sitio\/wp-json\/wp\/v2\/categories?post=94121"},{"taxonomy":"post_tag","embeddable":true,"href":"https:\/\/vocesparalelas.com.ar\/sitio\/wp-json\/wp\/v2\/tags?post=94121"}],"curies":[{"name":"wp","href":"https:\/\/api.w.org\/{rel}","templated":true}]}}