{"id":94113,"date":"2025-11-19T22:00:04","date_gmt":"2025-11-20T01:00:04","guid":{"rendered":"https:\/\/vocesparalelas.com.ar\/sitio\/?p=94113"},"modified":"2025-11-20T19:00:26","modified_gmt":"2025-11-20T22:00:26","slug":"el-dr-guillermo-baigorri-juro-como-fiscal-general-de-la-corte-de-justicia-de-san-juan","status":"publish","type":"post","link":"https:\/\/vocesparalelas.com.ar\/sitio\/el-dr-guillermo-baigorri-juro-como-fiscal-general-de-la-corte-de-justicia-de-san-juan\/","title":{"rendered":"El Dr. Guillermo Baigorr\u00ed jur\u00f3 como Fiscal General de la Corte de Justicia de San Juan"},"content":{"rendered":"<p>Fue en la Sede Acad\u00e9mica del Poder Judicial, Club Sirio Liban\u00e9s. La Dra. Garc\u00eda Nieto, quien preside la Corte, presidi\u00f3 el juramento.<\/p>\n<p>La Corte de Justicia, a trav\u00e9s de su presidenta, Dra. Adriana Garc\u00eda Nieto y los Ministros Dr. Daniel Olivares Yapur, Dr. Juan Jos\u00e9 Victoria, Dr. Guillermo Horacio De Sanctis y Dr. Marcelo Jorge Lima, tom\u00f3 juramento al Fiscal General de la Corte de Justicia, Dr. Guillermo Baigorr\u00ed, en un acto que cont\u00f3 con la presencia del Gobernador y Vicegobernador de la Provincia, Dr. Marcelo Orrego y Dr. Fabi\u00e1n Mart\u00edn, respectivamente.<\/p>\n<p><img loading=\"lazy\" decoding=\"async\" class=\"alignnone size-full wp-image-94118\" src=\"https:\/\/vocesparalelas.com.ar\/sitio\/wp-content\/uploads\/2025\/11\/CJSJ-FISCAL-03.jpg\" alt=\"\" width=\"800\" height=\"450\" srcset=\"https:\/\/vocesparalelas.com.ar\/sitio\/wp-content\/uploads\/2025\/11\/CJSJ-FISCAL-03.jpg 800w, https:\/\/vocesparalelas.com.ar\/sitio\/wp-content\/uploads\/2025\/11\/CJSJ-FISCAL-03-300x169.jpg 300w, https:\/\/vocesparalelas.com.ar\/sitio\/wp-content\/uploads\/2025\/11\/CJSJ-FISCAL-03-768x432.jpg 768w\" sizes=\"auto, (max-width: 800px) 100vw, 800px\" \/><\/p>\n<p>Al Acto de Juramento asistieron el Sr. Fiscal General provisorio, Dr. Daniel Galvani, la Defensora General Dra. M\u00f3nica Sefair; el Sr. Secretario General de la Gobernaci\u00f3n, Lic. Emilio Achem; la Ministra de Gobierno, Dra. Laura Palma; el Sr. Ministro de Salud, Dr. Amilcar Dobladez; el Secretario de Estado de Seguridad y Orden P\u00fablico, Dr. Enrique Delgado; diputados y diputadas provinciales; intendente de la Ciudad de San Juan, Dra. Susana Laciar;<br \/>\nintendente de Santa Luc\u00eda, Juan Jos\u00e9 Orrego; intendente de Rivadavia, Jorge Miodosky; el Presb\u00edtero de la Provincia, Dr. Jos\u00e9 Juan Garc\u00eda; el Fiscal de Estado de la Provincia, Dr. Sebasti\u00e1n D\u00e1vila; el\u00a0 Juez Federal, Dr. Leopoldo Rago Gallo; el Fiscal General Federal de San Juan, Dr. Francisco Maldonado; la Defensora P\u00fablica Oficial Federal de San Juan, Dra. Gema Guill\u00e9n Correa; el Sr. Defensor P\u00fablico Coadyuvante, Dr. Diego Giocoli; el Jefe de la Polic\u00eda de San Juan, Comisario General Retirado, Lic. N\u00e9stor \u00c1lvarez y la Subjefe Sra. Crio. General Lic. Cintia \u00c1lamo; el Director Servicio Penitenciario Provincial, Prefecto Carlos Su\u00e1rez y Subdirectora SubPrefecto Norma Iragorre; el\u00a0 Presidente del Foro de Abogado, Dr. Franco Montes; la Presidenta del Colegio de Magistrados y Funcionarios del Poder Judicial, Dra. Ana L\u00eda Larrea; el Sr. Presidente de Asociaci\u00f3n Sanjuanina de Abogados Penalistas -ASAP, Dr. Fernando Castro; la Presidenta de Consejo de Fiscal\u00edas y Asesor\u00edas de San Juan -CONF\u00cdAS, Dra. Laura Romari\u00f3n; el Presidente de la Uni\u00f3n Judicial de San Juan, Sebasti\u00e1n L\u00f3pez; magistrados, funcionarios, personal del Poder Judicial e integrantes del Ministerio P\u00fablico Fiscal, familiares y amigos.<\/p>\n<p>El Secretario Administrativo de la Corte, Dr. Javier Vera, realiz\u00f3 la lectura de la Resoluci\u00f3n N\u00b0 186\/2025 de la C\u00e1mara de Diputados, la Providencia de la Corte de Justicia y el Acta de los nombramientos. Luego, los ministros de la Corte de Justicia refrendaron el acta. En un momento muy emotivo, el Dr. Baigorr\u00ed recibi\u00f3 el diploma y sello con su cargo y recibi\u00f3 un caluroso aplauso.<\/p>\n<p>A continuaci\u00f3n, la Dra. Adriana Garc\u00eda Nieto, dirigi\u00f3 unas palabras a los presentes expresando: \u201cEste es un acto de gran relevancia para el Poder Judicial y para toda la ciudadan\u00eda sanjuanina, ya que marca el inicio de una nueva etapa en el Ministerio P\u00fablico, con todo lo que ello implica en t\u00e9rminos de servicio y de compromiso. Hemos presenciado el juramento del nuevo Fiscal General de la Corte de Justicia; un acto que, en cumplimiento de las normas vigentes, indica el inicio de la gesti\u00f3n del Dr. Guillermo Baigorr\u00ed como titular del Ministerio P\u00fablico, \u00f3rgano del Poder Judicial, conforme al art\u00edculo 202 de la Constituci\u00f3n Provincial. Poder Judicial que, como bien conoce el Dr. Baigorr\u00ed \u2014porque pertenece hace casi 13 a\u00f1os a este poder del Estado\u2014 tiene como misi\u00f3n fundamental garantizar los derechos de los y las sanjuaninas. Debe velar por el cumplimiento de las normas, pero ante todo y en cada acto, debe ser expresi\u00f3n concreta del servicio p\u00fablico con sentido de Justicia\u201d.<\/p>\n<p>Asimismo, la Presidenta de la Corte se\u00f1al\u00f3 que \u201cno podemos hablar del presente sin honrar el legado reciente que nos interpela y nos inspira. Es necesario reconocer que el Ministerio P\u00fablico que recibe cuenta con hombres y mujeres que conocen el oficio, pero ante todo conocen la envergadura de su funci\u00f3n y lo demuestran cada d\u00eda. Un Ministerio P\u00fablico que ha crecido exponencialmente, no solo en cantidad de personas que lo integran, ha crecido en infraestructura, equipamiento, pero tambi\u00e9n ha crecido en el c\u00famulo de tareas que lleva adelante, y que se ha ido<br \/>\nadaptando a las nuevas necesidades y desaf\u00edos que le han sido impuestos. Ese Ministerio P\u00fablico tiene tan clara su funci\u00f3n y el deber hacia los ciudadanos, que ante la enfermedad del Dr. Eduardo Quattropani, a mediados de abril de este a\u00f1o, redobl\u00f3 el compromiso. Y posteriormente, ya con su fallecimiento en el mes de julio, nunca baj\u00f3 los brazos. El Dr. Eduardo Quattropani no solo condujo con solvencia, sino que sembr\u00f3 convicciones profundas sobre el rol del Ministerio P\u00fablico en una democracia que se quiere m\u00e1s justa y cercana. La mejor manera de honrar su memoria es con el trabajo constante. Es necesario una vez m\u00e1s agradecer y reconocer a cada uno de los fiscales, coordinadores, supervisores, ayudantes fiscales, asesores, funcionarios y personal del Poder Judicial con funciones en el Ministerio P\u00fablico, por la tarea realizada. Y me permito hacerlo en la persona de quien tuvo a su cargo la tarea de conducirlo estos \u00faltimos meses, Dr. Daniel Galvani\u201d.<\/p>\n<p>Al finalizar, el fiscal General Dr. Baigorr\u00ed recibi\u00f3 el saludo afectuoso de una multitud de asistentes al acto de su juramento, entre personal judicial familiares y allegados.<\/p>\n<p><img loading=\"lazy\" decoding=\"async\" class=\"alignnone size-full wp-image-94116\" src=\"https:\/\/vocesparalelas.com.ar\/sitio\/wp-content\/uploads\/2025\/11\/CJSJ-FISCAL-01.jpg\" alt=\"\" width=\"800\" height=\"533\" srcset=\"https:\/\/vocesparalelas.com.ar\/sitio\/wp-content\/uploads\/2025\/11\/CJSJ-FISCAL-01.jpg 800w, https:\/\/vocesparalelas.com.ar\/sitio\/wp-content\/uploads\/2025\/11\/CJSJ-FISCAL-01-300x200.jpg 300w, https:\/\/vocesparalelas.com.ar\/sitio\/wp-content\/uploads\/2025\/11\/CJSJ-FISCAL-01-768x512.jpg 768w\" sizes=\"auto, (max-width: 800px) 100vw, 800px\" \/><\/p>\n<p><iframe loading=\"lazy\" title=\"ACTO DE JURAMENTO DEL FISCAL GENERAL DE LA CORTE DE JUSTICIA | DR. GUILLERMO BAIGORR\u00cd\" width=\"800\" height=\"450\" src=\"https:\/\/www.youtube.com\/embed\/m7g3RMU--yk?feature=oembed\" frameborder=\"0\" allow=\"accelerometer; autoplay; clipboard-write; encrypted-media; gyroscope; picture-in-picture; web-share\" referrerpolicy=\"strict-origin-when-cross-origin\" allowfullscreen><\/iframe><\/p>\n<p>&nbsp;<\/p>\n","protected":false},"excerpt":{"rendered":"<p>Fue en la Sede Acad\u00e9mica del Poder Judicial, Club Sirio Liban\u00e9s. La Dra. Garc\u00eda Nieto, quien preside la Corte, presidi\u00f3<\/p>\n","protected":false},"author":3,"featured_media":94117,"comment_status":"closed","ping_status":"closed","sticky":false,"template":"","format":"standard","meta":{"_acf_changed":false,"_seopress_robots_primary_cat":"none","_seopress_titles_title":"","_seopress_titles_desc":"","_seopress_robots_index":"","colormag_page_container_layout":"default_layout","colormag_page_sidebar_layout":"default_layout","footnotes":""},"categories":[10,7],"tags":[],"class_list":["post-94113","post","type-post","status-publish","format-standard","has-post-thumbnail","hentry","category-opiniones","category-videos"],"acf":[],"_links":{"self":[{"href":"https:\/\/vocesparalelas.com.ar\/sitio\/wp-json\/wp\/v2\/posts\/94113","targetHints":{"allow":["GET"]}}],"collection":[{"href":"https:\/\/vocesparalelas.com.ar\/sitio\/wp-json\/wp\/v2\/posts"}],"about":[{"href":"https:\/\/vocesparalelas.com.ar\/sitio\/wp-json\/wp\/v2\/types\/post"}],"author":[{"embeddable":true,"href":"https:\/\/vocesparalelas.com.ar\/sitio\/wp-json\/wp\/v2\/users\/3"}],"replies":[{"embeddable":true,"href":"https:\/\/vocesparalelas.com.ar\/sitio\/wp-json\/wp\/v2\/comments?post=94113"}],"version-history":[{"count":1,"href":"https:\/\/vocesparalelas.com.ar\/sitio\/wp-json\/wp\/v2\/posts\/94113\/revisions"}],"predecessor-version":[{"id":94119,"href":"https:\/\/vocesparalelas.com.ar\/sitio\/wp-json\/wp\/v2\/posts\/94113\/revisions\/94119"}],"wp:featuredmedia":[{"embeddable":true,"href":"https:\/\/vocesparalelas.com.ar\/sitio\/wp-json\/wp\/v2\/media\/94117"}],"wp:attachment":[{"href":"https:\/\/vocesparalelas.com.ar\/sitio\/wp-json\/wp\/v2\/media?parent=94113"}],"wp:term":[{"taxonomy":"category","embeddable":true,"href":"https:\/\/vocesparalelas.com.ar\/sitio\/wp-json\/wp\/v2\/categories?post=94113"},{"taxonomy":"post_tag","embeddable":true,"href":"https:\/\/vocesparalelas.com.ar\/sitio\/wp-json\/wp\/v2\/tags?post=94113"}],"curies":[{"name":"wp","href":"https:\/\/api.w.org\/{rel}","templated":true}]}}