{"id":94098,"date":"2025-11-19T22:07:07","date_gmt":"2025-11-20T01:07:07","guid":{"rendered":"https:\/\/vocesparalelas.com.ar\/sitio\/?p=94098"},"modified":"2025-11-19T22:07:07","modified_gmt":"2025-11-20T01:07:07","slug":"fns-forum-banco-san-juan-tiende-puentes-y-propone-opciones-de-financiamiento-para-potenciar-proyectos-mineros","status":"publish","type":"post","link":"https:\/\/vocesparalelas.com.ar\/sitio\/fns-forum-banco-san-juan-tiende-puentes-y-propone-opciones-de-financiamiento-para-potenciar-proyectos-mineros\/","title":{"rendered":"FNS FORUM: Banco San Juan tiende puentes y propone opciones de financiamiento para potenciar proyectos mineros"},"content":{"rendered":"<p>En el marco de la segunda edici\u00f3n del FNS Forum \u201cArgentina Impacta\u201d, el Banco San Juan y la Unidad Minera del Grupo Petersen lideraron uno de los paneles centrales del encuentro, donde se presentaron nuevas alternativas de financiamiento y articulaci\u00f3n p\u00fablico-privada para impulsar el desarrollo de proyectos mineros e infraestructura estrat\u00e9gica en la provincia.<\/p>\n<p>Bajo el t\u00edtulo \u201cHacer que las cosas ocurran\u201d, el panel reuni\u00f3 a referentes del ecosistema minero y financiero internacional: Dean McPherson, Head of Business, Global Mining de la Bolsa de Toronto (TSX y TSX Venture Exchange); Mart\u00edn P\u00e9rez de Solay, CEO de Glencore Argentina; y el economista Santiago Bulat, director y socio de Invecq Consulting. La conversaci\u00f3n fue moderada por Laura R\u00f3polo, asesora estrat\u00e9gica de la Unidad Minera del Grupo Petersen.<\/p>\n<p>Durante el intercambio, los especialistas analizaron los desaf\u00edos para transformar oportunidades en inversiones concretas, con foco en infraestructura, log\u00edstica, energ\u00eda y los mecanismos financieros necesarios para acompa\u00f1ar la expansi\u00f3n de la actividad minera en la regi\u00f3n.<\/p>\n<p>Uno de los puntos destacados fue el creciente inter\u00e9s del capital extranjero por San Juan, que \u2014coincidieron\u2014 est\u00e1 acelerando la sofisticaci\u00f3n de la cadena de valor minera, impulsando obras clave y generando un efecto derrame en sectores como hospitality, industria, econom\u00eda del conocimiento e innovaci\u00f3n. Este proceso contribuye a elevar los est\u00e1ndares de competitividad provincial y a posicionar a San Juan como una jurisdicci\u00f3n l\u00edder en miner\u00eda a nivel regional.<\/p>\n<p>\u201cUn a\u00f1o m\u00e1s estamos acompa\u00f1ando la Fiesta Nacional del Sol como sponsors, no s\u00f3lo con la presencia del stand y nuestros equipos de trabajo en el predio, sino tambi\u00e9n colaborando con este Forum, aportando sinergia y articulaci\u00f3n para que jugadores globales como la Toronto Venture Exchange puedan estar presentes, continuando una agenda que delineamos junto al Ministerio de Producci\u00f3n y Miner\u00eda de la Provincia\u201d, se\u00f1al\u00f3 Silvina Bellantig, Gerente General de Banco San Juan.<\/p>\n<p>\u201cArgentina es atractiva a nivel mundial por la miner\u00eda, y San Juan est\u00e1 primera como jurisdicci\u00f3n. \u2018Argentina est\u00e1 de vuelta\u2019, dicen los inversores al mirar las oportunidades. San Juan lidera y demuestra que la miner\u00eda no es un trabajo sucio, y eso es muy importante para seguir adelante\u201d, destac\u00f3 Dean McPherson.<\/p>\n<p>En su balance, Mart\u00edn P\u00e9rez de Solay \u2014quien plante\u00f3 cinco claves para que las oportunidades se materialicen\u2014 subray\u00f3 que \u201ces importante no perder la local\u00eda; ser sanjuaninos, esa identidad es un valor\u201d, y afirm\u00f3 que \u201cArgentina tiene que estar en el mercado del cobre\u201d.<\/p>\n<p>Por su parte, Santiago Bulat traz\u00f3 inicialmente un panorama de \u201cnormalizaci\u00f3n econ\u00f3mica del pa\u00eds\u201d y concluy\u00f3 que \u201cla productividad y la inversi\u00f3n, con constancia, infraestructura e institucionalidad, nos permitir\u00e1n empezar a mejorar la calidad de vida\u201d.<\/p>\n<p><span style=\"color: #ff6600;\"><strong>Una gira federal<\/strong><\/span><\/p>\n<p>Esta semana, la Unidad Minera del Grupo Petersen y la Bolsa de Valores de Toronto (TSX y TSX Venture Exchange) pusieron en marcha una gira por Argentina con el objetivo de atraer capitales estadounidenses y canadienses destinados a proyectos mineros y<\/p>\n<p>energ\u00e9ticos en San Juan y Santa Cruz. La iniciativa busca fortalecer la agenda estrat\u00e9gica junto a los gobiernos provinciales, c\u00e1maras empresarias y empresas con inversiones activas en ambas jurisdicciones.<\/p>\n<p>D\u00edas atr\u00e1s se realiz\u00f3 un encuentro en El Calafate, Santa Cruz, que reuni\u00f3 a representantes del Gobierno provincial, CAMICRUZ, la C\u00e1mara Argentina de Empresarios Mineros (CAEM) y compa\u00f1\u00edas con proyectos energ\u00e9ticos y mineros en la regi\u00f3n. All\u00ed se avanz\u00f3 en rondas de vinculaci\u00f3n e identificaci\u00f3n de oportunidades de inversi\u00f3n concretas.<\/p>\n<p><span style=\"color: #ff6600;\"><strong>Agenda de alto nivel en la FNS<\/strong><\/span><\/p>\n<p>Como cierre, el pr\u00f3ximo 20 de noviembre se desarrollar\u00e1 una mesa redonda de alto nivel en el centro de la FNS. Participar\u00e1n autoridades del Gobierno de San Juan, representantes de CAEM, GEMERA y la C\u00e1mara Minera de San Juan, junto con compa\u00f1\u00edas globales con inversiones activas en la provincia. El objetivo ser\u00e1 profundizar la agenda de financiamiento, regulaciones y oportunidades de integraci\u00f3n entre capital internacional y proyectos locales.<\/p>\n<p>El Banco San Juan y la Unidad Minera del Grupo Petersen se han consolidado como una plataforma financiera especializada que ofrece soluciones a medida para el sector minero y su cadena de valor. Con atenci\u00f3n personalizada, canales digitales de gesti\u00f3n y un equipo experto que acompa\u00f1a cada proyecto desde su origen, ambas instituciones refuerzan su rol como actores clave en la integraci\u00f3n entre financiamiento, desarrollo productivo y comunidades locales.<\/p>\n","protected":false},"excerpt":{"rendered":"<p>En el marco de la segunda edici\u00f3n del FNS Forum \u201cArgentina Impacta\u201d, el Banco San Juan y la Unidad Minera<\/p>\n","protected":false},"author":3,"featured_media":94101,"comment_status":"closed","ping_status":"closed","sticky":false,"template":"","format":"standard","meta":{"_acf_changed":false,"_seopress_robots_primary_cat":"none","_seopress_titles_title":"","_seopress_titles_desc":"","_seopress_robots_index":"","colormag_page_container_layout":"default_layout","colormag_page_sidebar_layout":"default_layout","footnotes":""},"categories":[1],"tags":[],"class_list":["post-94098","post","type-post","status-publish","format-standard","has-post-thumbnail","hentry","category-destacadas"],"acf":[],"_links":{"self":[{"href":"https:\/\/vocesparalelas.com.ar\/sitio\/wp-json\/wp\/v2\/posts\/94098","targetHints":{"allow":["GET"]}}],"collection":[{"href":"https:\/\/vocesparalelas.com.ar\/sitio\/wp-json\/wp\/v2\/posts"}],"about":[{"href":"https:\/\/vocesparalelas.com.ar\/sitio\/wp-json\/wp\/v2\/types\/post"}],"author":[{"embeddable":true,"href":"https:\/\/vocesparalelas.com.ar\/sitio\/wp-json\/wp\/v2\/users\/3"}],"replies":[{"embeddable":true,"href":"https:\/\/vocesparalelas.com.ar\/sitio\/wp-json\/wp\/v2\/comments?post=94098"}],"version-history":[{"count":1,"href":"https:\/\/vocesparalelas.com.ar\/sitio\/wp-json\/wp\/v2\/posts\/94098\/revisions"}],"predecessor-version":[{"id":94102,"href":"https:\/\/vocesparalelas.com.ar\/sitio\/wp-json\/wp\/v2\/posts\/94098\/revisions\/94102"}],"wp:featuredmedia":[{"embeddable":true,"href":"https:\/\/vocesparalelas.com.ar\/sitio\/wp-json\/wp\/v2\/media\/94101"}],"wp:attachment":[{"href":"https:\/\/vocesparalelas.com.ar\/sitio\/wp-json\/wp\/v2\/media?parent=94098"}],"wp:term":[{"taxonomy":"category","embeddable":true,"href":"https:\/\/vocesparalelas.com.ar\/sitio\/wp-json\/wp\/v2\/categories?post=94098"},{"taxonomy":"post_tag","embeddable":true,"href":"https:\/\/vocesparalelas.com.ar\/sitio\/wp-json\/wp\/v2\/tags?post=94098"}],"curies":[{"name":"wp","href":"https:\/\/api.w.org\/{rel}","templated":true}]}}