{"id":94089,"date":"2025-11-19T20:47:56","date_gmt":"2025-11-19T23:47:56","guid":{"rendered":"https:\/\/vocesparalelas.com.ar\/sitio\/?p=94089"},"modified":"2025-11-20T17:54:56","modified_gmt":"2025-11-20T20:54:56","slug":"acto-de-colacion-de-la-promocion-2024-2025-de-la-faud-de-la-unsj","status":"publish","type":"post","link":"https:\/\/vocesparalelas.com.ar\/sitio\/acto-de-colacion-de-la-promocion-2024-2025-de-la-faud-de-la-unsj\/","title":{"rendered":"Acto de Colaci\u00f3n de la Promoci\u00f3n 2024\u20132025 de la FAUD de la UNSJ"},"content":{"rendered":"<p data-start=\"501\" data-end=\"763\">La Facultad de Arquitectura, Urbanismo y Dise\u00f1o de la Universidad Nacional de San Juan celebr\u00f3 el\u00a0Acto de Colaci\u00f3n de la Promoci\u00f3n 2024\u20132025, en el marco del\u00a052\u00ba aniversario de la creaci\u00f3n de la UNSJ\u00a0y del\u00a042\u00ba aniversario de la creaci\u00f3n de la FAUD de la UNSJ.<\/p>\n<p data-start=\"765\" data-end=\"1183\">La ceremonia tuvo lugar en el Aula Magna de la Facultad y cont\u00f3 con la presencia del\u00a0rector de la UNSJ, Mag. Ing. Tadeo Berenguer, la\u00a0vicerrectora, Esp. Prof. Andrea Leceta, el\u00a0decano de la FAUD, Mtro. Arq. Carlos Herrera, la\u00a0vicedecana, Esp. Arq. Aida Caliz, junto a autoridades universitarias, docentes, personal nodocente, representantes de instituciones profesionales y familiares de los egresados.<\/p>\n<p data-start=\"765\" data-end=\"1183\"><img loading=\"lazy\" decoding=\"async\" class=\"alignnone size-full wp-image-94092\" src=\"https:\/\/vocesparalelas.com.ar\/sitio\/wp-content\/uploads\/2025\/11\/FAUD-ERESADOS.png\" alt=\"\" width=\"800\" height=\"200\" srcset=\"https:\/\/vocesparalelas.com.ar\/sitio\/wp-content\/uploads\/2025\/11\/FAUD-ERESADOS.png 800w, https:\/\/vocesparalelas.com.ar\/sitio\/wp-content\/uploads\/2025\/11\/FAUD-ERESADOS-300x75.png 300w, https:\/\/vocesparalelas.com.ar\/sitio\/wp-content\/uploads\/2025\/11\/FAUD-ERESADOS-768x192.png 768w\" sizes=\"auto, (max-width: 800px) 100vw, 800px\" \/><\/p>\n<p data-start=\"1185\" data-end=\"1352\">En esta oportunidad,\u00a0202 nuevos profesionales\u00a0recibieron sus t\u00edtulos de\u00a0pregrado, grado y posgrado, pertenecientes a todas las carreras que integran la FAUD:<\/p>\n<ul data-start=\"1353\" data-end=\"1719\">\n<li data-start=\"1353\" data-end=\"1520\">\n<p data-start=\"1355\" data-end=\"1520\">117 egresados\u00a0de la\u00a0<em data-start=\"1379\" data-end=\"1472\">Tecnicatura Universitaria en Higiene y Seguridad Laboral en la Industria de la Construcci\u00f3n<\/em>\u00a0(Departamento Caucete y Divisi\u00f3n de Bomberos)<\/p>\n<\/li>\n<li data-start=\"1521\" data-end=\"1571\">\n<p data-start=\"1523\" data-end=\"1571\">50 egresados\u00a0de\u00a0<em data-start=\"1543\" data-end=\"1569\">Arquitectura y Urbanismo<\/em><\/p>\n<\/li>\n<li data-start=\"1572\" data-end=\"1614\">\n<p data-start=\"1574\" data-end=\"1614\">5 egresados\u00a0de\u00a0<em data-start=\"1593\" data-end=\"1612\">Dise\u00f1o Industrial<\/em><\/p>\n<\/li>\n<li data-start=\"1615\" data-end=\"1655\">\n<p data-start=\"1617\" data-end=\"1655\">28 egresados\u00a0de\u00a0<em data-start=\"1637\" data-end=\"1653\">Dise\u00f1o Gr\u00e1fico<\/em><\/p>\n<\/li>\n<li data-start=\"1656\" data-end=\"1719\">\n<p data-start=\"1658\" data-end=\"1719\">2 egresados\u00a0del\u00a0<em data-start=\"1678\" data-end=\"1717\">Doctorado en Arquitectura y Urbanismo<\/em><\/p>\n<\/li>\n<\/ul>\n<p data-start=\"1721\" data-end=\"2249\">El acto tuvo un momento de especial significado institucional y social con la entrega de t\u00edtulos a los\u00a0primeros t\u00e9cnicos universitarios en Higiene y Seguridad Laboral en la Industria de la Construcci\u00f3n, formados en el\u00a0Departamento Caucete\u00a0y en la\u00a0Divisi\u00f3n de Bomberos de la UNSJ.<\/p>\n<p data-start=\"1721\" data-end=\"2249\">Se trata de un hecho hist\u00f3rico para la Facultad, que reafirma su compromiso con la\u00a0descentralizaci\u00f3n educativa\u00a0y la\u00a0formaci\u00f3n t\u00e9cnica profesional en todo el territorio sanjuanino, acercando la universidad a nuevas comunidades.<\/p>\n<p data-start=\"2251\" data-end=\"2484\">Durante la ceremonia se realiz\u00f3 el tradicional\u00a0cambio de abanderados y escoltas, la\u00a0toma de compromiso profesional\u00a0y la\u00a0entrega de distinciones especiales\u00a0que reconocen la excelencia acad\u00e9mica y el compromiso estudiantil.<\/p>\n<p data-start=\"2486\" data-end=\"2540\"><span style=\"color: #ff6600;\"><strong>Entre las distinciones m\u00e1s destacadas se entregaron:<\/strong><\/span><\/p>\n<p data-start=\"2543\" data-end=\"2704\"><span style=\"color: #ff6600;\"><strong data-start=\"2543\" data-end=\"2580\">Medalla de Oro y Diploma de Honor<\/strong>\u00a0(Resoluci\u00f3n N\u00ba 130\/2025-CD-FAUD)<\/span><\/p>\n<ul>\n<li data-start=\"2543\" data-end=\"2704\">Mariana S\u00e1nchez Agostini, por haber obtenido el promedio m\u00e1s alto de la promoci\u00f3n.<\/li>\n<\/ul>\n<p data-start=\"2707\" data-end=\"2894\"><span style=\"color: #ff6600;\"><strong data-start=\"2707\" data-end=\"2808\">Reconocimiento del Colegio de Arquitectos de San Juan y de la Sociedad de Arquitectos de San Juan<\/strong><\/span><\/p>\n<ul>\n<li data-start=\"2707\" data-end=\"2894\">\u00a0Gabriel Alejandro G\u00f3ngora Galdeano, por su desempe\u00f1o acad\u00e9mico sobresaliente.<\/li>\n<\/ul>\n<p data-start=\"2897\" data-end=\"3092\"><span style=\"color: #ff6600;\"><strong data-start=\"2897\" data-end=\"2931\">Distinci\u00f3n al M\u00e9rito Acad\u00e9mico<\/strong><\/span><\/p>\n<ul>\n<li data-start=\"2897\" data-end=\"3092\">Macarena Becerra Castro\u00a0(<em data-start=\"2963\" data-end=\"2989\">Arquitectura y Urbanismo<\/em>),<\/li>\n<li data-start=\"2897\" data-end=\"3092\">Mar\u00eda Agustina Andrada\u00a0(<em data-start=\"3020\" data-end=\"3036\">Dise\u00f1o Gr\u00e1fico<\/em>) y<\/li>\n<li data-start=\"2897\" data-end=\"3092\">Bruno Nicol\u00e1s Villafa\u00f1e\u00a0(<em data-start=\"3069\" data-end=\"3088\">Dise\u00f1o Industrial<\/em>).<\/li>\n<\/ul>\n<p data-start=\"3095\" data-end=\"3281\"><span style=\"color: #ff6600;\"><strong>Reconocimiento al Compromiso Estudiantil<\/strong><\/span><\/p>\n<ul>\n<li data-start=\"3095\" data-end=\"3281\">Ail\u00e9n Bel\u00e9n Guti\u00e9rrez\u00a0(<em data-start=\"3169\" data-end=\"3195\">Arquitectura y Urbanismo<\/em>),<\/li>\n<li data-start=\"3095\" data-end=\"3281\">Agostina Reche\u00a0(<em data-start=\"3218\" data-end=\"3234\">Dise\u00f1o Gr\u00e1fico<\/em>) y<\/li>\n<li data-start=\"3095\" data-end=\"3281\">\u00c1lvaro Rodr\u00edguez\u00a0(<em data-start=\"3260\" data-end=\"3279\">Dise\u00f1o Industrial<\/em>).<\/li>\n<\/ul>\n<p data-start=\"3283\" data-end=\"3641\">El acto culmin\u00f3 en un clima de emoci\u00f3n y orgullo compartido, reflejando el cierre de una etapa y el inicio de nuevos desaf\u00edos para cada egresado.<\/p>\n<p data-start=\"3283\" data-end=\"3641\">La FAUD de la UNSJ reafirma as\u00ed su compromiso con la formaci\u00f3n integral, la investigaci\u00f3n y la extensi\u00f3n universitaria, pilares que fortalecen su v\u00ednculo con la comunidad y con el desarrollo sostenible del territorio.<\/p>\n<div class=\"addtoany_share_save_container addtoany_content addtoany_content_bottom\">\n<div class=\"a2a_kit a2a_kit_size_22 addtoany_list\" data-a2a-url=\"https:\/\/faud.unsj.edu.ar\/acto-colacion-grado-pregrado-posgrado-2024-2025\/\" data-a2a-title=\"Acto de Colaci\u00f3n de Grado, Pregrado y Posgrado 2024\u20132025\">\n<figure id=\"attachment_24036\" aria-describedby=\"caption-attachment-24036\" style=\"width: 800px\" class=\"wp-caption alignnone\"><img loading=\"lazy\" decoding=\"async\" class=\"size-large wp-image-24036\" src=\"https:\/\/vocesparalelas.com.ar\/sitio\/wp-content\/uploads\/2019\/10\/FAUD-EDIFICIO-BANDERA-01-800x528.jpg\" alt=\"\" width=\"800\" height=\"528\" srcset=\"https:\/\/vocesparalelas.com.ar\/sitio\/wp-content\/uploads\/2019\/10\/FAUD-EDIFICIO-BANDERA-01.jpg 800w, https:\/\/vocesparalelas.com.ar\/sitio\/wp-content\/uploads\/2019\/10\/FAUD-EDIFICIO-BANDERA-01-300x198.jpg 300w, https:\/\/vocesparalelas.com.ar\/sitio\/wp-content\/uploads\/2019\/10\/FAUD-EDIFICIO-BANDERA-01-768x507.jpg 768w\" sizes=\"auto, (max-width: 800px) 100vw, 800px\" \/><figcaption id=\"caption-attachment-24036\" class=\"wp-caption-text\">Facultad de Arquitectura, Urbanismo y Dise\u00f1o de la Universidad Nacional de San Juan, Rep\u00fablica Argentina<\/figcaption><\/figure>\n<\/div>\n<\/div>\n","protected":false},"excerpt":{"rendered":"<p>La Facultad de Arquitectura, Urbanismo y Dise\u00f1o de la Universidad Nacional de San Juan celebr\u00f3 el\u00a0Acto de Colaci\u00f3n de la<\/p>\n","protected":false},"author":3,"featured_media":59158,"comment_status":"closed","ping_status":"closed","sticky":false,"template":"","format":"standard","meta":{"_acf_changed":false,"_seopress_robots_primary_cat":"none","_seopress_titles_title":"","_seopress_titles_desc":"","_seopress_robots_index":"","colormag_page_container_layout":"default_layout","colormag_page_sidebar_layout":"default_layout","footnotes":""},"categories":[6],"tags":[],"class_list":["post-94089","post","type-post","status-publish","format-standard","has-post-thumbnail","hentry","category-eventos"],"acf":[],"_links":{"self":[{"href":"https:\/\/vocesparalelas.com.ar\/sitio\/wp-json\/wp\/v2\/posts\/94089","targetHints":{"allow":["GET"]}}],"collection":[{"href":"https:\/\/vocesparalelas.com.ar\/sitio\/wp-json\/wp\/v2\/posts"}],"about":[{"href":"https:\/\/vocesparalelas.com.ar\/sitio\/wp-json\/wp\/v2\/types\/post"}],"author":[{"embeddable":true,"href":"https:\/\/vocesparalelas.com.ar\/sitio\/wp-json\/wp\/v2\/users\/3"}],"replies":[{"embeddable":true,"href":"https:\/\/vocesparalelas.com.ar\/sitio\/wp-json\/wp\/v2\/comments?post=94089"}],"version-history":[{"count":1,"href":"https:\/\/vocesparalelas.com.ar\/sitio\/wp-json\/wp\/v2\/posts\/94089\/revisions"}],"predecessor-version":[{"id":94093,"href":"https:\/\/vocesparalelas.com.ar\/sitio\/wp-json\/wp\/v2\/posts\/94089\/revisions\/94093"}],"wp:featuredmedia":[{"embeddable":true,"href":"https:\/\/vocesparalelas.com.ar\/sitio\/wp-json\/wp\/v2\/media\/59158"}],"wp:attachment":[{"href":"https:\/\/vocesparalelas.com.ar\/sitio\/wp-json\/wp\/v2\/media?parent=94089"}],"wp:term":[{"taxonomy":"category","embeddable":true,"href":"https:\/\/vocesparalelas.com.ar\/sitio\/wp-json\/wp\/v2\/categories?post=94089"},{"taxonomy":"post_tag","embeddable":true,"href":"https:\/\/vocesparalelas.com.ar\/sitio\/wp-json\/wp\/v2\/tags?post=94089"}],"curies":[{"name":"wp","href":"https:\/\/api.w.org\/{rel}","templated":true}]}}