{"id":94065,"date":"2025-11-19T12:09:03","date_gmt":"2025-11-19T15:09:03","guid":{"rendered":"https:\/\/vocesparalelas.com.ar\/sitio\/?p=94065"},"modified":"2025-11-19T12:09:03","modified_gmt":"2025-11-19T15:09:03","slug":"consul-honorario-de-alemania-en-mendoza-andreas-vollmer-en-san-juan","status":"publish","type":"post","link":"https:\/\/vocesparalelas.com.ar\/sitio\/consul-honorario-de-alemania-en-mendoza-andreas-vollmer-en-san-juan\/","title":{"rendered":"C\u00f3nsul Honorario de Alemania en Mendoza, Andreas Vollmer en San Juan"},"content":{"rendered":"<p>El gobernador de San Juan, Dr. Marcelo Orrego, recibi\u00f3 en Casa de Gobierno la visita oficial del C\u00f3nsul <em>H<\/em>onorario de Alemania en Mendoza, Andreas Vollmer.<\/p>\n<p>El encuentro fue calificado como fruct\u00edfero por sus participantes y se realiz\u00f3 con el objetivo principal de charlar temas sobre el desarrollo provincial y los espacios de intercambio con Alemania. Esta reuni\u00f3n de alto nivel se enmarc\u00f3 en la b\u00fasqueda de la Provincia por establecer lazos diplom\u00e1ticos y comerciales que permitan la cooperaci\u00f3n mutua en \u00e1reas estrat\u00e9gicas.<\/p>\n<p>El Gobernador y el C\u00f3nsul dialogaron sobre oportunidades de colaboraci\u00f3n que impulsen el crecimiento econ\u00f3mico de San Juan en colaboraci\u00f3n con el pa\u00eds europeo. Tambi\u00e9n particip\u00f3 de la reuni\u00f3n la ministra de Gobierno Provincial, Dra. Laura Palma.<\/p>\n<figure id=\"attachment_94069\" aria-describedby=\"caption-attachment-94069\" style=\"width: 800px\" class=\"wp-caption alignnone\"><img loading=\"lazy\" decoding=\"async\" class=\"size-full wp-image-94069\" src=\"https:\/\/vocesparalelas.com.ar\/sitio\/wp-content\/uploads\/2025\/11\/SAN-JUAN-CONSUL-01.jpg\" alt=\"\" width=\"800\" height=\"450\" srcset=\"https:\/\/vocesparalelas.com.ar\/sitio\/wp-content\/uploads\/2025\/11\/SAN-JUAN-CONSUL-01.jpg 800w, https:\/\/vocesparalelas.com.ar\/sitio\/wp-content\/uploads\/2025\/11\/SAN-JUAN-CONSUL-01-300x169.jpg 300w, https:\/\/vocesparalelas.com.ar\/sitio\/wp-content\/uploads\/2025\/11\/SAN-JUAN-CONSUL-01-768x432.jpg 768w\" sizes=\"auto, (max-width: 800px) 100vw, 800px\" \/><figcaption id=\"caption-attachment-94069\" class=\"wp-caption-text\">El C\u00f3nsul Honorario de Alemania en Mendoza, Andreas Vollmer y el gobernador de San Juan, Dr. Marcelo Orrego<\/figcaption><\/figure>\n<p>Tras el encuentro, el C\u00f3nsul <em>H<\/em>onorario de Alemania en Mendoza, Andreas Vollmer explic\u00f3 que \u00abla reuni\u00f3n estuvo muy orientada en el trabajo del a\u00f1o que viene. Vemos que el 2026 va a ser un a\u00f1o de mucha gesti\u00f3n. Hay muchos planes desde el Gobierno de San Juan y muchos planes desde el Gobierno de Alemania para hacer trabajos en conjunto\u201d.<\/p>\n<p>\u201cEn Alemania tambi\u00e9n tenemos un gobierno nuevo con focos interesantes y nuevos en cuanto a la econom\u00eda y a la miner\u00eda tambi\u00e9n. Y vamos a ver, a consensuar agendas y hacer alguna visita juntos en Alemania. Invit\u00f3 al gobernador a visitar Alemania para ver qu\u00e9 posibilidades hay de trabajar juntos, para ver si podemos traer algunas inversiones\u00bb.<\/p>\n<p>\u00abSan Juan est\u00e1 muy bien parado con el tema de las energ\u00edas renovables y todo el tema del cambio clim\u00e1tico que nos interesa mucho en Alemania. Ac\u00e1 con el cobre que hay es muy importante y seguro vamos a tener una plataforma para trabajar mucho\u00bb &#8211; sintetiz\u00f3 el C\u00f3nsul <em>H<\/em>onorario de Alemania en Mendoza, Andreas Vollmer.<\/p>\n<p>Con este encuentro, el Gobierno de San Juan refuerza la apertura de espacios de intercambio con Alemania para el di\u00e1logo pol\u00edtico y abrir puertas a la inversi\u00f3n extranjera y la cooperaci\u00f3n para el desarrollo provincial.<\/p>\n<p><img loading=\"lazy\" decoding=\"async\" class=\"alignnone size-full wp-image-65642\" src=\"https:\/\/vocesparalelas.com.ar\/sitio\/wp-content\/uploads\/2023\/11\/GOBIERNO-SAN-JUAN.jpg\" alt=\"\" width=\"800\" height=\"600\" srcset=\"https:\/\/vocesparalelas.com.ar\/sitio\/wp-content\/uploads\/2023\/11\/GOBIERNO-SAN-JUAN.jpg 800w, https:\/\/vocesparalelas.com.ar\/sitio\/wp-content\/uploads\/2023\/11\/GOBIERNO-SAN-JUAN-300x225.jpg 300w, https:\/\/vocesparalelas.com.ar\/sitio\/wp-content\/uploads\/2023\/11\/GOBIERNO-SAN-JUAN-768x576.jpg 768w\" sizes=\"auto, (max-width: 800px) 100vw, 800px\" \/><\/p>\n","protected":false},"excerpt":{"rendered":"<p>El gobernador de San Juan, Dr. Marcelo Orrego, recibi\u00f3 en Casa de Gobierno la visita oficial del C\u00f3nsul Honorario de<\/p>\n","protected":false},"author":3,"featured_media":94068,"comment_status":"closed","ping_status":"closed","sticky":false,"template":"","format":"standard","meta":{"_acf_changed":false,"_seopress_robots_primary_cat":"none","_seopress_titles_title":"","_seopress_titles_desc":"","_seopress_robots_index":"","colormag_page_container_layout":"default_layout","colormag_page_sidebar_layout":"default_layout","footnotes":""},"categories":[1],"tags":[],"class_list":["post-94065","post","type-post","status-publish","format-standard","has-post-thumbnail","hentry","category-destacadas"],"acf":[],"_links":{"self":[{"href":"https:\/\/vocesparalelas.com.ar\/sitio\/wp-json\/wp\/v2\/posts\/94065","targetHints":{"allow":["GET"]}}],"collection":[{"href":"https:\/\/vocesparalelas.com.ar\/sitio\/wp-json\/wp\/v2\/posts"}],"about":[{"href":"https:\/\/vocesparalelas.com.ar\/sitio\/wp-json\/wp\/v2\/types\/post"}],"author":[{"embeddable":true,"href":"https:\/\/vocesparalelas.com.ar\/sitio\/wp-json\/wp\/v2\/users\/3"}],"replies":[{"embeddable":true,"href":"https:\/\/vocesparalelas.com.ar\/sitio\/wp-json\/wp\/v2\/comments?post=94065"}],"version-history":[{"count":1,"href":"https:\/\/vocesparalelas.com.ar\/sitio\/wp-json\/wp\/v2\/posts\/94065\/revisions"}],"predecessor-version":[{"id":94070,"href":"https:\/\/vocesparalelas.com.ar\/sitio\/wp-json\/wp\/v2\/posts\/94065\/revisions\/94070"}],"wp:featuredmedia":[{"embeddable":true,"href":"https:\/\/vocesparalelas.com.ar\/sitio\/wp-json\/wp\/v2\/media\/94068"}],"wp:attachment":[{"href":"https:\/\/vocesparalelas.com.ar\/sitio\/wp-json\/wp\/v2\/media?parent=94065"}],"wp:term":[{"taxonomy":"category","embeddable":true,"href":"https:\/\/vocesparalelas.com.ar\/sitio\/wp-json\/wp\/v2\/categories?post=94065"},{"taxonomy":"post_tag","embeddable":true,"href":"https:\/\/vocesparalelas.com.ar\/sitio\/wp-json\/wp\/v2\/tags?post=94065"}],"curies":[{"name":"wp","href":"https:\/\/api.w.org\/{rel}","templated":true}]}}