{"id":94058,"date":"2025-11-19T10:53:55","date_gmt":"2025-11-19T13:53:55","guid":{"rendered":"https:\/\/vocesparalelas.com.ar\/sitio\/?p=94058"},"modified":"2025-11-19T23:06:05","modified_gmt":"2025-11-20T02:06:05","slug":"ensayo-general-del-show-central-de-la-fns-2025-mi-tierra-querida-en-san-juan","status":"publish","type":"post","link":"https:\/\/vocesparalelas.com.ar\/sitio\/ensayo-general-del-show-central-de-la-fns-2025-mi-tierra-querida-en-san-juan\/","title":{"rendered":"Ensayo general del show central de la FNS 2025 \u201cMi Tierra Querida\u201d en San Juan"},"content":{"rendered":"<p>En v\u00edsperas del comienzo de la Fiesta Nacional del Sol 2025 \u201cMi Tierra Querida\u201d en San Juan, que se desarrolla el 20; 21 y 22 de Noviembre.<\/p>\n<p><img loading=\"lazy\" decoding=\"async\" class=\"alignnone size-full wp-image-90510\" src=\"https:\/\/vocesparalelas.com.ar\/sitio\/wp-content\/uploads\/2025\/08\/FNS-2025-01.jpg\" alt=\"\" width=\"800\" height=\"450\" srcset=\"https:\/\/vocesparalelas.com.ar\/sitio\/wp-content\/uploads\/2025\/08\/FNS-2025-01.jpg 800w, https:\/\/vocesparalelas.com.ar\/sitio\/wp-content\/uploads\/2025\/08\/FNS-2025-01-300x169.jpg 300w, https:\/\/vocesparalelas.com.ar\/sitio\/wp-content\/uploads\/2025\/08\/FNS-2025-01-768x432.jpg 768w\" sizes=\"auto, (max-width: 800px) 100vw, 800px\" \/><\/p>\n<p>En este contexto, el gobernador de San Juan, Dr. Marcelo Orrego estuvo presente en el ensayo general del show central de la Fiesta Nacional del Sol 2025 \u201cMi Tierra Querida\u201d, oportunidad que aprovech\u00f3 para entregar remeras a los artistas que se encontraron en el lugar.<\/p>\n<p>Lo acompa\u00f1aron, los ministros de Producci\u00f3n, Trabajo e Innovaci\u00f3n, CPN Gustavo Fern\u00e1ndez y de Turismo, Cultura y Deporte, Dr. Guido Romero; secretario de Cultura, Eduardo Varela; productora General, Florencia Poblete y la directora Art\u00edstica, Bel\u00e9n Montilla, entre otros responsables.<\/p>\n<p>Por su parte, el gobernador salud\u00f3 al equipo de trabajo y dialog\u00f3 con sus integrantes sobre la experiencia de abordar una presentaci\u00f3n tan exigente.<\/p>\n<p>Adem\u00e1s, recorri\u00f3 las instalaciones del Vel\u00f3dromo Vicente Alejo Chancay, Departamento Pocito, donde tiene lugar el espect\u00e1culo que se realiza, a las 21.30 hs.; el 20; 21 y 22 de Noviembre, a modo de homenaje a la esencia de San Juan\u00a0 y a su gente.<\/p>\n<p><iframe loading=\"lazy\" title=\"SAN JUAN FNS 2025\" width=\"800\" height=\"450\" src=\"https:\/\/www.youtube.com\/embed\/hG6JPSqgl-k?feature=oembed\" frameborder=\"0\" allow=\"accelerometer; autoplay; clipboard-write; encrypted-media; gyroscope; picture-in-picture; web-share\" referrerpolicy=\"strict-origin-when-cross-origin\" allowfullscreen><\/iframe><\/p>\n","protected":false},"excerpt":{"rendered":"<p>En v\u00edsperas del comienzo de la Fiesta Nacional del Sol 2025 \u201cMi Tierra Querida\u201d en San Juan, que se desarrolla<\/p>\n","protected":false},"author":3,"featured_media":94061,"comment_status":"closed","ping_status":"closed","sticky":false,"template":"","format":"standard","meta":{"_acf_changed":false,"_seopress_robots_primary_cat":"none","_seopress_titles_title":"","_seopress_titles_desc":"","_seopress_robots_index":"","colormag_page_container_layout":"default_layout","colormag_page_sidebar_layout":"default_layout","footnotes":""},"categories":[6,7],"tags":[],"class_list":["post-94058","post","type-post","status-publish","format-standard","has-post-thumbnail","hentry","category-eventos","category-videos"],"acf":[],"_links":{"self":[{"href":"https:\/\/vocesparalelas.com.ar\/sitio\/wp-json\/wp\/v2\/posts\/94058","targetHints":{"allow":["GET"]}}],"collection":[{"href":"https:\/\/vocesparalelas.com.ar\/sitio\/wp-json\/wp\/v2\/posts"}],"about":[{"href":"https:\/\/vocesparalelas.com.ar\/sitio\/wp-json\/wp\/v2\/types\/post"}],"author":[{"embeddable":true,"href":"https:\/\/vocesparalelas.com.ar\/sitio\/wp-json\/wp\/v2\/users\/3"}],"replies":[{"embeddable":true,"href":"https:\/\/vocesparalelas.com.ar\/sitio\/wp-json\/wp\/v2\/comments?post=94058"}],"version-history":[{"count":1,"href":"https:\/\/vocesparalelas.com.ar\/sitio\/wp-json\/wp\/v2\/posts\/94058\/revisions"}],"predecessor-version":[{"id":94062,"href":"https:\/\/vocesparalelas.com.ar\/sitio\/wp-json\/wp\/v2\/posts\/94058\/revisions\/94062"}],"wp:featuredmedia":[{"embeddable":true,"href":"https:\/\/vocesparalelas.com.ar\/sitio\/wp-json\/wp\/v2\/media\/94061"}],"wp:attachment":[{"href":"https:\/\/vocesparalelas.com.ar\/sitio\/wp-json\/wp\/v2\/media?parent=94058"}],"wp:term":[{"taxonomy":"category","embeddable":true,"href":"https:\/\/vocesparalelas.com.ar\/sitio\/wp-json\/wp\/v2\/categories?post=94058"},{"taxonomy":"post_tag","embeddable":true,"href":"https:\/\/vocesparalelas.com.ar\/sitio\/wp-json\/wp\/v2\/tags?post=94058"}],"curies":[{"name":"wp","href":"https:\/\/api.w.org\/{rel}","templated":true}]}}