{"id":94053,"date":"2025-11-19T10:33:52","date_gmt":"2025-11-19T13:33:52","guid":{"rendered":"https:\/\/vocesparalelas.com.ar\/sitio\/?p=94053"},"modified":"2025-11-19T23:03:37","modified_gmt":"2025-11-20T02:03:37","slug":"ii-jornada-de-calidad-en-el-hospital-dr-marcial-quiroga-de-san-juan","status":"publish","type":"post","link":"https:\/\/vocesparalelas.com.ar\/sitio\/ii-jornada-de-calidad-en-el-hospital-dr-marcial-quiroga-de-san-juan\/","title":{"rendered":"II Jornada de Calidad en el Hospital Dr. Marcial Quiroga de San Juan"},"content":{"rendered":"<div class=\"itemImageBlock\">\n<div class=\"clr\">El Hospital Dr. Marcial Quiroga del Ministerio de Salud del Gobierno de San Juan desarroll\u00f3 la\u00a0II Jornada de Calidad, organizada por el Comit\u00e9 de Gesti\u00f3n de Calidad, con el objetivo de consolidar un espacio de reflexi\u00f3n, intercambio y actualizaci\u00f3n orientado a mejorar los procesos institucionales y promover la excelencia en la atenci\u00f3n sanitaria.<\/div>\n<\/div>\n<div class=\"itemFullText\">\n<p>Durante la apertura del encuentro, el Director M\u00e9dico, Dr. Sergio Albarrac\u00edn subray\u00f3 que \u00abla importancia de aplicar principios de calidad en todas las pr\u00e1cticas cotidianas. La calidad debe aplicarse en lo que hacemos d\u00eda a d\u00eda, sobre todo en lo asistencial. Tenemos un largo proceso para gestionar y mostrar lo que venimos haciendo\u201d.<\/p>\n<p>Por su parte, la presidenta del Comit\u00e9 de Gesti\u00f3n de Calidad, Lic. Stella Aguilar, , destac\u00f3 que \u00abel valor del trabajo colectivo y el compromiso institucional, es un honor poder realizar esta II jornada, un espacio concebido con gran entusiasmo y un compromiso asumido con la instituci\u00f3n, porque cada cambio que proponemos nos lleva a un nuevo punto de partida y comenzar otra vez con el proceso de calidad\u201d.<\/p>\n<p>La calidad constituye un pilar fundamental en los servicios de salud del \u00e1mbito p\u00fablico, ya que los desaf\u00edos vinculados a la eficiencia, la gesti\u00f3n de recursos y la atenci\u00f3n equitativa exigen una revisi\u00f3n constante de los procesos. En ese sentido, la jornada result\u00f3 un espacio clave para visibilizar los avances logrados por los distintos servicios y profundizar el trabajo articulado entre equipos.<\/p>\n<p>A lo largo del encuentro, profesionales de diversas \u00e1reas expusieron experiencias, presentaron resultados y compartieron estrategias de mejora continua vinculadas a la gesti\u00f3n de calidad dentro del hospital. Adem\u00e1s, especialistas invitados aportaron enfoques actualizados que enriquecieron el an\u00e1lisis y brindaron herramientas para optimizar las pr\u00e1cticas cotidianas.<\/p>\n<p>El lema elegido para esta edici\u00f3n, \u201cUn ciclo sin fin, que nos une y transforma\u201d, refleja el compromiso institucional de sostener una cultura de mejora permanente, donde cada \u00e1rea contribuye desde su rol al fortalecimiento del sistema de atenci\u00f3n.<\/p>\n<p>Con esta segunda jornada, el Hospital Dr. Marcial Quiroga reafirma su compromiso con la promoci\u00f3n de una gesti\u00f3n sanitaria eficiente, segura y centrada en las personas, impulsando acciones que favorezcan la excelencia y el crecimiento profesional de sus equipos.<\/p>\n<p><img loading=\"lazy\" decoding=\"async\" class=\"alignnone size-full wp-image-50515\" src=\"https:\/\/vocesparalelas.com.ar\/sitio\/wp-content\/uploads\/2022\/07\/HMQ-FRENTE.jpg\" alt=\"\" width=\"800\" height=\"600\" srcset=\"https:\/\/vocesparalelas.com.ar\/sitio\/wp-content\/uploads\/2022\/07\/HMQ-FRENTE.jpg 800w, https:\/\/vocesparalelas.com.ar\/sitio\/wp-content\/uploads\/2022\/07\/HMQ-FRENTE-300x225.jpg 300w, https:\/\/vocesparalelas.com.ar\/sitio\/wp-content\/uploads\/2022\/07\/HMQ-FRENTE-768x576.jpg 768w\" sizes=\"auto, (max-width: 800px) 100vw, 800px\" \/><\/p>\n<\/div>\n","protected":false},"excerpt":{"rendered":"<p>El Hospital Dr. Marcial Quiroga del Ministerio de Salud del Gobierno de San Juan desarroll\u00f3 la\u00a0II Jornada de Calidad, organizada<\/p>\n","protected":false},"author":3,"featured_media":94056,"comment_status":"closed","ping_status":"closed","sticky":false,"template":"","format":"standard","meta":{"_acf_changed":false,"_seopress_robots_primary_cat":"none","_seopress_titles_title":"","_seopress_titles_desc":"","_seopress_robots_index":"","colormag_page_container_layout":"default_layout","colormag_page_sidebar_layout":"default_layout","footnotes":""},"categories":[15],"tags":[],"class_list":["post-94053","post","type-post","status-publish","format-standard","has-post-thumbnail","hentry","category-posgrados"],"acf":[],"_links":{"self":[{"href":"https:\/\/vocesparalelas.com.ar\/sitio\/wp-json\/wp\/v2\/posts\/94053","targetHints":{"allow":["GET"]}}],"collection":[{"href":"https:\/\/vocesparalelas.com.ar\/sitio\/wp-json\/wp\/v2\/posts"}],"about":[{"href":"https:\/\/vocesparalelas.com.ar\/sitio\/wp-json\/wp\/v2\/types\/post"}],"author":[{"embeddable":true,"href":"https:\/\/vocesparalelas.com.ar\/sitio\/wp-json\/wp\/v2\/users\/3"}],"replies":[{"embeddable":true,"href":"https:\/\/vocesparalelas.com.ar\/sitio\/wp-json\/wp\/v2\/comments?post=94053"}],"version-history":[{"count":1,"href":"https:\/\/vocesparalelas.com.ar\/sitio\/wp-json\/wp\/v2\/posts\/94053\/revisions"}],"predecessor-version":[{"id":94057,"href":"https:\/\/vocesparalelas.com.ar\/sitio\/wp-json\/wp\/v2\/posts\/94053\/revisions\/94057"}],"wp:featuredmedia":[{"embeddable":true,"href":"https:\/\/vocesparalelas.com.ar\/sitio\/wp-json\/wp\/v2\/media\/94056"}],"wp:attachment":[{"href":"https:\/\/vocesparalelas.com.ar\/sitio\/wp-json\/wp\/v2\/media?parent=94053"}],"wp:term":[{"taxonomy":"category","embeddable":true,"href":"https:\/\/vocesparalelas.com.ar\/sitio\/wp-json\/wp\/v2\/categories?post=94053"},{"taxonomy":"post_tag","embeddable":true,"href":"https:\/\/vocesparalelas.com.ar\/sitio\/wp-json\/wp\/v2\/tags?post=94053"}],"curies":[{"name":"wp","href":"https:\/\/api.w.org\/{rel}","templated":true}]}}