{"id":94048,"date":"2025-11-18T22:56:38","date_gmt":"2025-11-19T01:56:38","guid":{"rendered":"https:\/\/vocesparalelas.com.ar\/sitio\/?p=94048"},"modified":"2025-11-19T22:40:42","modified_gmt":"2025-11-20T01:40:42","slug":"declaraciones-del-vicegobernador-de-san-juan-dr-fabian-martin-12","status":"publish","type":"post","link":"https:\/\/vocesparalelas.com.ar\/sitio\/declaraciones-del-vicegobernador-de-san-juan-dr-fabian-martin-12\/","title":{"rendered":"Declaraciones del Vicegobernador de San Juan, Dr. Fabi\u00e1n Mart\u00edn"},"content":{"rendered":"<p>La Municipalidad de la Ciudad de Rivadavia inaugur\u00f3 la \u00a8Plaza del Barrio Camus\u00bb donde fue invitados muy especialmente, el Vicegobernador de San Juan, Dr. Fabi\u00e1n Mart\u00edn, quien realiz\u00f3 declaraciones a los Periodistas San Juan.<\/p>\n<p><iframe loading=\"lazy\" title=\"RIVADAVIA VICEGOBERNADOR DR FABI\u00c1N MART\u00cdN \" width=\"800\" height=\"450\" src=\"https:\/\/www.youtube.com\/embed\/YtW1kC-LxSM?feature=oembed\" frameborder=\"0\" allow=\"accelerometer; autoplay; clipboard-write; encrypted-media; gyroscope; picture-in-picture; web-share\" referrerpolicy=\"strict-origin-when-cross-origin\" allowfullscreen><\/iframe><\/p>\n<p>Es importantes destacar que, al ganar las elecciones en Octubre 2025 por el Frente Por San Juan una banca en la C\u00e1mara de Diputados de la Naci\u00f3n Argentina el 10 de Diciembre debe asumir su rol como tal definido por el voto que confi\u00f3 y conf\u00eda en \u00e9l.<\/p>\n<figure id=\"attachment_37951\" aria-describedby=\"caption-attachment-37951\" style=\"width: 800px\" class=\"wp-caption alignnone\"><img loading=\"lazy\" decoding=\"async\" class=\"size-full wp-image-37951\" src=\"https:\/\/vocesparalelas.com.ar\/sitio\/wp-content\/uploads\/2021\/05\/CAMARA-EDIFICIO.jpg\" alt=\"\" width=\"800\" height=\"515\" srcset=\"https:\/\/vocesparalelas.com.ar\/sitio\/wp-content\/uploads\/2021\/05\/CAMARA-EDIFICIO.jpg 800w, https:\/\/vocesparalelas.com.ar\/sitio\/wp-content\/uploads\/2021\/05\/CAMARA-EDIFICIO-300x193.jpg 300w, https:\/\/vocesparalelas.com.ar\/sitio\/wp-content\/uploads\/2021\/05\/CAMARA-EDIFICIO-768x494.jpg 768w\" sizes=\"auto, (max-width: 800px) 100vw, 800px\" \/><figcaption id=\"caption-attachment-37951\" class=\"wp-caption-text\">Legislatura Provincial de San Juan, Rep\u00fablica Argentina<\/figcaption><\/figure>\n<p>&nbsp;<\/p>\n<p>&nbsp;<\/p>\n","protected":false},"excerpt":{"rendered":"<p>La Municipalidad de la Ciudad de Rivadavia inaugur\u00f3 la \u00a8Plaza del Barrio Camus\u00bb donde fue invitados muy especialmente, el Vicegobernador<\/p>\n","protected":false},"author":3,"featured_media":94051,"comment_status":"closed","ping_status":"closed","sticky":false,"template":"","format":"standard","meta":{"_acf_changed":false,"_seopress_robots_primary_cat":"none","_seopress_titles_title":"","_seopress_titles_desc":"","_seopress_robots_index":"","colormag_page_container_layout":"default_layout","colormag_page_sidebar_layout":"default_layout","footnotes":""},"categories":[10,7],"tags":[],"class_list":["post-94048","post","type-post","status-publish","format-standard","has-post-thumbnail","hentry","category-opiniones","category-videos"],"acf":[],"_links":{"self":[{"href":"https:\/\/vocesparalelas.com.ar\/sitio\/wp-json\/wp\/v2\/posts\/94048","targetHints":{"allow":["GET"]}}],"collection":[{"href":"https:\/\/vocesparalelas.com.ar\/sitio\/wp-json\/wp\/v2\/posts"}],"about":[{"href":"https:\/\/vocesparalelas.com.ar\/sitio\/wp-json\/wp\/v2\/types\/post"}],"author":[{"embeddable":true,"href":"https:\/\/vocesparalelas.com.ar\/sitio\/wp-json\/wp\/v2\/users\/3"}],"replies":[{"embeddable":true,"href":"https:\/\/vocesparalelas.com.ar\/sitio\/wp-json\/wp\/v2\/comments?post=94048"}],"version-history":[{"count":1,"href":"https:\/\/vocesparalelas.com.ar\/sitio\/wp-json\/wp\/v2\/posts\/94048\/revisions"}],"predecessor-version":[{"id":94052,"href":"https:\/\/vocesparalelas.com.ar\/sitio\/wp-json\/wp\/v2\/posts\/94048\/revisions\/94052"}],"wp:featuredmedia":[{"embeddable":true,"href":"https:\/\/vocesparalelas.com.ar\/sitio\/wp-json\/wp\/v2\/media\/94051"}],"wp:attachment":[{"href":"https:\/\/vocesparalelas.com.ar\/sitio\/wp-json\/wp\/v2\/media?parent=94048"}],"wp:term":[{"taxonomy":"category","embeddable":true,"href":"https:\/\/vocesparalelas.com.ar\/sitio\/wp-json\/wp\/v2\/categories?post=94048"},{"taxonomy":"post_tag","embeddable":true,"href":"https:\/\/vocesparalelas.com.ar\/sitio\/wp-json\/wp\/v2\/tags?post=94048"}],"curies":[{"name":"wp","href":"https:\/\/api.w.org\/{rel}","templated":true}]}}