{"id":94018,"date":"2025-11-18T21:54:23","date_gmt":"2025-11-19T00:54:23","guid":{"rendered":"https:\/\/vocesparalelas.com.ar\/sitio\/?p=94018"},"modified":"2025-11-18T21:54:23","modified_gmt":"2025-11-19T00:54:23","slug":"concurso-provincial-de-flyer-sobre-el-uso-responsable-de-antimicrobianos-y-sus-ganadores-de-san-juan","status":"publish","type":"post","link":"https:\/\/vocesparalelas.com.ar\/sitio\/concurso-provincial-de-flyer-sobre-el-uso-responsable-de-antimicrobianos-y-sus-ganadores-de-san-juan\/","title":{"rendered":"Concurso Provincial de Flyer sobre el Uso Responsable de Antimicrobianos y sus ganadores de San Juan"},"content":{"rendered":"<p>Con la presencia de autoridades provinciales, docentes y estudiantes, se realiz\u00f3 el acto de entrega de premios del Concurso Provincial de Flyer sobre el Uso Responsable de Antimicrobianos, en la sala Emar Acosta del Anexo de la Legislatura de San Juan y reuni\u00f3 a los alumnos ganadores junto a sus familias y equipos escolares.<\/p>\n<p>El certamen, orientado a promover mensajes educativos sobre el uso adecuado de antibi\u00f3ticos, tuvo la presentaci\u00f3n de 250 flyer en total, y distingui\u00f3 a seis escuelas cuyos trabajos fueron seleccionados por un jurado especializado. Tanto los primeros premios como las menciones especiales destacaron por la creatividad, la claridad de los mensajes y el compromiso con la educaci\u00f3n para la salud.<\/p>\n<p>Los seis estudiantes que obtuvieron los primeros premios recibieron como reconocimiento una bicicleta, otorgada por la organizaci\u00f3n del concurso.<\/p>\n<p>Entre las autoridades presentes se encontraron los ministros de Salud del Gobierno de San Juan, Dr. Amilcar Dobladez, y de Educaci\u00f3n, Lic. Silvia Fuentes; los secretarios T\u00e9cnico de Salud, Dr. Alejandro Navarta, y de Educaci\u00f3n, Lic. Mariela Lueje; la jefa del Departamento de Medicina Sanitaria, Dra. Cecilia Clavijo; la jefa de Epidemiolog\u00eda, Dra. Liliana Bertoni; adem\u00e1s de supervisores y directores escolares.<\/p>\n<p>La jefa de Epidemiolog\u00eda, Dra. Liliana Bertoni se\u00f1al\u00f3 que \u00abagradezco a las autoridades presentes y doy la bienvenida al tercer simposio provincial sobre resistencia antimicrobiana. Es muy importante abordar el problema de manera colaborativa. Adem\u00e1s, agradezco la participaci\u00f3n de alumnos con la necesidad de intercambiar conocimientos y acciones para generar cambios\u00bb.<\/p>\n<p>Durante el acto, ambos ministros coincidieron en subrayar la importancia del uso responsable de los medicamentos. El uso indebido y sin prescripci\u00f3n m\u00e9dica podr\u00eda resultar muy grave para la salud.<\/p>\n<p>La ministra de Educaci\u00f3n, Lic. Silvia Fuentes puntualiz\u00f3 que \u00abfelicit\u00f3 especialmente a los docentes y alumnos por participar en un concurso tan importante e inculcar que la salud no puede ponerse en riesgo por conductas inapropiadas. No hay que tomar medicamentos ni antibi\u00f3ticos sin la consulta previa a un profesional. El gran premio que nos vamos a llevar hoy es el conocimiento, que todos hemos aprendido algo nuevo\u201d.<\/p>\n<p>A su turno, el ministro de Salud, Dr. Amilcar Dobladez advirti\u00f3 que \u201cla automedicaci\u00f3n de antibi\u00f3ticos genera bacterias resistentes y, por consiguiente, consecuencias negativas para la salud. Tambi\u00e9n inst\u00f3 a los j\u00f3venes a no recurrir a internet para resolver problemas de salud, porque all\u00ed circula informaci\u00f3n falsa que puede confundir y perjudicar\u201d.<\/p>\n<p>\u201cNo acudan al doctor internet. Nada va a ser m\u00e1s certero que las indicaciones de un m\u00e9dico. La presentaci\u00f3n de 250 trabajos realizados en flyers, donde se ha buscado c\u00f3mo concientizar sobre el cuidado de la salud. \u201cLa verdad que es superador y nos damos cuenta, una vez m\u00e1s, que el trabajo en conjunto con educaci\u00f3n, en equipo interministerial, como nos pide el Gobernador, nos permite estar m\u00e1s cerca de la gente y que las cosas resulten exitosas\u201d- sintetiz\u00f3 el Dr. Dobladez.<\/p>\n<p><span style=\"color: #ff0000;\"><strong>Ganadores<\/strong><\/span><br \/>\n<span style=\"color: #ff0000;\"><strong>Primer Premio<\/strong><\/span><br \/>\n<span style=\"color: #ff0000;\"><strong>Nivel Primario<\/strong><\/span><\/p>\n<p><span style=\"color: #ff0000;\"><strong>Escuela ganadora: Jos\u00e9 Rudecindo Rojo, Departamento Pocito, 6.\u00ba grado C.<\/strong><\/span><\/p>\n<ul>\n<li>Alumnos: Leandro Josu\u00e9 Castro Di Carlo; Joaqu\u00edn Ignacio Cobarrubia Tapia; Pablo Dami\u00e1n Vieyra Mor\u00e1n.<\/li>\n<li>Docente tutor: Florencia Milena Tejada.<\/li>\n<\/ul>\n<p><span style=\"color: #ff0000;\"><strong>Nivel Secundario<\/strong><\/span><\/p>\n<p><span style=\"color: #ff0000;\"><strong>Escuela ganadora: Eugenia Bel\u00edn Sarmiento, Departamento Rawson.<\/strong><\/span><\/p>\n<ul>\n<li>Alumnos: Samuel Quiroga y Yoel Manrique Leyes.<\/li>\n<li>Docente tutor: Lic. Fabi\u00e1n Caba\u00f1es.<\/li>\n<\/ul>\n<p><strong><span style=\"color: #ff0000;\">Menciones Especiales<\/span><\/strong><br \/>\n<strong><span style=\"color: #ff0000;\">Nivel Primario<\/span><\/strong><br \/>\n<strong><span style=\"color: #ff0000;\">Menci\u00f3n Especial<\/span><\/strong><\/p>\n<p><strong><span style=\"color: #ff0000;\">Escuela: Provincia del Chubut, Departamento J\u00e1chal.<\/span><\/strong><\/p>\n<ul>\n<li>Alumnos: Mart\u00edn Am\u00edlcar Guevara Vera; Emma Siloe Alcar\u00e1z Zalazar; Damaris Monta\u00f1o Olivares.<\/li>\n<li>Docente tutora: Teresa del Carmen P\u00e1ez.<\/li>\n<\/ul>\n<p>Cada alumno recibi\u00f3 auriculares, un kit escolar y un diploma de reconocimiento. El docente tutor fue distinguido con un diploma y un mate institucional, adem\u00e1s de un kit de primeros auxilios para su curso.<\/p>\n<p><span style=\"color: #ff0000;\"><strong>Menci\u00f3n Especial<\/strong><\/span><\/p>\n<p><span style=\"color: #ff0000;\"><strong>Escuela: Colegio Integral Independencia.<\/strong><\/span><\/p>\n<ul>\n<li>Alumnos: Tom\u00e1s Bacha, Constanza Mar\u00edn y Agust\u00edn Fornes.<\/li>\n<li>Docentes tutoras: Gabriela Rosales y Viviana Robelli.<\/li>\n<\/ul>\n<p><strong><span style=\"color: #ff0000;\">Nivel Secundario<\/span><\/strong><br \/>\n<strong><span style=\"color: #ff0000;\">Menci\u00f3n Especial<\/span><\/strong><\/p>\n<p><strong><span style=\"color: #ff0000;\">Escuela: Colegio Integral.<\/span><\/strong><\/p>\n<ul>\n<li>Alumnos: Luciana Cerimendo Aranda; Santino Jerem\u00edas Espejo; Emilia Salvo Portillo.<\/li>\n<li>Docente tutora: Prof. Paola Andrea Fratini.<\/li>\n<\/ul>\n<p><strong><span style=\"color: #ff0000;\">Menci\u00f3n Especial<\/span><\/strong><\/p>\n<p><span style=\"color: #ff0000;\"><strong>Escuela: Ram\u00f3n Barrera, Departamento 25 de Mayo.<\/strong><\/span><\/p>\n<ul>\n<li>Alumnos: Bianca Quiroga; Ludmila Mu\u00f1oz; Sof\u00eda P\u00e9rez.<\/li>\n<li>Docente tutora: Prof. Susana Castro<\/li>\n<\/ul>\n<p><img loading=\"lazy\" decoding=\"async\" class=\"alignnone size-large wp-image-7688\" src=\"https:\/\/vocesparalelas.com.ar\/sitio\/wp-content\/uploads\/2017\/11\/ANTIBIOTICOS-800x531.jpeg\" alt=\"\" width=\"800\" height=\"531\" srcset=\"https:\/\/vocesparalelas.com.ar\/sitio\/wp-content\/uploads\/2017\/11\/ANTIBIOTICOS-800x531.jpeg 800w, https:\/\/vocesparalelas.com.ar\/sitio\/wp-content\/uploads\/2017\/11\/ANTIBIOTICOS-300x199.jpeg 300w, https:\/\/vocesparalelas.com.ar\/sitio\/wp-content\/uploads\/2017\/11\/ANTIBIOTICOS-768x510.jpeg 768w, https:\/\/vocesparalelas.com.ar\/sitio\/wp-content\/uploads\/2017\/11\/ANTIBIOTICOS.jpeg 1024w\" sizes=\"auto, (max-width: 800px) 100vw, 800px\" \/><\/p>\n","protected":false},"excerpt":{"rendered":"<p>Con la presencia de autoridades provinciales, docentes y estudiantes, se realiz\u00f3 el acto de entrega de premios del Concurso Provincial<\/p>\n","protected":false},"author":3,"featured_media":94021,"comment_status":"closed","ping_status":"closed","sticky":false,"template":"","format":"standard","meta":{"_acf_changed":false,"_seopress_robots_primary_cat":"none","_seopress_titles_title":"","_seopress_titles_desc":"","_seopress_robots_index":"","colormag_page_container_layout":"default_layout","colormag_page_sidebar_layout":"default_layout","footnotes":""},"categories":[1],"tags":[],"class_list":["post-94018","post","type-post","status-publish","format-standard","has-post-thumbnail","hentry","category-destacadas"],"acf":[],"_links":{"self":[{"href":"https:\/\/vocesparalelas.com.ar\/sitio\/wp-json\/wp\/v2\/posts\/94018","targetHints":{"allow":["GET"]}}],"collection":[{"href":"https:\/\/vocesparalelas.com.ar\/sitio\/wp-json\/wp\/v2\/posts"}],"about":[{"href":"https:\/\/vocesparalelas.com.ar\/sitio\/wp-json\/wp\/v2\/types\/post"}],"author":[{"embeddable":true,"href":"https:\/\/vocesparalelas.com.ar\/sitio\/wp-json\/wp\/v2\/users\/3"}],"replies":[{"embeddable":true,"href":"https:\/\/vocesparalelas.com.ar\/sitio\/wp-json\/wp\/v2\/comments?post=94018"}],"version-history":[{"count":1,"href":"https:\/\/vocesparalelas.com.ar\/sitio\/wp-json\/wp\/v2\/posts\/94018\/revisions"}],"predecessor-version":[{"id":94022,"href":"https:\/\/vocesparalelas.com.ar\/sitio\/wp-json\/wp\/v2\/posts\/94018\/revisions\/94022"}],"wp:featuredmedia":[{"embeddable":true,"href":"https:\/\/vocesparalelas.com.ar\/sitio\/wp-json\/wp\/v2\/media\/94021"}],"wp:attachment":[{"href":"https:\/\/vocesparalelas.com.ar\/sitio\/wp-json\/wp\/v2\/media?parent=94018"}],"wp:term":[{"taxonomy":"category","embeddable":true,"href":"https:\/\/vocesparalelas.com.ar\/sitio\/wp-json\/wp\/v2\/categories?post=94018"},{"taxonomy":"post_tag","embeddable":true,"href":"https:\/\/vocesparalelas.com.ar\/sitio\/wp-json\/wp\/v2\/tags?post=94018"}],"curies":[{"name":"wp","href":"https:\/\/api.w.org\/{rel}","templated":true}]}}