{"id":94012,"date":"2025-11-18T09:25:30","date_gmt":"2025-11-18T12:25:30","guid":{"rendered":"https:\/\/vocesparalelas.com.ar\/sitio\/?p=94012"},"modified":"2025-11-19T20:54:22","modified_gmt":"2025-11-19T23:54:22","slug":"basta-de-migajas-rechazo-total-y-absoluto-aceptar-es-ser-complice-del-destrato-docente","status":"publish","type":"post","link":"https:\/\/vocesparalelas.com.ar\/sitio\/basta-de-migajas-rechazo-total-y-absoluto-aceptar-es-ser-complice-del-destrato-docente\/","title":{"rendered":"\u00a1Basta de migajas! rechazo total y absoluto aceptar es ser c\u00f3mplice del destrato docente"},"content":{"rendered":"<p>UDA comunica su en\u00e9rgico y categ\u00f3rico rechazo a la propuesta salarial presentada por el Gobierno el 17 de noviembre de 2025. Consideramos esta oferta no solo peor que las anteriores, sino la confirmaci\u00f3n expl\u00edcita de una decisi\u00f3n pol\u00edtica de desfinanciar y precarizar a la docencia.<\/p>\n<p>La Justificaci\u00f3n Irrefutable de Nuestro NO<\/p>\n<p>Nuestro rechazo se fundamenta en la garant\u00eda de la p\u00e9rdida salarial y la burla a nuestro esfuerzo:<\/p>\n<p>X Bono Absolutamente Devaluado: El bono de $100.000 es id\u00e9ntico al otorgado el a\u00f1o pasado, lo que lo posiciona, nuevamente, como el m\u00e1s bajo del pa\u00eds<\/p>\n<p>X La Trampa del Congelamiento Salarial: El 5% propuesto para marzo de 2026 se calcula tomando como base el IPC de noviembre de 2025. Esto se traduce en un congelamiento t\u00e1cito de tres meses de nuestros ingresos.<\/p>\n<p><span style=\"color: #0000ff;\"><strong>El Salario Docente: La Verg\u00fcenza Nacional<\/strong><\/span><\/p>\n<p>Esta pol\u00edtica salarial nos condena a mantener el PEOR SALARIO DOCENTE DEL PA\u00cdS, un hecho que contradice la promesa p\u00fablica de alcanzar el \u00abmejor sueldo docente del pa\u00eds\u00bb.<\/p>\n<p>Se demuestra una clara falta de prioridad hacia los docentes sanjuaninos, cuando se retrasa o maneja la negociaci\u00f3n paritaria sin tener en cuenta el contexto ni las necesidades, ante esta crisis salarial,<\/p>\n<p>La manoseada frase del \u00abmayor esfuerzo\u00bb se ha convertido en el caballito de batalla de los gobernantes de turno, cuyo \u00fanico resultado es el destrato y la desvalorizaci\u00f3n del trabajador de la educaci\u00f3n.<\/p>\n<p>UDA NO A\u0421\u0415\u0420\u0422\u0410.<\/p>\n<p>Por lo tanto, demandamos al Gobierno:<\/p>\n<p>Una modificaci\u00f3n inmediata a la propuesta.<\/p>\n<p>Una oferta seria y digna que compense la p\u00e9rdida salarial.<\/p>\n<p>La cr\u00edtica a los gremios es una maniobra distractiva. El verdadero problema es la liquidaci\u00f3n salarial de forma arbitraria, aplicando solo el IPC para su propia conveniencia y marginando recomposicion en el c\u00f3digo A01 con 4 puntos.<\/p>\n<p>El cumplimiento urgente del compromiso de lograr el salario que la docencia sanjuanina se merece.<\/p>\n<p>Desde la UDA advertimos que son las decisiones arbitrarias y el destrato del Gobierno los \u00fanicos responsables de romper la paz social. Los docentes NOS MERECEMOS el cumplimiento de lo prometido, por lo que nos mantenemos en estado de alerta.<\/p>\n<p style=\"text-align: right;\">Comisi\u00f3n Directiva UDA Seccional San Juan<\/p>\n<p><img loading=\"lazy\" decoding=\"async\" class=\"alignnone size-full wp-image-86898\" src=\"https:\/\/vocesparalelas.com.ar\/sitio\/wp-content\/uploads\/2025\/05\/UDA-LOGO.jpg\" alt=\"\" width=\"800\" height=\"455\" srcset=\"https:\/\/vocesparalelas.com.ar\/sitio\/wp-content\/uploads\/2025\/05\/UDA-LOGO.jpg 800w, https:\/\/vocesparalelas.com.ar\/sitio\/wp-content\/uploads\/2025\/05\/UDA-LOGO-300x171.jpg 300w, https:\/\/vocesparalelas.com.ar\/sitio\/wp-content\/uploads\/2025\/05\/UDA-LOGO-768x437.jpg 768w\" sizes=\"auto, (max-width: 800px) 100vw, 800px\" \/><\/p>\n<blockquote class=\"wp-embedded-content\" data-secret=\"lyQAJyTyMC\"><p><a href=\"https:\/\/vocesparalelas.com.ar\/sitio\/sin-acuerdo-paritario-entre-los-gremios-docentes-y-el-gobierno-de-san-juan\/\">Sin acuerdo paritario entre los Gremios Docentes y el Gobierno de San Juan<\/a><\/p><\/blockquote>\n<p><iframe loading=\"lazy\" class=\"wp-embedded-content\" sandbox=\"allow-scripts\" security=\"restricted\" style=\"position: absolute; visibility: hidden;\" title=\"\u00abSin acuerdo paritario entre los Gremios Docentes y el Gobierno de San Juan\u00bb \u2014 Voces Paralelas\" src=\"https:\/\/vocesparalelas.com.ar\/sitio\/sin-acuerdo-paritario-entre-los-gremios-docentes-y-el-gobierno-de-san-juan\/embed\/#?secret=nNRYgVYPRV#?secret=lyQAJyTyMC\" data-secret=\"lyQAJyTyMC\" width=\"600\" height=\"338\" frameborder=\"0\" marginwidth=\"0\" marginheight=\"0\" scrolling=\"no\"><\/iframe><\/p>\n","protected":false},"excerpt":{"rendered":"<p>UDA comunica su en\u00e9rgico y categ\u00f3rico rechazo a la propuesta salarial presentada por el Gobierno el 17 de noviembre de<\/p>\n","protected":false},"author":3,"featured_media":74657,"comment_status":"closed","ping_status":"closed","sticky":false,"template":"","format":"standard","meta":{"_acf_changed":false,"_seopress_robots_primary_cat":"none","_seopress_titles_title":"","_seopress_titles_desc":"","_seopress_robots_index":"","colormag_page_container_layout":"default_layout","colormag_page_sidebar_layout":"default_layout","footnotes":""},"categories":[5],"tags":[],"class_list":["post-94012","post","type-post","status-publish","format-standard","has-post-thumbnail","hentry","category-ofrecimientos"],"acf":[],"_links":{"self":[{"href":"https:\/\/vocesparalelas.com.ar\/sitio\/wp-json\/wp\/v2\/posts\/94012","targetHints":{"allow":["GET"]}}],"collection":[{"href":"https:\/\/vocesparalelas.com.ar\/sitio\/wp-json\/wp\/v2\/posts"}],"about":[{"href":"https:\/\/vocesparalelas.com.ar\/sitio\/wp-json\/wp\/v2\/types\/post"}],"author":[{"embeddable":true,"href":"https:\/\/vocesparalelas.com.ar\/sitio\/wp-json\/wp\/v2\/users\/3"}],"replies":[{"embeddable":true,"href":"https:\/\/vocesparalelas.com.ar\/sitio\/wp-json\/wp\/v2\/comments?post=94012"}],"version-history":[{"count":1,"href":"https:\/\/vocesparalelas.com.ar\/sitio\/wp-json\/wp\/v2\/posts\/94012\/revisions"}],"predecessor-version":[{"id":94015,"href":"https:\/\/vocesparalelas.com.ar\/sitio\/wp-json\/wp\/v2\/posts\/94012\/revisions\/94015"}],"wp:featuredmedia":[{"embeddable":true,"href":"https:\/\/vocesparalelas.com.ar\/sitio\/wp-json\/wp\/v2\/media\/74657"}],"wp:attachment":[{"href":"https:\/\/vocesparalelas.com.ar\/sitio\/wp-json\/wp\/v2\/media?parent=94012"}],"wp:term":[{"taxonomy":"category","embeddable":true,"href":"https:\/\/vocesparalelas.com.ar\/sitio\/wp-json\/wp\/v2\/categories?post=94012"},{"taxonomy":"post_tag","embeddable":true,"href":"https:\/\/vocesparalelas.com.ar\/sitio\/wp-json\/wp\/v2\/tags?post=94012"}],"curies":[{"name":"wp","href":"https:\/\/api.w.org\/{rel}","templated":true}]}}