{"id":93987,"date":"2025-11-17T21:46:30","date_gmt":"2025-11-18T00:46:30","guid":{"rendered":"https:\/\/vocesparalelas.com.ar\/sitio\/?p=93987"},"modified":"2025-11-17T22:49:42","modified_gmt":"2025-11-18T01:49:42","slug":"avanza-en-la-operacion-integral-de-la-planta-fotovoltaica-didactica-en-san-juan","status":"publish","type":"post","link":"https:\/\/vocesparalelas.com.ar\/sitio\/avanza-en-la-operacion-integral-de-la-planta-fotovoltaica-didactica-en-san-juan\/","title":{"rendered":"Avanza en la operaci\u00f3n integral de la Planta Fotovoltaica Did\u00e1ctica en San Juan"},"content":{"rendered":"<p>La EPET N\u00ba 7 del Departamento Rivadavia, dependiente de la Direcci\u00f3n de Educaci\u00f3n T\u00e9cnica y Formaci\u00f3n Profesional del Ministerio de Educaci\u00f3n del Gobierno de San Juan, avanza en la operaci\u00f3n integral de su Planta Fotovoltaica Did\u00e1ctica, un desarrollo \u00fanico en la provincia que convierte a la escuela en la primera instituci\u00f3n educativa de San Juan en generar energ\u00eda el\u00e9ctrica desde paneles solares, abastecer consumos internos y volcar a la red provincial la energ\u00eda excedente.<\/p>\n<p>La instalaci\u00f3n posee una potencia instalada de 10 kVA y est\u00e1 configurada con paneles solares, reguladores MPPT, inversores h\u00edbridos y un sistema de bater\u00edas de litio que garantiza almacenamiento y autonom\u00eda energ\u00e9tica. Este dise\u00f1o permite que los estudiantes trabajen con equipamiento id\u00e9ntico al utilizado en plantas industriales, aprendiendo en condiciones reales de operaci\u00f3n y gesti\u00f3n energ\u00e9tica.<\/p>\n<p>Por su parte, permite la inyecci\u00f3n de excedentes a la red el\u00e9ctrica y garantizar el suministro a cargas cr\u00edticas. Todos los componentes de la planta fueron adquiridos a trav\u00e9s de un proyecto de cr\u00e9dito fiscal con el auspicio de la empresa Loma Negra. El armado, montaje y puesta en funcionamiento fue realizado por los alumnos y docentes de la escuela.<\/p>\n<p>La instalaci\u00f3n de una planta fotovoltaica a escala real es fundamental para cerrar la brecha entre la teor\u00eda y la pr\u00e1ctica. Es que los futuros t\u00e9cnicos necesitan interactuar directamente con equipos de alta gama para dominar la instalaci\u00f3n, el monitoreo, la diagnosis de fallas y la optimizaci\u00f3n de sistemas fotovoltaicos h\u00edbridos, garantizando que se formen en un entorno de trabajo real y con tecnolog\u00eda actual.<\/p>\n<p><span style=\"color: #ff6600;\"><strong>De esta manera, la planta funciona como un aula-taller t\u00e9cnico vivo, donde los alumnos pueden:<\/strong><\/span><\/p>\n<ul>\n<li>Analizar producci\u00f3n energ\u00e9tica diaria y estacional.<\/li>\n<li>Ensayar configuraciones de m\u00f3dulos solares y rendimientos.<\/li>\n<li>Gestionar software de monitoreo en tiempo real.<\/li>\n<li>Diagnosticar fallas y aplicar mantenimiento profesional.<\/li>\n<li>Evaluar el balance energ\u00e9tico y la inyecci\u00f3n a red.<\/li>\n<\/ul>\n<p>La ministra de Educaci\u00f3n, Lic. Silvia Fuentes, destac\u00f3 que \u00abel valor de la iniciativa educativa cuando nuestros estudiantes pueden resolver situaciones con este tipo de tecnolog\u00eda, el aprendizaje cambia. Esta planta no es una maqueta: es energ\u00eda real y conocimiento real. La educaci\u00f3n t\u00e9cnica necesita esto, proyectos que transforman la escuela en territorio vivo y que preparan a los alumnos para el mundo que ya lleg\u00f3\u201d.<\/p>\n<p>\u00abLa provincia de San Juan tiene la planta fotovoltaica que significa un avance estrat\u00e9gico en transici\u00f3n energ\u00e9tica, sostenibilidad y formaci\u00f3n profesional con salida laboral concreta. Para la escuela, implica independencia energ\u00e9tica y aporte de energ\u00eda limpia a la red\u00bb &#8211; sintetiz\u00f3 la ministra de Educaci\u00f3n, Lic. Silvia Fuentes.<\/p>\n<p>\u201cLa planta fotovoltaica de la EPET N\u00b0 7 muestra c\u00f3mo la educaci\u00f3n t\u00e9cnica puede convertir conocimiento en soluciones concretas, articulando formaci\u00f3n, innovaci\u00f3n y trabajo productivo\u201d, indic\u00f3 el director de Educaci\u00f3n T\u00e9cnica y Formaci\u00f3n Profesional, Prof. Rodolfo Navas.<\/p>\n<p><img loading=\"lazy\" decoding=\"async\" class=\"alignnone size-full wp-image-28629\" src=\"https:\/\/vocesparalelas.com.ar\/sitio\/wp-content\/uploads\/2020\/05\/MINISTERIO-EDUCACION-SJ.jpg\" alt=\"\" width=\"800\" height=\"533\" srcset=\"https:\/\/vocesparalelas.com.ar\/sitio\/wp-content\/uploads\/2020\/05\/MINISTERIO-EDUCACION-SJ.jpg 800w, https:\/\/vocesparalelas.com.ar\/sitio\/wp-content\/uploads\/2020\/05\/MINISTERIO-EDUCACION-SJ-300x200.jpg 300w, https:\/\/vocesparalelas.com.ar\/sitio\/wp-content\/uploads\/2020\/05\/MINISTERIO-EDUCACION-SJ-768x512.jpg 768w\" sizes=\"auto, (max-width: 800px) 100vw, 800px\" \/><\/p>\n","protected":false},"excerpt":{"rendered":"<p>La EPET N\u00ba 7 del Departamento Rivadavia, dependiente de la Direcci\u00f3n de Educaci\u00f3n T\u00e9cnica y Formaci\u00f3n Profesional del Ministerio de<\/p>\n","protected":false},"author":3,"featured_media":93990,"comment_status":"closed","ping_status":"closed","sticky":false,"template":"","format":"standard","meta":{"_acf_changed":false,"_seopress_robots_primary_cat":"none","_seopress_titles_title":"","_seopress_titles_desc":"","_seopress_robots_index":"","colormag_page_container_layout":"default_layout","colormag_page_sidebar_layout":"default_layout","footnotes":""},"categories":[1],"tags":[],"class_list":["post-93987","post","type-post","status-publish","format-standard","has-post-thumbnail","hentry","category-destacadas"],"acf":[],"_links":{"self":[{"href":"https:\/\/vocesparalelas.com.ar\/sitio\/wp-json\/wp\/v2\/posts\/93987","targetHints":{"allow":["GET"]}}],"collection":[{"href":"https:\/\/vocesparalelas.com.ar\/sitio\/wp-json\/wp\/v2\/posts"}],"about":[{"href":"https:\/\/vocesparalelas.com.ar\/sitio\/wp-json\/wp\/v2\/types\/post"}],"author":[{"embeddable":true,"href":"https:\/\/vocesparalelas.com.ar\/sitio\/wp-json\/wp\/v2\/users\/3"}],"replies":[{"embeddable":true,"href":"https:\/\/vocesparalelas.com.ar\/sitio\/wp-json\/wp\/v2\/comments?post=93987"}],"version-history":[{"count":3,"href":"https:\/\/vocesparalelas.com.ar\/sitio\/wp-json\/wp\/v2\/posts\/93987\/revisions"}],"predecessor-version":[{"id":93993,"href":"https:\/\/vocesparalelas.com.ar\/sitio\/wp-json\/wp\/v2\/posts\/93987\/revisions\/93993"}],"wp:featuredmedia":[{"embeddable":true,"href":"https:\/\/vocesparalelas.com.ar\/sitio\/wp-json\/wp\/v2\/media\/93990"}],"wp:attachment":[{"href":"https:\/\/vocesparalelas.com.ar\/sitio\/wp-json\/wp\/v2\/media?parent=93987"}],"wp:term":[{"taxonomy":"category","embeddable":true,"href":"https:\/\/vocesparalelas.com.ar\/sitio\/wp-json\/wp\/v2\/categories?post=93987"},{"taxonomy":"post_tag","embeddable":true,"href":"https:\/\/vocesparalelas.com.ar\/sitio\/wp-json\/wp\/v2\/tags?post=93987"}],"curies":[{"name":"wp","href":"https:\/\/api.w.org\/{rel}","templated":true}]}}