{"id":93973,"date":"2025-11-17T18:52:10","date_gmt":"2025-11-17T21:52:10","guid":{"rendered":"https:\/\/vocesparalelas.com.ar\/sitio\/?p=93973"},"modified":"2025-11-17T18:52:10","modified_gmt":"2025-11-17T21:52:10","slug":"la-bodega-resero-se-suma-a-aumentar-la-produccion-en-san-juan-con-el-grupo-fecovita","status":"publish","type":"post","link":"https:\/\/vocesparalelas.com.ar\/sitio\/la-bodega-resero-se-suma-a-aumentar-la-produccion-en-san-juan-con-el-grupo-fecovita\/","title":{"rendered":"La Bodega Resero se suma a aumentar la producci\u00f3n en San Juan con el Grupo Fecovita"},"content":{"rendered":"<p>La Federaci\u00f3n de cooperativa Vitivin\u00edcolas Argentinas confirm\u00f3 que tiene un plan, asociado con Mostos Concentrados Argentina &#8211; MCA -, para llegar a incrementar un 30% su vol\u00famen de molienda, fortalecer exportaciones de mosto, basados en nuevos productos espec\u00edficos y mantener as\u00ed trabajo para los sanjuaninos.<\/p>\n<p>El Grupo Fecovita, uno de los mayores productores de vinos del mundo y exportadores de mosto de la Argentina, mantuvieron un encuentro con autoridades provinciales y anunci\u00f3 una reconfiguraci\u00f3n estrat\u00e9gica de Bodega Resero con el objetivo de aumentar hasta un 30% su volumen de molienda en San Juan respecto de la vendimia pasada.<\/p>\n<p>Este crecimiento permitir\u00e1 consolidar su presencia en los mercados internacionales como Estados Unidos y ampliar participaci\u00f3n en China y Jap\u00f3n, respondiendo a una demanda creciente de mosto concentrado de uva ante la escasa cosecha europea, seg\u00fan explicaron al Ministro de Producci\u00f3n, Trabajo e Innovaci\u00f3n, Gustavo Fern\u00e1ndez.<\/p>\n<p>Desde 2004, Fecovita est\u00e1 asociada a la firma de San Juan Mostos Concentrados Argentina &#8211; MCA &#8211; para la elaboraci\u00f3n y comercializaci\u00f3n de mosto en distintos puntos del mundo. Ambas empresas destacaron que los cambios operativos llegan en un momento en el que la vitivinicultura argentina encuentra una ventana de expansi\u00f3n.<\/p>\n<p>Con esta decisi\u00f3n, Bodega Resero \u2014adem\u00e1s de elaborar el tradicional vino sanjuanino\u2014 incorporar\u00e1 la producci\u00f3n de mosto, asumiendo un rol central dentro del plan operativo del Grupo. \u201cVemos un fuerte crecimiento en la industria del mosto y necesitamos mayor capacidad operativa. Por eso estamos refuncionalizando Bodega Resero para concentrar all\u00ed gran parte de la molienda y elaboraci\u00f3n, y as\u00ed aumentar los vol\u00famenes de venta con productos acordes a las exigencias del mercado actual\u201d, explic\u00f3 Rub\u00e9n Panella, presidente del Grupo.<\/p>\n<p>Ubicada en Albard\u00f3n, Bodega Resero fue adquirida por Fecovita en 2006 y cuenta con una capacidad de guarda de hasta 36 millones de litros, siendo una de las m\u00e1s grandes de la provincia. La ampliaci\u00f3n de actividades en esta planta tendr\u00e1 un impacto directo en la econom\u00eda local, ya que permitir\u00e1 sostener e incluso incrementar el trabajo de las familias sanjuaninas vinculadas a la actividad vitivin\u00edcola.<\/p>\n<p>Por su parte, Ra\u00fal Estornell, principal accionista de MCA, destac\u00f3 que \u201csumar Bodega Resero al plan operativo nos ayudar\u00e1 a descomprimir nuestras instalaciones para aumentar la concentraci\u00f3n de mosto. Al migrar la molienda all\u00ed podremos incrementar la producci\u00f3n de mostos v\u00edrgenes, lo que resulta clave ante la tendencia actual del mercado\u201d.<\/p>\n<p>MCA, perteneciente a la familia Estornell, opera en Santa Luc\u00eda con una capacidad instalada de 4.000 toneladas mensuales de mosto concentrado y certificaciones internacionales de calidad. En cuanto a los destinos de exportaci\u00f3n, Estornell destac\u00f3: \u201cNuestros productos cumplen est\u00e1ndares globales que nos permiten abastecer a clientes como Coca Cola, Pepsico y Tropicana\u201d.<\/p>\n<p>De cara a la pr\u00f3xima cosecha, Panella reafirm\u00f3 el compromiso del Grupo: \u201cSeguimos apostando a la vitivinicultura sanjuanina y estos cambios responden tambi\u00e9n al acompa\u00f1amiento de los productores que conf\u00edan en nosotros desde hace tantos a\u00f1os\u201d.<\/p>\n<p>Respecto a la hist\u00f3rica marca Resero, concluy\u00f3: \u201cHace dos meses la relanzamos en Buenos Aires y estamos haciendo grandes esfuerzos comerciales para competir en los segmentos de botella, botell\u00f3n y tetra. Tenemos grandes expectativas por la excelente relaci\u00f3n precio-calidad y la fortaleza de la marca\u201d.<\/p>\n<p>&nbsp;<\/p>\n<p><img loading=\"lazy\" decoding=\"async\" class=\"alignnone size-large wp-image-51103\" src=\"https:\/\/vocesparalelas.com.ar\/sitio\/wp-content\/uploads\/2022\/07\/VID-10-800x534.jpg\" alt=\"\" width=\"800\" height=\"534\" srcset=\"https:\/\/vocesparalelas.com.ar\/sitio\/wp-content\/uploads\/2022\/07\/VID-10-800x534.jpg 800w, https:\/\/vocesparalelas.com.ar\/sitio\/wp-content\/uploads\/2022\/07\/VID-10-300x200.jpg 300w, https:\/\/vocesparalelas.com.ar\/sitio\/wp-content\/uploads\/2022\/07\/VID-10-768x513.jpg 768w, https:\/\/vocesparalelas.com.ar\/sitio\/wp-content\/uploads\/2022\/07\/VID-10.jpg 809w\" sizes=\"auto, (max-width: 800px) 100vw, 800px\" \/><\/p>\n","protected":false},"excerpt":{"rendered":"<p>La Federaci\u00f3n de cooperativa Vitivin\u00edcolas Argentinas confirm\u00f3 que tiene un plan, asociado con Mostos Concentrados Argentina &#8211; MCA -, para<\/p>\n","protected":false},"author":3,"featured_media":7711,"comment_status":"closed","ping_status":"closed","sticky":false,"template":"","format":"standard","meta":{"_acf_changed":false,"_seopress_robots_primary_cat":"none","_seopress_titles_title":"","_seopress_titles_desc":"","_seopress_robots_index":"","colormag_page_container_layout":"default_layout","colormag_page_sidebar_layout":"default_layout","footnotes":""},"categories":[1],"tags":[],"class_list":["post-93973","post","type-post","status-publish","format-standard","has-post-thumbnail","hentry","category-destacadas"],"acf":[],"_links":{"self":[{"href":"https:\/\/vocesparalelas.com.ar\/sitio\/wp-json\/wp\/v2\/posts\/93973","targetHints":{"allow":["GET"]}}],"collection":[{"href":"https:\/\/vocesparalelas.com.ar\/sitio\/wp-json\/wp\/v2\/posts"}],"about":[{"href":"https:\/\/vocesparalelas.com.ar\/sitio\/wp-json\/wp\/v2\/types\/post"}],"author":[{"embeddable":true,"href":"https:\/\/vocesparalelas.com.ar\/sitio\/wp-json\/wp\/v2\/users\/3"}],"replies":[{"embeddable":true,"href":"https:\/\/vocesparalelas.com.ar\/sitio\/wp-json\/wp\/v2\/comments?post=93973"}],"version-history":[{"count":1,"href":"https:\/\/vocesparalelas.com.ar\/sitio\/wp-json\/wp\/v2\/posts\/93973\/revisions"}],"predecessor-version":[{"id":93976,"href":"https:\/\/vocesparalelas.com.ar\/sitio\/wp-json\/wp\/v2\/posts\/93973\/revisions\/93976"}],"wp:featuredmedia":[{"embeddable":true,"href":"https:\/\/vocesparalelas.com.ar\/sitio\/wp-json\/wp\/v2\/media\/7711"}],"wp:attachment":[{"href":"https:\/\/vocesparalelas.com.ar\/sitio\/wp-json\/wp\/v2\/media?parent=93973"}],"wp:term":[{"taxonomy":"category","embeddable":true,"href":"https:\/\/vocesparalelas.com.ar\/sitio\/wp-json\/wp\/v2\/categories?post=93973"},{"taxonomy":"post_tag","embeddable":true,"href":"https:\/\/vocesparalelas.com.ar\/sitio\/wp-json\/wp\/v2\/tags?post=93973"}],"curies":[{"name":"wp","href":"https:\/\/api.w.org\/{rel}","templated":true}]}}