{"id":93963,"date":"2025-11-16T10:29:05","date_gmt":"2025-11-16T13:29:05","guid":{"rendered":"https:\/\/vocesparalelas.com.ar\/sitio\/?p=93963"},"modified":"2025-11-18T00:21:45","modified_gmt":"2025-11-18T03:21:45","slug":"duelo-entre-la-razon-y-el-bolsillo","status":"publish","type":"post","link":"https:\/\/vocesparalelas.com.ar\/sitio\/duelo-entre-la-razon-y-el-bolsillo\/","title":{"rendered":"Duelo entre la raz\u00f3n y el bolsillo"},"content":{"rendered":"<p>Por el Arzobispo de San Juan de Cuyo, Monse\u00f1or Jorge Lozano<\/p>\n<p>Hay momentos en la vida en que tomamos decisiones importantes. Unas veces nos damos el tiempo de considerar beneficios, riesgos, plazos, pensando en todas las implicancias de lo que afrontamos. Otras nos dejamos llevar por impulsos afectivos o emocionales, y nos apresuramos a respuestas de las que solemos arrepentirnos. No faltan las ocasiones en que optamos movidos por presiones econ\u00f3micas o de grupos poderosos.<\/p>\n<p>Del 10 al 21 de noviembre, la ciudad de Bel\u00e9n, Brasil, es escenario de la trig\u00e9sima Conferencia de las Partes sobre Cambio Clim\u00e1tico de las Naciones Unidas, conocida como COP 30. Este encuentro mundial re\u00fane a representantes de los gobiernos, cient\u00edficos, activistas y miembros de la sociedad civil de m\u00e1s de 190 pa\u00edses, con el objetivo de debatir y acordar estrategias para enfrentar la crisis clim\u00e1tica que amenaza el presente y el futuro del planeta. El contexto es de urgencia creciente, donde las evidencias cient\u00edficas y la realidad cotidiana nos interpelan sobre la necesidad de tomar decisiones valientes y justas.<\/p>\n<p>Los desaf\u00edos que se discuten en Bel\u00e9n son tan vastos como complejos: desde la reducci\u00f3n de emisiones de gases de efecto invernadero, hasta el dise\u00f1o de modelos econ\u00f3micos que no pongan en riesgo la vida en la Tierra. Es imprescindible fortalecer el compromiso internacional para limitar el calentamiento global a niveles seguros, promover la transici\u00f3n hacia energ\u00edas limpias y cuestionar los estilos de producci\u00f3n y consumo que perpet\u00faan la inequidad y el deterioro ambiental.<\/p>\n<p>La cumbre no s\u00f3lo es una cita t\u00e9cnica, sino tambi\u00e9n \u00e9tica y pol\u00edtica. Las decisiones que se tomen aqu\u00ed influir\u00e1n en la vida de millones de personas, especialmente en las de quienes ya sufren las consecuencias de la crisis clim\u00e1tica: familias desplazadas, comunidades ind\u00edgenas vulneradas, migrantes involuntarios y pueblos empobrecidos. La justicia social y ambiental se entrelazan en cada debate, reclamando respuestas solidarias y sostenibles.<\/p>\n<p>La voz de la fe se ha sumado al clamor por la acci\u00f3n urgente. Los obispos de la Conferencia Episcopal de Estados Unidos han solicitado a los participantes de la COP 30 tomar medidas \u201curgentes y valientes\u201d para proteger tanto la creaci\u00f3n como a las personas m\u00e1s vulnerables. En su mensaje, insisten en la responsabilidad colectiva de cuidar la casa com\u00fan, llamando a los gobernantes y negociadores a priorizar el bien com\u00fan por<\/p>\n<p>encima de intereses econ\u00f3micos de corto plazo. En esta misma direcci\u00f3n se han sumado las Conferencias Episcopales Continentales de Asia, \u00c1frica, Am\u00e9rica Latina y el Caribe.<\/p>\n<p>En sinton\u00eda con este pedido, el Papa Le\u00f3n XIV ha dirigido una exhortaci\u00f3n a los asistentes de la cumbre: \u201cEscuchen el clamor de la Tierra y de los pobres, de las familias, de los pueblos ind\u00edgenas, de los migrantes involuntarios y de los creyentes\u201d. Esta frase resuena como recordatorio de que la crisis clim\u00e1tica afecta especialmente a quienes menos han contribuido a ella, y que la respuesta debe ser inclusiva y compasiva.<\/p>\n<p>Uno de los puntos cr\u00edticos en la COP 30 es fortalecer el compromiso mundial de reducir las emisiones de gases de efecto invernadero. Si bien existen avances tecnol\u00f3gicos y acuerdos previos, la brecha entre lo prometido y lo realizado sigue siendo preocupante. La transici\u00f3n energ\u00e9tica, adem\u00e1s, plantea el reto de garantizar que el acceso a fuentes limpias y seguras no profundice las desigualdades, sino que contribuya a la equidad y el desarrollo sustentable.<\/p>\n<p>Los estilos de producci\u00f3n y consumo predominantes, basados en la explotaci\u00f3n intensiva de recursos y el descarte, deben ser replanteados. La verdadera transformaci\u00f3n implica revisar nuestras prioridades y entender que la prosperidad no puede construirse a expensas de la naturaleza ni de los m\u00e1s d\u00e9biles. El \u201cduelo entre la raz\u00f3n y el bolsillo\u201d se manifiesta en la tensi\u00f3n entre lo que sabemos que debemos hacer y lo que algunos intereses econ\u00f3micos se resisten a cambiar.<\/p>\n<p>Las decisiones tomadas marcar\u00e1n el rumbo de las pr\u00f3ximas d\u00e9cadas, y s\u00f3lo el compromiso genuino y la acci\u00f3n urgente podr\u00e1n revertir la crisis clim\u00e1tica y asegurar un futuro justo para todos. Escuchar el clamor de la Tierra y de los pobres es, en definitiva, escuchar el clamor de nuestra propia humanidad.<\/p>\n<p><iframe loading=\"lazy\" title=\"SAN JUAN MONSE\u00d1OR JORGE LOZANO \" width=\"800\" height=\"450\" src=\"https:\/\/www.youtube.com\/embed\/ijFYcdxT4es?feature=oembed\" frameborder=\"0\" allow=\"accelerometer; autoplay; clipboard-write; encrypted-media; gyroscope; picture-in-picture; web-share\" referrerpolicy=\"strict-origin-when-cross-origin\" allowfullscreen><\/iframe><\/p>\n<p>&nbsp;<\/p>\n<p><img loading=\"lazy\" decoding=\"async\" class=\"alignnone size-full wp-image-61416\" src=\"https:\/\/vocesparalelas.com.ar\/sitio\/wp-content\/uploads\/2023\/07\/ARZOBISPADO-EDIFICIO.jpg\" alt=\"\" width=\"800\" height=\"600\" srcset=\"https:\/\/vocesparalelas.com.ar\/sitio\/wp-content\/uploads\/2023\/07\/ARZOBISPADO-EDIFICIO.jpg 800w, https:\/\/vocesparalelas.com.ar\/sitio\/wp-content\/uploads\/2023\/07\/ARZOBISPADO-EDIFICIO-300x225.jpg 300w, https:\/\/vocesparalelas.com.ar\/sitio\/wp-content\/uploads\/2023\/07\/ARZOBISPADO-EDIFICIO-768x576.jpg 768w\" sizes=\"auto, (max-width: 800px) 100vw, 800px\" \/><\/p>\n","protected":false},"excerpt":{"rendered":"<p>Por el Arzobispo de San Juan de Cuyo, Monse\u00f1or Jorge Lozano Hay momentos en la vida en que tomamos decisiones<\/p>\n","protected":false},"author":3,"featured_media":81112,"comment_status":"closed","ping_status":"closed","sticky":false,"template":"","format":"standard","meta":{"_acf_changed":false,"_seopress_robots_primary_cat":"none","_seopress_titles_title":"","_seopress_titles_desc":"","_seopress_robots_index":"","colormag_page_container_layout":"default_layout","colormag_page_sidebar_layout":"default_layout","footnotes":""},"categories":[10,7],"tags":[],"class_list":["post-93963","post","type-post","status-publish","format-standard","has-post-thumbnail","hentry","category-opiniones","category-videos"],"acf":[],"_links":{"self":[{"href":"https:\/\/vocesparalelas.com.ar\/sitio\/wp-json\/wp\/v2\/posts\/93963","targetHints":{"allow":["GET"]}}],"collection":[{"href":"https:\/\/vocesparalelas.com.ar\/sitio\/wp-json\/wp\/v2\/posts"}],"about":[{"href":"https:\/\/vocesparalelas.com.ar\/sitio\/wp-json\/wp\/v2\/types\/post"}],"author":[{"embeddable":true,"href":"https:\/\/vocesparalelas.com.ar\/sitio\/wp-json\/wp\/v2\/users\/3"}],"replies":[{"embeddable":true,"href":"https:\/\/vocesparalelas.com.ar\/sitio\/wp-json\/wp\/v2\/comments?post=93963"}],"version-history":[{"count":2,"href":"https:\/\/vocesparalelas.com.ar\/sitio\/wp-json\/wp\/v2\/posts\/93963\/revisions"}],"predecessor-version":[{"id":93967,"href":"https:\/\/vocesparalelas.com.ar\/sitio\/wp-json\/wp\/v2\/posts\/93963\/revisions\/93967"}],"wp:featuredmedia":[{"embeddable":true,"href":"https:\/\/vocesparalelas.com.ar\/sitio\/wp-json\/wp\/v2\/media\/81112"}],"wp:attachment":[{"href":"https:\/\/vocesparalelas.com.ar\/sitio\/wp-json\/wp\/v2\/media?parent=93963"}],"wp:term":[{"taxonomy":"category","embeddable":true,"href":"https:\/\/vocesparalelas.com.ar\/sitio\/wp-json\/wp\/v2\/categories?post=93963"},{"taxonomy":"post_tag","embeddable":true,"href":"https:\/\/vocesparalelas.com.ar\/sitio\/wp-json\/wp\/v2\/tags?post=93963"}],"curies":[{"name":"wp","href":"https:\/\/api.w.org\/{rel}","templated":true}]}}