{"id":93955,"date":"2025-11-17T23:00:56","date_gmt":"2025-11-18T02:00:56","guid":{"rendered":"https:\/\/vocesparalelas.com.ar\/sitio\/?p=93955"},"modified":"2025-11-18T00:42:23","modified_gmt":"2025-11-18T03:42:23","slug":"los-festejos-centrales-por-el-42-aniversario-de-la-faud-de-la-unsj","status":"publish","type":"post","link":"https:\/\/vocesparalelas.com.ar\/sitio\/los-festejos-centrales-por-el-42-aniversario-de-la-faud-de-la-unsj\/","title":{"rendered":"Los festejos centrales por el 42\u00b0 Aniversario de la FAUD de la UNSJ"},"content":{"rendered":"<p>En el Sal\u00f3n de Actos de la Facultad de Arquitectura, Urbanismo y Dise\u00f1o\u00a0 de la Universidad Nacional de San Juan convoc\u00f3 a la comunidad para festejar los 42 A\u00f1os de vida por brindar servicios a\u00a0 San Juan en distintos estamentos.<\/p>\n<p><span style=\"color: #ff6600;\"><strong>Un poco de historia del Legado<\/strong><\/span><\/p>\n<p>La carrera de Arquitectura tiene m\u00e1s de 70 a\u00f1os de historia en la Provincia de San Juan. En 1950 naci\u00f3 la Escuela de Arquitectura, dependiente de la Facultad de Ingenier\u00eda, Ciencias Exactas, F\u00edsicas y Naturales, con el tiempo se constituy\u00f3 como Departamento de Arquitectura y Urbanismo dentro de la misma Unidad Acad\u00e9mica.<\/p>\n<p>Finalmente, en 1983, junto con el retorno de la Democracia, se cre\u00f3 la Facultad de Arquitectura, el 9 de Noviembre. Posteriormente, se incorporaron las carreras de Dise\u00f1o Industrial y, m\u00e1s tarde, Dise\u00f1o Gr\u00e1fico, configurando la actual Facultad de Arquitectura, Urbanismo y Dise\u00f1o.<\/p>\n<p>Este a\u00f1o, adem\u00e1s, celebran los 25 a\u00f1os de la carrera de Dise\u00f1o Gr\u00e1fico, un hito que reafirma la consolidaci\u00f3n de las disciplinas proyectuales dentro de la instituci\u00f3n Universitaria.<\/p>\n<p>A 42 a\u00f1os de su fundaci\u00f3n, la Facultad de Arquitectura, Urbanismo y Dise\u00f1o de la Universidad Nacional de San Juan contin\u00faa dejando huella en el \u00e1mbito Provincial, Regional, Nacional e Internacional, formando profesionales con pensamiento cr\u00edtico y profundo compromiso social.<\/p>\n<p>El acto comenz\u00f3 con la entrada del Cuerpo de la Bandera de Argentina portada, en ese momento por los mejores promedios.<\/p>\n<p><img loading=\"lazy\" decoding=\"async\" class=\"alignnone size-full wp-image-93962\" src=\"https:\/\/vocesparalelas.com.ar\/sitio\/wp-content\/uploads\/2025\/11\/FAUD-CUERPO-DE-BANDERA.jpg\" alt=\"\" width=\"800\" height=\"533\" srcset=\"https:\/\/vocesparalelas.com.ar\/sitio\/wp-content\/uploads\/2025\/11\/FAUD-CUERPO-DE-BANDERA.jpg 800w, https:\/\/vocesparalelas.com.ar\/sitio\/wp-content\/uploads\/2025\/11\/FAUD-CUERPO-DE-BANDERA-300x200.jpg 300w, https:\/\/vocesparalelas.com.ar\/sitio\/wp-content\/uploads\/2025\/11\/FAUD-CUERPO-DE-BANDERA-768x512.jpg 768w\" sizes=\"auto, (max-width: 800px) 100vw, 800px\" \/><\/p>\n<ul>\n<li>Abanderada Mariana Bel\u00e9n S\u00e1nchez Agostini<\/li>\n<li>1\u00b0 Escolta Maite N\u00fa\u00f1ez Vedia<\/li>\n<li>2\u00b0 Escolta Julieta Milagros Molina Silva.<\/li>\n<\/ul>\n<p>Seguidamente, se enton\u00f3 el Himno Nacional Argentino con las voces de los presentes que reflej\u00f3 las otras voces que ya no est\u00e1n en los 42 a\u00f1os de la FAUD de la UNSJ.<\/p>\n<p><iframe loading=\"lazy\" title=\"FAUD UNSJ HIMNO NACIONAL ARGENTINO \" width=\"800\" height=\"450\" src=\"https:\/\/www.youtube.com\/embed\/LJIl-4eadgY?feature=oembed\" frameborder=\"0\" allow=\"accelerometer; autoplay; clipboard-write; encrypted-media; gyroscope; picture-in-picture; web-share\" referrerpolicy=\"strict-origin-when-cross-origin\" allowfullscreen><\/iframe><\/p>\n<p>Posteriormente, el Decano de la FAUD de la UNSJ, Arq. Carlos Herrera, izo una rese\u00f1a hist\u00f3rica y como se fue conformando la Unidad Acad\u00e9mica.<\/p>\n<p><iframe loading=\"lazy\" title=\"FAUD UNSJ DECANO ARQ. CARLOS HERRERA \" width=\"800\" height=\"450\" src=\"https:\/\/www.youtube.com\/embed\/6PW_sZjIVOo?feature=oembed\" frameborder=\"0\" allow=\"accelerometer; autoplay; clipboard-write; encrypted-media; gyroscope; picture-in-picture; web-share\" referrerpolicy=\"strict-origin-when-cross-origin\" allowfullscreen><\/iframe><\/p>\n<p>Finalmente, el Rector de la UNSJ, Ing. Tadeo Berenguer puntualiz\u00f3 el crecimiento de la\u00a0 FAUD de la UNSJ gracias al compromiso de la gesti\u00f3n y del personal que trabaja d\u00eda a d\u00eda.<\/p>\n<p><iframe loading=\"lazy\" title=\"FAUD UNSJ RECTOR ING TADEO BERENGUER \" width=\"800\" height=\"450\" src=\"https:\/\/www.youtube.com\/embed\/6McaFNig2Ro?feature=oembed\" frameborder=\"0\" allow=\"accelerometer; autoplay; clipboard-write; encrypted-media; gyroscope; picture-in-picture; web-share\" referrerpolicy=\"strict-origin-when-cross-origin\" allowfullscreen><\/iframe><\/p>\n<p>Para cerrar el acto tan emotivo se entregaron reconocimientos institucionales un objeto de dise\u00f1o, r\u00e9plica de una pieza de la colecci\u00f3n Carrieri por la Vicedecana de la FAUD de la UNSJ, Arq. A\u00edda Cal\u00edz, el Rector de la UNSJ, Ing. Tadeo Berenguer; el Decano de la FAUD de la UNSJ, Arq. Carlos Herrera y la Vicerrectora de la UNSJ, Prof. Andrea Leceta.<\/p>\n<p>Es importante recordar que la colecci\u00f3n Carrieri: \u201cResonancia de una obra pedag\u00f3gica\u201d es un valioso testimonio de la ense\u00f1anza de la arquitectura en San Juan, conformada por m\u00e1s de 400 piezas en terracota, hormig\u00f3n, yeso y otros materiales, producidas entre 1956 y 1972 en el taller dirigido por el Profesor Jos\u00e9 Carrieri.<\/p>\n<p><span style=\"color: #ff6600;\"><strong>Reconocimiento a jubilados a quienes, tras una trayectoria de dedicaci\u00f3n y compromiso, culminan su etapa laboral en la Facultad:<\/strong><\/span><\/p>\n<ul>\n<li>Enrique Alzugaray<\/li>\n<li>Rita Avel\u00edn<\/li>\n<li>Andr\u00e9s Lecich<\/li>\n<li>Arq. Alicia Malmod<\/li>\n<li>A\u00edda Oviedo<\/li>\n<li>Jorge Rizzato<\/li>\n<li>Bibliotecaria Sandra Velardez<\/li>\n<\/ul>\n<p><span style=\"color: #ff6600;\"><strong>Reconocimiento por 25 a\u00f1os de labor al personal docente que cumple 25 a\u00f1os de trayectoria en la instituci\u00f3n que celebran su compromiso, vocaci\u00f3n y aporte a la formaci\u00f3n de generaciones de profesionales.<\/strong><\/span><\/p>\n<ul>\n<li>Lic. Sandra Capriotti<\/li>\n<li>Arq. Ana Laura D\u2019orazio Giuliani<\/li>\n<li>Arq. Viviana Galdeano<\/li>\n<li>Arq. Jorge Teixidor<\/li>\n<\/ul>\n<figure id=\"attachment_24036\" aria-describedby=\"caption-attachment-24036\" style=\"width: 800px\" class=\"wp-caption alignnone\"><img loading=\"lazy\" decoding=\"async\" class=\"size-large wp-image-24036\" src=\"https:\/\/vocesparalelas.com.ar\/sitio\/wp-content\/uploads\/2019\/10\/FAUD-EDIFICIO-BANDERA-01-800x528.jpg\" alt=\"\" width=\"800\" height=\"528\" srcset=\"https:\/\/vocesparalelas.com.ar\/sitio\/wp-content\/uploads\/2019\/10\/FAUD-EDIFICIO-BANDERA-01.jpg 800w, https:\/\/vocesparalelas.com.ar\/sitio\/wp-content\/uploads\/2019\/10\/FAUD-EDIFICIO-BANDERA-01-300x198.jpg 300w, https:\/\/vocesparalelas.com.ar\/sitio\/wp-content\/uploads\/2019\/10\/FAUD-EDIFICIO-BANDERA-01-768x507.jpg 768w\" sizes=\"auto, (max-width: 800px) 100vw, 800px\" \/><figcaption id=\"caption-attachment-24036\" class=\"wp-caption-text\">Facultad de Arquitectura, Urbanismo y Dise\u00f1o de la Universidad Nacional de San Juan, Rep\u00fablica Argentina<\/figcaption><\/figure>\n<p>&nbsp;<\/p>\n","protected":false},"excerpt":{"rendered":"<p>En el Sal\u00f3n de Actos de la Facultad de Arquitectura, Urbanismo y Dise\u00f1o\u00a0 de la Universidad Nacional de San Juan<\/p>\n","protected":false},"author":3,"featured_media":94009,"comment_status":"closed","ping_status":"closed","sticky":false,"template":"","format":"standard","meta":{"_acf_changed":false,"_seopress_robots_primary_cat":"none","_seopress_titles_title":"","_seopress_titles_desc":"","_seopress_robots_index":"","colormag_page_container_layout":"default_layout","colormag_page_sidebar_layout":"default_layout","footnotes":""},"categories":[1,7],"tags":[],"class_list":["post-93955","post","type-post","status-publish","format-standard","has-post-thumbnail","hentry","category-destacadas","category-videos"],"acf":[],"_links":{"self":[{"href":"https:\/\/vocesparalelas.com.ar\/sitio\/wp-json\/wp\/v2\/posts\/93955","targetHints":{"allow":["GET"]}}],"collection":[{"href":"https:\/\/vocesparalelas.com.ar\/sitio\/wp-json\/wp\/v2\/posts"}],"about":[{"href":"https:\/\/vocesparalelas.com.ar\/sitio\/wp-json\/wp\/v2\/types\/post"}],"author":[{"embeddable":true,"href":"https:\/\/vocesparalelas.com.ar\/sitio\/wp-json\/wp\/v2\/users\/3"}],"replies":[{"embeddable":true,"href":"https:\/\/vocesparalelas.com.ar\/sitio\/wp-json\/wp\/v2\/comments?post=93955"}],"version-history":[{"count":1,"href":"https:\/\/vocesparalelas.com.ar\/sitio\/wp-json\/wp\/v2\/posts\/93955\/revisions"}],"predecessor-version":[{"id":94010,"href":"https:\/\/vocesparalelas.com.ar\/sitio\/wp-json\/wp\/v2\/posts\/93955\/revisions\/94010"}],"wp:featuredmedia":[{"embeddable":true,"href":"https:\/\/vocesparalelas.com.ar\/sitio\/wp-json\/wp\/v2\/media\/94009"}],"wp:attachment":[{"href":"https:\/\/vocesparalelas.com.ar\/sitio\/wp-json\/wp\/v2\/media?parent=93955"}],"wp:term":[{"taxonomy":"category","embeddable":true,"href":"https:\/\/vocesparalelas.com.ar\/sitio\/wp-json\/wp\/v2\/categories?post=93955"},{"taxonomy":"post_tag","embeddable":true,"href":"https:\/\/vocesparalelas.com.ar\/sitio\/wp-json\/wp\/v2\/tags?post=93955"}],"curies":[{"name":"wp","href":"https:\/\/api.w.org\/{rel}","templated":true}]}}