{"id":93943,"date":"2025-11-14T20:18:44","date_gmt":"2025-11-14T23:18:44","guid":{"rendered":"https:\/\/vocesparalelas.com.ar\/sitio\/?p=93943"},"modified":"2025-11-14T20:18:44","modified_gmt":"2025-11-14T23:18:44","slug":"evaluan-nuevo-corredor-estrategico-para-el-desarrollo-minero-en-san-juan","status":"publish","type":"post","link":"https:\/\/vocesparalelas.com.ar\/sitio\/evaluan-nuevo-corredor-estrategico-para-el-desarrollo-minero-en-san-juan\/","title":{"rendered":"Eval\u00faan nuevo corredor estrat\u00e9gico para el desarrollo minero en San Juan"},"content":{"rendered":"<p>Equipos de la Secretar\u00eda de Gesti\u00f3n Ambiental y Control Minero del Ministerio de Miner\u00eda del obierno de San Juan y de la Direcci\u00f3n Provincial de Vialidad realizaron un recorrido t\u00e9cnico por la zona de Calingasta para evaluar la ruta del Puntudo y su potencial como corredor log\u00edstico entre Hualil\u00e1n y mina Casposo. El objetivo fue revisar el estado del camino y definir qu\u00e9 obras son necesarias para garantizar su viabilidad en el transporte de cargas pesadas.<\/p>\n<p>Esta visita t\u00e9cnica se concret\u00f3 tras varias reuniones encabezadas por el ministro de Miner\u00eda, Dr. Juan Pablo Perea Fontivero, junto a sus equipos t\u00e9cnicos; con representantes de la comunidad del Departamento Calingasta; referentes de distintas c\u00e1maras, como la C\u00e1mara de Servicios Mineros de Calingasta &#8211; CASEMICA &#8211; y la C\u00e1mara Empresaria de Calingasta &#8211; CaEmCa -; y el diputado departamental por Calingasta, Jorge Casta\u00f1eda.<\/p>\n<p>El itinerario comenz\u00f3 por Hualil\u00e1n y hacia El Puntudo, hasta retomar ruta 149 al Sur de Tocota, y llegar a la entrada de Casposo<\/p>\n<p><iframe loading=\"lazy\" title=\"SAN JUAN MINERA HUALILAN\" width=\"800\" height=\"450\" src=\"https:\/\/www.youtube.com\/embed\/DhV_QOXvNJg?feature=oembed\" frameborder=\"0\" allow=\"accelerometer; autoplay; clipboard-write; encrypted-media; gyroscope; picture-in-picture; web-share\" referrerpolicy=\"strict-origin-when-cross-origin\" allowfullscreen><\/iframe><\/p>\n<p>\u201cEs un primer acercamiento para ver qu\u00e9 hace falta, qu\u00e9 condiciones presenta actualmente y qu\u00e9 obras habr\u00eda que ejecutar\u201d, explic\u00f3 el secretario de Gesti\u00f3n Ambiental y Control Minero, Roberto Moreno.<\/p>\n<p>Este relevamiento inicial ser\u00e1 la base para definir las inversiones en infraestructura vial que acompa\u00f1en el crecimiento de la miner\u00eda en Calingasta y zonas aleda\u00f1as, donde proyectos como Casposo y Hualil\u00e1n son claves para la econom\u00eda provincial.<\/p>\n<p>El Ministerio de Miner\u00eda a fines del a\u00f1o 2024, otorg\u00f3 la Declaraci\u00f3n de Impacto Ambiental etapa Explotaci\u00f3n al proyecto Hualil\u00e1n (Res. 688-MM-2024). En Junio de 2025, la empresa presenta un Informe Ambiental sobre Modificaci\u00f3n Plan de Trabajo, en el que propone el transporte de mineral a la planta de Casposo para ser procesado, proponiendo el uso de las rutas 149 y 412.<\/p>\n<p><img loading=\"lazy\" decoding=\"async\" class=\"alignnone size-full wp-image-93947\" src=\"https:\/\/vocesparalelas.com.ar\/sitio\/wp-content\/uploads\/2025\/11\/MINERIA-CORREDOR-02.jpg\" alt=\"\" width=\"800\" height=\"450\" srcset=\"https:\/\/vocesparalelas.com.ar\/sitio\/wp-content\/uploads\/2025\/11\/MINERIA-CORREDOR-02.jpg 800w, https:\/\/vocesparalelas.com.ar\/sitio\/wp-content\/uploads\/2025\/11\/MINERIA-CORREDOR-02-300x169.jpg 300w, https:\/\/vocesparalelas.com.ar\/sitio\/wp-content\/uploads\/2025\/11\/MINERIA-CORREDOR-02-768x432.jpg 768w\" sizes=\"auto, (max-width: 800px) 100vw, 800px\" \/><\/p>\n<p>Luego de su evaluaci\u00f3n por parte de la Direcci\u00f3n de Evaluaci\u00f3n Ambiental Minera, se aprob\u00f3 este cambio del plan de trabajo, agregando requerimientos a dicha evaluaci\u00f3n. En uno de los requerimientos se solicit\u00f3 el detalle del recorrido, al cual la empresa respondi\u00f3 en d\u00edas pasados.<\/p>\n<p>La Secretar\u00eda de Gesti\u00f3n y Control Minero evalu\u00f3 las alternativas considerando que no son viables para dicho transporte, y le solicit\u00f3 a la empresa en un plazo determinado que eval\u00fae otra alternativa que no contemple el paso por la Villa de Calingasta.<\/p>\n<p><img loading=\"lazy\" decoding=\"async\" class=\"alignnone size-full wp-image-65642\" src=\"https:\/\/vocesparalelas.com.ar\/sitio\/wp-content\/uploads\/2023\/11\/GOBIERNO-SAN-JUAN.jpg\" alt=\"\" width=\"800\" height=\"600\" srcset=\"https:\/\/vocesparalelas.com.ar\/sitio\/wp-content\/uploads\/2023\/11\/GOBIERNO-SAN-JUAN.jpg 800w, https:\/\/vocesparalelas.com.ar\/sitio\/wp-content\/uploads\/2023\/11\/GOBIERNO-SAN-JUAN-300x225.jpg 300w, https:\/\/vocesparalelas.com.ar\/sitio\/wp-content\/uploads\/2023\/11\/GOBIERNO-SAN-JUAN-768x576.jpg 768w\" sizes=\"auto, (max-width: 800px) 100vw, 800px\" \/><\/p>\n<p>&nbsp;<\/p>\n","protected":false},"excerpt":{"rendered":"<p>Equipos de la Secretar\u00eda de Gesti\u00f3n Ambiental y Control Minero del Ministerio de Miner\u00eda del obierno de San Juan y<\/p>\n","protected":false},"author":3,"featured_media":93946,"comment_status":"closed","ping_status":"closed","sticky":false,"template":"","format":"standard","meta":{"_acf_changed":false,"_seopress_robots_primary_cat":"none","_seopress_titles_title":"","_seopress_titles_desc":"","_seopress_robots_index":"","colormag_page_container_layout":"default_layout","colormag_page_sidebar_layout":"default_layout","footnotes":""},"categories":[1,7],"tags":[],"class_list":["post-93943","post","type-post","status-publish","format-standard","has-post-thumbnail","hentry","category-destacadas","category-videos"],"acf":[],"_links":{"self":[{"href":"https:\/\/vocesparalelas.com.ar\/sitio\/wp-json\/wp\/v2\/posts\/93943","targetHints":{"allow":["GET"]}}],"collection":[{"href":"https:\/\/vocesparalelas.com.ar\/sitio\/wp-json\/wp\/v2\/posts"}],"about":[{"href":"https:\/\/vocesparalelas.com.ar\/sitio\/wp-json\/wp\/v2\/types\/post"}],"author":[{"embeddable":true,"href":"https:\/\/vocesparalelas.com.ar\/sitio\/wp-json\/wp\/v2\/users\/3"}],"replies":[{"embeddable":true,"href":"https:\/\/vocesparalelas.com.ar\/sitio\/wp-json\/wp\/v2\/comments?post=93943"}],"version-history":[{"count":1,"href":"https:\/\/vocesparalelas.com.ar\/sitio\/wp-json\/wp\/v2\/posts\/93943\/revisions"}],"predecessor-version":[{"id":93948,"href":"https:\/\/vocesparalelas.com.ar\/sitio\/wp-json\/wp\/v2\/posts\/93943\/revisions\/93948"}],"wp:featuredmedia":[{"embeddable":true,"href":"https:\/\/vocesparalelas.com.ar\/sitio\/wp-json\/wp\/v2\/media\/93946"}],"wp:attachment":[{"href":"https:\/\/vocesparalelas.com.ar\/sitio\/wp-json\/wp\/v2\/media?parent=93943"}],"wp:term":[{"taxonomy":"category","embeddable":true,"href":"https:\/\/vocesparalelas.com.ar\/sitio\/wp-json\/wp\/v2\/categories?post=93943"},{"taxonomy":"post_tag","embeddable":true,"href":"https:\/\/vocesparalelas.com.ar\/sitio\/wp-json\/wp\/v2\/tags?post=93943"}],"curies":[{"name":"wp","href":"https:\/\/api.w.org\/{rel}","templated":true}]}}