{"id":93929,"date":"2025-11-14T13:59:22","date_gmt":"2025-11-14T16:59:22","guid":{"rendered":"https:\/\/vocesparalelas.com.ar\/sitio\/?p=93929"},"modified":"2025-11-14T23:58:33","modified_gmt":"2025-11-15T02:58:33","slug":"tecnofest-de-la-semana-de-la-educacion-tecnica-de-san-juan","status":"publish","type":"post","link":"https:\/\/vocesparalelas.com.ar\/sitio\/tecnofest-de-la-semana-de-la-educacion-tecnica-de-san-juan\/","title":{"rendered":"TecnoFest de la Semana de la Educaci\u00f3n T\u00e9cnica de San Juan"},"content":{"rendered":"<p>Como parte del TecnoFest de la Semana de la Educaci\u00f3n T\u00e9cnica, m\u00e1s de 1.000 estudiantes pr\u00f3ximos a egresar participaron de una jornada intensiva de formaci\u00f3n (bootcamp) orientada al desarrollo de competencias clave para el mundo del trabajo.<\/p>\n<p>La actividad, desarrollada en el club Sporting Estrella y organizada por el Ministerio de Educaci\u00f3n del Gobierno de San Juan a trav\u00e9s de la Direcci\u00f3n de Educaci\u00f3n T\u00e9cnica y Formaci\u00f3n Profesional, estuvo destinada a alumnos de 7\u00b0 a\u00f1o de escuelas t\u00e9cnicas, agrot\u00e9cnicas y agroindustriales de la provincia, tanto de gesti\u00f3n estatal como privada. La ministra de Educaci\u00f3n, Silvia Fuentes, acompa\u00f1\u00f3 la jornada.<\/p>\n<p><img loading=\"lazy\" decoding=\"async\" class=\"alignnone size-full wp-image-93933\" src=\"https:\/\/vocesparalelas.com.ar\/sitio\/wp-content\/uploads\/2025\/11\/EDUCACION-TECNICA-02.jpg\" alt=\"\" width=\"800\" height=\"463\" srcset=\"https:\/\/vocesparalelas.com.ar\/sitio\/wp-content\/uploads\/2025\/11\/EDUCACION-TECNICA-02.jpg 800w, https:\/\/vocesparalelas.com.ar\/sitio\/wp-content\/uploads\/2025\/11\/EDUCACION-TECNICA-02-300x174.jpg 300w, https:\/\/vocesparalelas.com.ar\/sitio\/wp-content\/uploads\/2025\/11\/EDUCACION-TECNICA-02-768x444.jpg 768w\" sizes=\"auto, (max-width: 800px) 100vw, 800px\" \/><\/p>\n<p>La propuesta se organiz\u00f3 bajo la modalidad de bootcamp (formaci\u00f3n intensiva) y estuvo apuntada a innovaci\u00f3n y agilidad, en la que los j\u00f3venes trabajaron habilidades vinculadas a liderazgo, trabajo colaborativo, creatividad, comunicaci\u00f3n y toma de decisiones, a cargo de Sergio P\u00e9rez.<\/p>\n<p>Adem\u00e1s, luego participaron de una charla de Educaci\u00f3n Financiera, brindada por el Prof. Facundo Cereceda.<\/p>\n<p>\u201cEst\u00e1n a punto de iniciar una etapa enorme: trabajar, crecer y tomar decisiones. La educaci\u00f3n t\u00e9cnica prepara para eso, para hacer y transformar. Encuentros como este fortalecen la confianza y la capacidad real de salir al mundo laboral mejor preparados\u201d, indic\u00f3 la ministra de Educaci\u00f3n, Lic. Silvia Fuentes desde el campo de juego y ante tribunas colmadas de alumnos.<\/p>\n<p>Por su parte, Prof. Rodolfo Navas, director de Educaci\u00f3n T\u00e9cnica y Formaci\u00f3n Profesional, subray\u00f3 el impacto formativo de la propuesta. \u201cHoy nuestros estudiantes de escuelas t\u00e9cnicas y agrot\u00e9cnicas entrenan habilidades profesionales, aprenden a resolver problemas reales y a pensar proyectos con responsabilidad y creatividad. Eso es lo que significa egresar de una escuela t\u00e9cnica\u201d, apunt\u00f3.<\/p>\n<p>Este encuentro de alumnos de 7\u00b0 a\u00f1os forma parte de la Semana de Educaci\u00f3n T\u00e9cnica que lleva adelante la Direcci\u00f3n de Educaci\u00f3n Secundaria T\u00e9cnica y de Formaci\u00f3n Profesional junto al Equipo Jurisdiccional del INET.<\/p>\n<p>En este marco se llevaron a cabo adem\u00e1s capacitaciones y el Congreso TecnoFest \u201cAprender, Innovar y Transformar\u201d, mientras que cerrar\u00e1 este viernes 14 de noviembre con una muestra de proyectos con la participaci\u00f3n de escuelas escuelas t\u00e9cnicas, agrot\u00e9cnicas, agroindustriales y de capacitaci\u00f3n laboral de toda la provincia, desde las 17 y en el Parque de Mayo.<\/p>\n<p><img loading=\"lazy\" decoding=\"async\" class=\"alignnone size-full wp-image-28629\" src=\"https:\/\/vocesparalelas.com.ar\/sitio\/wp-content\/uploads\/2020\/05\/MINISTERIO-EDUCACION-SJ.jpg\" alt=\"\" width=\"800\" height=\"533\" srcset=\"https:\/\/vocesparalelas.com.ar\/sitio\/wp-content\/uploads\/2020\/05\/MINISTERIO-EDUCACION-SJ.jpg 800w, https:\/\/vocesparalelas.com.ar\/sitio\/wp-content\/uploads\/2020\/05\/MINISTERIO-EDUCACION-SJ-300x200.jpg 300w, https:\/\/vocesparalelas.com.ar\/sitio\/wp-content\/uploads\/2020\/05\/MINISTERIO-EDUCACION-SJ-768x512.jpg 768w\" sizes=\"auto, (max-width: 800px) 100vw, 800px\" \/><\/p>\n","protected":false},"excerpt":{"rendered":"<p>Como parte del TecnoFest de la Semana de la Educaci\u00f3n T\u00e9cnica, m\u00e1s de 1.000 estudiantes pr\u00f3ximos a egresar participaron de<\/p>\n","protected":false},"author":3,"featured_media":93932,"comment_status":"closed","ping_status":"closed","sticky":false,"template":"","format":"standard","meta":{"_acf_changed":false,"_seopress_robots_primary_cat":"none","_seopress_titles_title":"","_seopress_titles_desc":"","_seopress_robots_index":"","colormag_page_container_layout":"default_layout","colormag_page_sidebar_layout":"default_layout","footnotes":""},"categories":[6],"tags":[],"class_list":["post-93929","post","type-post","status-publish","format-standard","has-post-thumbnail","hentry","category-eventos"],"acf":[],"_links":{"self":[{"href":"https:\/\/vocesparalelas.com.ar\/sitio\/wp-json\/wp\/v2\/posts\/93929","targetHints":{"allow":["GET"]}}],"collection":[{"href":"https:\/\/vocesparalelas.com.ar\/sitio\/wp-json\/wp\/v2\/posts"}],"about":[{"href":"https:\/\/vocesparalelas.com.ar\/sitio\/wp-json\/wp\/v2\/types\/post"}],"author":[{"embeddable":true,"href":"https:\/\/vocesparalelas.com.ar\/sitio\/wp-json\/wp\/v2\/users\/3"}],"replies":[{"embeddable":true,"href":"https:\/\/vocesparalelas.com.ar\/sitio\/wp-json\/wp\/v2\/comments?post=93929"}],"version-history":[{"count":3,"href":"https:\/\/vocesparalelas.com.ar\/sitio\/wp-json\/wp\/v2\/posts\/93929\/revisions"}],"predecessor-version":[{"id":93936,"href":"https:\/\/vocesparalelas.com.ar\/sitio\/wp-json\/wp\/v2\/posts\/93929\/revisions\/93936"}],"wp:featuredmedia":[{"embeddable":true,"href":"https:\/\/vocesparalelas.com.ar\/sitio\/wp-json\/wp\/v2\/media\/93932"}],"wp:attachment":[{"href":"https:\/\/vocesparalelas.com.ar\/sitio\/wp-json\/wp\/v2\/media?parent=93929"}],"wp:term":[{"taxonomy":"category","embeddable":true,"href":"https:\/\/vocesparalelas.com.ar\/sitio\/wp-json\/wp\/v2\/categories?post=93929"},{"taxonomy":"post_tag","embeddable":true,"href":"https:\/\/vocesparalelas.com.ar\/sitio\/wp-json\/wp\/v2\/tags?post=93929"}],"curies":[{"name":"wp","href":"https:\/\/api.w.org\/{rel}","templated":true}]}}