{"id":93922,"date":"2025-11-14T13:49:15","date_gmt":"2025-11-14T16:49:15","guid":{"rendered":"https:\/\/vocesparalelas.com.ar\/sitio\/?p=93922"},"modified":"2025-11-14T13:49:15","modified_gmt":"2025-11-14T16:49:15","slug":"4-latam-argentina-critical-minerals-summit-y-la-mesa-del-cobre","status":"publish","type":"post","link":"https:\/\/vocesparalelas.com.ar\/sitio\/4-latam-argentina-critical-minerals-summit-y-la-mesa-del-cobre\/","title":{"rendered":"4\u00b0 LATAM &#038; Argentina Critical Minerals Summit y la \u201cMesa del cobre\u201d"},"content":{"rendered":"<p>El evento se realiz\u00f3 en Mendoza en el marco del 4th LATAM &amp; Argentina Critical Minerals Summit, donde participaron los gobernadores que forman parte de la Mesa del Cobre<\/p>\n<p>El gobernador de San Juan, Dr. Marcelo Orrego particip\u00f3 en la 4\u00b0 LATAM &amp; Argentina Critical Minerals Summit, un encuentro que tiene como eje el debate regional sobre los minerales cr\u00edticos y el desarrollo de la miner\u00eda del futuro. Adem\u00e1s, particip\u00f3 de la Mesa del Cobre integrada por gobernadores de Argentina, Ing. Alfredo Cornejo, Provincia de Mendoza, Dr. Gustavo S\u00e1enz, Provincia de Salta, \u00a0Economista\u00a0Carlos Sadir, Provincia de Jujuy y \u00a0CPN\u00a0Ra\u00fal Jalil, Provincia de Catamarca.<\/p>\n<p>El panel fue moderado por Saul Feilbogen, socio de VMF, y se enfoc\u00f3 en analizar el escenario actual y las oportunidades que presenta la miner\u00eda en la regi\u00f3n.<\/p>\n<p>El evento, que comenz\u00f3 en la Provincia de Buenos Aires y continu\u00f3 en la Provincia de Mendoza, convoc\u00f3 a gobernadores, autoridades nacionales, inversores y especialistas de Am\u00e9rica Latina.<\/p>\n<p>Durante la jornada, los gobernadores abordaron el rol estrat\u00e9gico del cobre y el litio en el contexto de la transici\u00f3n energ\u00e9tica global, el avance de los proyectos en cada provincia y la importancia de generar reglas claras para atraer inversiones internacionales.<\/p>\n<p>La participaci\u00f3n del gobernador de San Juan, Dr. Marcelo Orrego puso en valor el potencial minero de San Juan y su compromiso con un desarrollo responsable, sostenible y capaz de contribuir al crecimiento econ\u00f3mico del pa\u00eds en un contexto global de alta demanda de minerales cr\u00edticos.<\/p>\n<p>Durante su exposici\u00f3n, el Dr. Marcelo Orrego puntualiz\u00f3 que \u201cSan Juan impulsa una estrategia minera basada en seguridad jur\u00eddica, transparencia y modernizaci\u00f3n. Trabajamos para fortalecer la gesti\u00f3n de expectativas sociales, la infraestructura, la formaci\u00f3n de talento y el desarrollo de proveedores para garantizar un crecimiento minero sostenible y con beneficios locales\u201d.<\/p>\n<p>\u201cSan Juan es un destino minero confiable, con grandes empresas ya instaladas, tres minas en producci\u00f3n que representan m\u00e1s del 80% de nuestras exportaciones y la mayor inversi\u00f3n en exploraci\u00f3n del pa\u00eds. Contamos con cuatro proyectos de cobre avanzados que podr\u00edan movilizar cerca de 30 mil millones de d\u00f3lares en los pr\u00f3ximos a\u00f1os.<\/p>\n<p>\u00abOfrezco estabilidad institucional, reglas claras y un firme compromiso ambiental y social. La miner\u00eda es nuestro presente y, sobre todo, nuestro futuro: si el futuro es verde, ser\u00e1 con m\u00e1s cobre, y gran parte de ese cobre es de San Juan\u201d &#8211; sintetiz\u00f3 el gobernador de San Juan, Dr. Marcelo Orrego.<\/p>\n<p>El summit tambi\u00e9n incluy\u00f3 rondas de financiamiento y espacios de di\u00e1logo con ejecutivos del sector, donde se discutieron temas como<\/p>\n<ul>\n<li>\u201cEstado de los proyectos de litio y cobre en Argentina\u201d,<\/li>\n<li>\u201cInfraestructura, log\u00edstica y ESG\u201d y<\/li>\n<li>\u201cC\u00f3mo captar capital internacional para la miner\u00eda argentina\u201d.<\/li>\n<\/ul>\n<p>&nbsp;<\/p>\n<p><img loading=\"lazy\" decoding=\"async\" class=\"alignnone size-full wp-image-92248\" src=\"https:\/\/vocesparalelas.com.ar\/sitio\/wp-content\/uploads\/2025\/10\/MINERIA-DIITAL-SAN-JUAN-01.jpg\" alt=\"\" width=\"800\" height=\"450\" srcset=\"https:\/\/vocesparalelas.com.ar\/sitio\/wp-content\/uploads\/2025\/10\/MINERIA-DIITAL-SAN-JUAN-01.jpg 800w, https:\/\/vocesparalelas.com.ar\/sitio\/wp-content\/uploads\/2025\/10\/MINERIA-DIITAL-SAN-JUAN-01-300x169.jpg 300w, https:\/\/vocesparalelas.com.ar\/sitio\/wp-content\/uploads\/2025\/10\/MINERIA-DIITAL-SAN-JUAN-01-768x432.jpg 768w\" sizes=\"auto, (max-width: 800px) 100vw, 800px\" \/><\/p>\n","protected":false},"excerpt":{"rendered":"<p>El evento se realiz\u00f3 en Mendoza en el marco del 4th LATAM &amp; Argentina Critical Minerals Summit, donde participaron los<\/p>\n","protected":false},"author":3,"featured_media":93925,"comment_status":"closed","ping_status":"closed","sticky":false,"template":"","format":"standard","meta":{"_acf_changed":false,"_seopress_robots_primary_cat":"none","_seopress_titles_title":"","_seopress_titles_desc":"","_seopress_robots_index":"","colormag_page_container_layout":"default_layout","colormag_page_sidebar_layout":"default_layout","footnotes":""},"categories":[1],"tags":[],"class_list":["post-93922","post","type-post","status-publish","format-standard","has-post-thumbnail","hentry","category-destacadas"],"acf":[],"_links":{"self":[{"href":"https:\/\/vocesparalelas.com.ar\/sitio\/wp-json\/wp\/v2\/posts\/93922","targetHints":{"allow":["GET"]}}],"collection":[{"href":"https:\/\/vocesparalelas.com.ar\/sitio\/wp-json\/wp\/v2\/posts"}],"about":[{"href":"https:\/\/vocesparalelas.com.ar\/sitio\/wp-json\/wp\/v2\/types\/post"}],"author":[{"embeddable":true,"href":"https:\/\/vocesparalelas.com.ar\/sitio\/wp-json\/wp\/v2\/users\/3"}],"replies":[{"embeddable":true,"href":"https:\/\/vocesparalelas.com.ar\/sitio\/wp-json\/wp\/v2\/comments?post=93922"}],"version-history":[{"count":1,"href":"https:\/\/vocesparalelas.com.ar\/sitio\/wp-json\/wp\/v2\/posts\/93922\/revisions"}],"predecessor-version":[{"id":93926,"href":"https:\/\/vocesparalelas.com.ar\/sitio\/wp-json\/wp\/v2\/posts\/93922\/revisions\/93926"}],"wp:featuredmedia":[{"embeddable":true,"href":"https:\/\/vocesparalelas.com.ar\/sitio\/wp-json\/wp\/v2\/media\/93925"}],"wp:attachment":[{"href":"https:\/\/vocesparalelas.com.ar\/sitio\/wp-json\/wp\/v2\/media?parent=93922"}],"wp:term":[{"taxonomy":"category","embeddable":true,"href":"https:\/\/vocesparalelas.com.ar\/sitio\/wp-json\/wp\/v2\/categories?post=93922"},{"taxonomy":"post_tag","embeddable":true,"href":"https:\/\/vocesparalelas.com.ar\/sitio\/wp-json\/wp\/v2\/tags?post=93922"}],"curies":[{"name":"wp","href":"https:\/\/api.w.org\/{rel}","templated":true}]}}