{"id":93898,"date":"2025-11-14T00:40:39","date_gmt":"2025-11-14T03:40:39","guid":{"rendered":"https:\/\/vocesparalelas.com.ar\/sitio\/?p=93898"},"modified":"2025-11-15T11:03:52","modified_gmt":"2025-11-15T14:03:52","slug":"variacion-en-la-propuesta-del-aumento-salarial-docente-del-gobierno-de-san-juan","status":"publish","type":"post","link":"https:\/\/vocesparalelas.com.ar\/sitio\/variacion-en-la-propuesta-del-aumento-salarial-docente-del-gobierno-de-san-juan\/","title":{"rendered":"Variaci\u00f3n en la propuesta del aumento salarial docente del Gobierno de San Juan"},"content":{"rendered":"<p>En la sala del Ministerio de Educaci\u00f3n del Gobierno de San Juan, el Jueves, 13 de Noviembre, se reuni\u00f3 la Secretaria de Educaci\u00f3n Lic. Mariela Lueje, el Ministro de Econom\u00eda, Finanzas y Hacienda CPN Roberto Guti\u00e9rrez y los representantes de los Gremios Docentes UDAP, UDA y AMET<\/p>\n<p>Se da por iniciada la sesi\u00f3n, la Secretaria de Educaci\u00f3n, Lic. Mariela Lueje, da la bienvenida a las partes y cede la palabra a la parte sindical, la cual manifiesta que rechaza la propuesta salarial formulada por el Gobierno en la sesi\u00f3n anterior.<\/p>\n<p>Acto seguido comenz\u00f3 un arduo debate que deviene en la siguiente propuesta por parte del Gobierno de San Juan consistente en:<\/p>\n<ul>\n<li>Incrementar el valor \u00edndice, para Noviembre 2025, aplicando el coeficiente de variaci\u00f3n mensual del \u00cdndice I.P.C (\u00cdndice de Precios al Consumidor) publicado por INDEC, del mes anterior.<\/li>\n<li>Incrementar 4 puntos a todos los cargos del nomenclador docente en el mes de Noviembre.<\/li>\n<li>Incrementar los montos y tramos de las asignaciones familiares en un 6,47%, para el mes de noviembre; comprometi\u00e9ndose el Gobierno a analizar el valor de los topes de todos los tramos de &#8216;dichas asignaciones.<\/li>\n<li>Incrementar el valor \u00cdndice, para Diciembre 2025, aplicando el coeficiente de variaci\u00f3n mensual del \u00cdndice I.P.C (\u00cdndice de Precios al Consumidor) publicado por INDEC, del mes anterior.<\/li>\n<li>Incrementar en 5 puntos el c\u00f3digo E60, quedando el mismo en 44 puntos por valor \u00cdndice desde el mes de Diciembre 2025.<\/li>\n<\/ul>\n<p>La parte sindical manifiesta que pondr\u00e1 en consideraci\u00f3n de las bases la propuesta salarial formulada por el Gobierno. Por otro lado. solicita el otorgamiento de un bono o suma no remunerativa para cobrar en la primera quincena de Enero de 2026.<\/p>\n<p>Siendo las 23:30 hs, las partes acuerdan pasar a un cuarto intermedio para el 17 de Noviembre a las 8 hs.<\/p>\n<p><img loading=\"lazy\" decoding=\"async\" class=\"alignnone size-full wp-image-65642\" src=\"https:\/\/vocesparalelas.com.ar\/sitio\/wp-content\/uploads\/2023\/11\/GOBIERNO-SAN-JUAN.jpg\" alt=\"\" width=\"800\" height=\"600\" srcset=\"https:\/\/vocesparalelas.com.ar\/sitio\/wp-content\/uploads\/2023\/11\/GOBIERNO-SAN-JUAN.jpg 800w, https:\/\/vocesparalelas.com.ar\/sitio\/wp-content\/uploads\/2023\/11\/GOBIERNO-SAN-JUAN-300x225.jpg 300w, https:\/\/vocesparalelas.com.ar\/sitio\/wp-content\/uploads\/2023\/11\/GOBIERNO-SAN-JUAN-768x576.jpg 768w\" sizes=\"auto, (max-width: 800px) 100vw, 800px\" \/><\/p>\n","protected":false},"excerpt":{"rendered":"<p>En la sala del Ministerio de Educaci\u00f3n del Gobierno de San Juan, el Jueves, 13 de Noviembre, se reuni\u00f3 la<\/p>\n","protected":false},"author":3,"featured_media":93901,"comment_status":"closed","ping_status":"closed","sticky":false,"template":"","format":"standard","meta":{"_acf_changed":false,"_seopress_robots_primary_cat":"none","_seopress_titles_title":"","_seopress_titles_desc":"","_seopress_robots_index":"","colormag_page_container_layout":"default_layout","colormag_page_sidebar_layout":"default_layout","footnotes":""},"categories":[5],"tags":[],"class_list":["post-93898","post","type-post","status-publish","format-standard","has-post-thumbnail","hentry","category-ofrecimientos"],"acf":[],"_links":{"self":[{"href":"https:\/\/vocesparalelas.com.ar\/sitio\/wp-json\/wp\/v2\/posts\/93898","targetHints":{"allow":["GET"]}}],"collection":[{"href":"https:\/\/vocesparalelas.com.ar\/sitio\/wp-json\/wp\/v2\/posts"}],"about":[{"href":"https:\/\/vocesparalelas.com.ar\/sitio\/wp-json\/wp\/v2\/types\/post"}],"author":[{"embeddable":true,"href":"https:\/\/vocesparalelas.com.ar\/sitio\/wp-json\/wp\/v2\/users\/3"}],"replies":[{"embeddable":true,"href":"https:\/\/vocesparalelas.com.ar\/sitio\/wp-json\/wp\/v2\/comments?post=93898"}],"version-history":[{"count":1,"href":"https:\/\/vocesparalelas.com.ar\/sitio\/wp-json\/wp\/v2\/posts\/93898\/revisions"}],"predecessor-version":[{"id":93902,"href":"https:\/\/vocesparalelas.com.ar\/sitio\/wp-json\/wp\/v2\/posts\/93898\/revisions\/93902"}],"wp:featuredmedia":[{"embeddable":true,"href":"https:\/\/vocesparalelas.com.ar\/sitio\/wp-json\/wp\/v2\/media\/93901"}],"wp:attachment":[{"href":"https:\/\/vocesparalelas.com.ar\/sitio\/wp-json\/wp\/v2\/media?parent=93898"}],"wp:term":[{"taxonomy":"category","embeddable":true,"href":"https:\/\/vocesparalelas.com.ar\/sitio\/wp-json\/wp\/v2\/categories?post=93898"},{"taxonomy":"post_tag","embeddable":true,"href":"https:\/\/vocesparalelas.com.ar\/sitio\/wp-json\/wp\/v2\/tags?post=93898"}],"curies":[{"name":"wp","href":"https:\/\/api.w.org\/{rel}","templated":true}]}}