{"id":93891,"date":"2025-11-13T21:04:17","date_gmt":"2025-11-14T00:04:17","guid":{"rendered":"https:\/\/vocesparalelas.com.ar\/sitio\/?p=93891"},"modified":"2025-11-14T23:57:41","modified_gmt":"2025-11-15T02:57:41","slug":"fiscal-general-de-la-corte-de-justicia-de-san-juan-dr-guillermo-baigorri","status":"publish","type":"post","link":"https:\/\/vocesparalelas.com.ar\/sitio\/fiscal-general-de-la-corte-de-justicia-de-san-juan-dr-guillermo-baigorri\/","title":{"rendered":"Fiscal General de la Corte de Justicia de San Juan, Dr. Guillermo Baigorri"},"content":{"rendered":"<p dir=\"ltr\">En el marco de la Decimosegunda Sesi\u00f3n del per\u00edodo ordinario, la C\u00e1mara de Diputados de San Juan design\u00f3 al doctor Guillermo Francisco Baigorri como nuevo Fiscal General de la Corte de Justicia, cargo que se encontr\u00f3 vacante.<\/p>\n<p dir=\"ltr\">La sesi\u00f3n fue presidida por el vicegobernador Dr. Fabi\u00e1n Mart\u00edn, acompa\u00f1ado por los secretarios Legislativo, Dr. Gustavo Velert y Administrativo, Lic. Jorge Fern\u00e1ndez.<\/p>\n<p dir=\"ltr\">El tratamiento de este punto del orden del d\u00eda estuvo a cargo de la diputada Marcela Quiroga, quien destac\u00f3 la trayectoria y capacidad de todos los profesionales entrevistados. Posteriormente, propuso la designaci\u00f3n del doctor Guillermo Francisco Baigorri, moci\u00f3n que result\u00f3 aprobada con 25 votos afirmativos y 10 negativos.<\/p>\n<p dir=\"ltr\">Por su parte, la diputada Fernanda Paredes tambi\u00e9n reconoci\u00f3 el m\u00e9rito de los postulantes y present\u00f3 una moci\u00f3n para la designaci\u00f3n del profesional Mat\u00edas Rogelio Senatore; sin embargo, esta qued\u00f3 sin efecto al aprobarse la primera moci\u00f3n.<\/p>\n<p dir=\"ltr\"><strong><span style=\"color: #800080;\">Sobre el Nuevo Fiscal<\/span><\/strong><\/p>\n<p dir=\"ltr\">Durante su exposici\u00f3n, la diputada Marcela Quiroga destac\u00f3 que el doctor Guillermo Francisco Baigorri\u00a0 \u201ces un abogado cuyo t\u00edtulo fue expedido por la Facultad de Derecho y Ciencias Sociales de la Universidad de Buenos Aires el d\u00eda 1 de agosto de 1989. Dicho profesional ha ejercido de manera liberal la profesi\u00f3n desde el a\u00f1o 1989, asesorando a distintas empresas y litigando en diversos fueros.<\/p>\n<p dir=\"ltr\">Actualmente se desempe\u00f1a como Juez de C\u00e1mara de Apelaciones del Trabajo en el Poder Judicial de San Juan, cargo que ocupa desde el a\u00f1o 2012 y ha integrado la Sala Segunda de la Corte de Justicia como juez subrogante en la denominada \u00abMegacausa de Expropiaciones\u00bb.<\/p>\n<p dir=\"ltr\">Adem\u00e1s posee una destacada trayectoria acad\u00e9mica. Es director de la C\u00e1tedra de Derecho Constitucional en la Facultad de Derecho y Ciencias Sociales de la Universidad Nacional de San Juan y ha sido tambi\u00e9n Director de C\u00e1tedra de Derecho P\u00fablico Provincial y Profesor en la Universidad Cat\u00f3lica de Cuyo.<\/p>\n<p dir=\"ltr\">Tambi\u00e9n fue Diputado Nacional de la Provincia de San Juan durante el per\u00edodo 2003-2007 y particip\u00f3 como analista epistemol\u00f3gico en el Proyecto de Digesto Jur\u00eddico Provincial en representaci\u00f3n de la Universidad Nacional de San Juan.<\/p>\n<p dir=\"ltr\">A lo largo de su carrera, ha realizado numerosos cursos de formaci\u00f3n judicial en materia de gesti\u00f3n, tutela judicial efectiva, t\u00e9cnicas de conciliaci\u00f3n y ciberseguridad, entre otros temas que son importantes hoy para el desempe\u00f1o dentro del Poder Judicial\u201d.<b><\/b><\/p>\n<p>&nbsp;<\/p>\n<p><iframe loading=\"lazy\" title=\"Entrevista Diputada  Marcela Quiroga\" width=\"800\" height=\"450\" src=\"https:\/\/www.youtube.com\/embed\/221_rs7tHmc?feature=oembed\" frameborder=\"0\" allow=\"accelerometer; autoplay; clipboard-write; encrypted-media; gyroscope; picture-in-picture; web-share\" referrerpolicy=\"strict-origin-when-cross-origin\" allowfullscreen><\/iframe><\/p>\n<p>&nbsp;<\/p>\n<p dir=\"ltr\"><strong><span style=\"color: #800080;\">Otros asuntos aprobados<\/span><\/strong><\/p>\n<p dir=\"ltr\">A continuaci\u00f3n se detallan los temas que fueron aprobados en la Decimosegunda Sesi\u00f3n:<\/p>\n<p dir=\"ltr\"><strong><span style=\"color: #800080;\">Programa Nacional de Etiquetado de Viviendas (PRONEV)<\/span><\/strong><\/p>\n<p dir=\"ltr\">Tras los argumentos presentados por el diputados Andr\u00e9s Castro, el cuerpo legislativo sancion\u00f3 el proyecto de ley remitido por el Poder Ejecutivo, que tiene por objeto establecer en el \u00e1mbito de la provincia de San Juan la implementaci\u00f3n de la Etiqueta de Eficiencia Energ\u00e9tica de Inmuebles destinados a vivienda, en el marco del Programa Nacional de Etiquetado de Viviendas (PRONEV).<\/p>\n<p dir=\"ltr\">El etiquetado de eficiencia energ\u00e9tica en viviendas es una herramienta fundamental para informar, valorar y promover la eficiencia energ\u00e9tica en el sector residencial. Se basa en la evaluaci\u00f3n de par\u00e1metros t\u00e9cnicos normalizados que permiten clasificar las viviendas en una escala de letras, de la \u201cA\u201d a la \u201cG\u201d, siendo la \u201cA\u201d la de mayor eficiencia y la \u201cG\u201d la de menor desempe\u00f1o. Esta clasificaci\u00f3n se asocia a un rango de valores del \u00cdndice de Prestaciones Energ\u00e9ticas (IPE), que var\u00eda seg\u00fan cada regi\u00f3n del pa\u00eds.<\/p>\n<p dir=\"ltr\">La implementaci\u00f3n voluntaria de este sistema en distintas provincias argentinas ha demostrado beneficios significativos en materia de consumo energ\u00e9tico, concientizaci\u00f3n ciudadana, confort t\u00e9rmico, y planificaci\u00f3n de pol\u00edticas p\u00fablicas basadas en el desempe\u00f1o energ\u00e9tico de las viviendas. Adem\u00e1s, contribuye al cumplimiento de metas clim\u00e1ticas y de sostenibilidad.<\/p>\n<p dir=\"ltr\">El objetivo principal de este instrumento es brindar informaci\u00f3n a la ciudadan\u00eda sobre las prestaciones energ\u00e9ticas de una vivienda, constituy\u00e9ndose en una herramienta \u00fatil al momento de evaluar nuevos proyectos, intervenir en viviendas existentes o realizar operaciones inmobiliarias.<br \/>\nAsimismo, resulta de gran importancia para el Estado, ya que permite cuantificar y comparar el requerimiento energ\u00e9tico de las viviendas bajo criterios unificados, estableciendo una l\u00ednea de base que sirva como referencia para nuevas pol\u00edticas y programas de incentivos.<\/p>\n<p dir=\"ltr\">Este instrumento tambi\u00e9n genera un sello distintivo para el inmueble, con impacto positivo en su valor de mercado, y fomenta el desarrollo y la incorporaci\u00f3n de nuevas tecnolog\u00edas constructivas locales.<\/p>\n<p dir=\"ltr\"><strong><span style=\"color: #800080;\">Convenio de colaboraci\u00f3n acad\u00e9mica con Curtin University<\/span><\/strong><\/p>\n<p dir=\"ltr\">Asimismo, el diputado Andr\u00e9s Castro explic\u00f3 los fundamentos de este punto del orden del d\u00eda el cual fue aprobado por el cuerpo. Se trata del convenio Memor\u00e1ndum de entendimiento para el desarrollo de la colaboraci\u00f3n acad\u00e9mica y en materia de investigaci\u00f3n, suscripto el 8 de septiembre de 2025, entre Curtin University, Perth, Australia Occidental, a trav\u00e9s de la Facultad de Ciencia e Ingenier\u00eda y el Gobierno de la provincia de San Juan a trav\u00e9s del Ministerio de Miner\u00eda.<\/p>\n<p dir=\"ltr\">El objeto principal de este acuerdo consiste en colaborar y compartir informaci\u00f3n sobre sus organizaciones para mejorar la comprensi\u00f3n mutua de las capacidades acad\u00e9micas y de investigaci\u00f3n de cada una de las partes as\u00ed establecer una relaci\u00f3n de trabajo.<\/p>\n<p dir=\"ltr\"><span style=\"color: #800080;\"><strong>Imposici\u00f3n de nombre a una escuela de Sarmiento<\/strong><\/span><\/p>\n<p dir=\"ltr\">Por otra parte, la Legislatura impuso\u00a0 el nombre: \u00abDr. Ram\u00f3n Eduardo Lueje\u00bb, a la Escuela Secundaria Constancio Cecilio Vigil, Turno Ma\u00f1ana y Tarde, ubicada en el departamento Sarmiento. Sobre este asunto tambi\u00e9n habl\u00f3 el diputado Andr\u00e9s Castro quien se\u00f1al\u00f3 que el nombre \u00abDr. Ram\u00f3n Eduardo Lueje\u00bb ha sido aceptado por la comunidad educativa, siendo dicho cambio de suma importancia para fortalecer la identidad propia de la instituci\u00f3n y el sentido de pertenencia de sus alumnos, en este proceso de crecimiento institucional es fundamental ser reconocidos al llevar el nombre de una persona ilustre y con gran trayectoria como es el Dr. Lueje, quien dedic\u00f3 su vida al cuidado y bienestar de las familias en la comunidad, destac\u00e1ndose no solo por su excelencia profesional, sino tambi\u00e9n por su entrega y compromiso en mejorar la calidad de vida de las familias que resid\u00edan en las diferentes zonas del departamento.\u201d<\/p>\n<p dir=\"ltr\"><strong><span style=\"color: #800080;\">Convenio con la Fundaci\u00f3n Estudiantes Internacionales\u00a0<\/span><\/strong><\/p>\n<p dir=\"ltr\">Despu\u00e9s, la Legislatura aprob\u00f3 el convenio Marco de Asistencia y Colaboraci\u00f3n, celebrado entre el Gobierno de la provincia de San Juan a trav\u00e9s del Ministerio de Producci\u00f3n, Trabajo e Innovaci\u00f3n y la Fundaci\u00f3n Estudiantes Internacionales Debatiendo por el Saber EIDOS.<\/p>\n<p dir=\"ltr\">En esta oportunidad, habl\u00f3 la diputada M\u00f3nica Gonz\u00e1lez, quien explic\u00f3 que el objeto de este acuerdo consist\u00eda en implementar acciones de cooperaci\u00f3n tendientes a desarrollar, en forma conjunta, proyectos de car\u00e1cter acad\u00e9mico, cient\u00edfico y cultural para beneficio de ambas instituciones.<\/p>\n<p dir=\"ltr\"><strong><span style=\"color: #800080;\">Convenio con la Universidad Nacional de Cuyo\u00a0<\/span><\/strong><\/p>\n<p dir=\"ltr\">Posteriormente, el cuerpo legislativo ratific\u00f3 un convenio Marco de Colaboraci\u00f3n, celebrado el 12 de agosto de 2025, entre el Gobierno de la provincia de San Juan a trav\u00e9s del Ministerio de Producci\u00f3n, Trabajo e Innovaci\u00f3n y la Universidad Nacional de Cuyo.<\/p>\n<p dir=\"ltr\">La diputada Alejandra Leonardo fue la encargada de brindar los fundamentos de este acuerdo que consiste en implementar acciones de cooperaci\u00f3n tendientes a desarrollar, en forma conjunta, proyectos de car\u00e1cter acad\u00e9mico, cient\u00edfico y cultural para beneficio de ambas instituciones.<\/p>\n<p dir=\"ltr\"><strong><span style=\"color: #800080;\">Convenio con AADI-CAPIF ACR<\/span><\/strong><\/p>\n<p dir=\"ltr\">Tambi\u00e9n los legisladores aprobaron un convenio celebrado el 15 de septiembre de 2025 entre el Ministerio de Familia y Desarrollo Humano y la Asociaci\u00f3n Argentina de Int\u00e9rpretes (AADI), la C\u00e1mara Argentina de Productores Fonogr\u00e1ficos y Videogramas (CAPIF) y Administraci\u00f3n de Derechos de la Comunicaci\u00f3n al P\u00fablico (ACR).<\/p>\n<p dir=\"ltr\">En la ocasi\u00f3n, la diputada Mar\u00eda Rita Lascano habl\u00f3 como miembro informante y sostuvo que el objeto de este acuerdo es fijar para el futuro el monto de los aranceles a abonar por la comunicaci\u00f3n p\u00fablica de fonogramas en los eventos realizados o producidos en los espacios p\u00fablicos, exclusivamente por el ministerio, quedando expresamente excluidos del presente convenio y sujeto al pago de los aranceles establecidos por la Resoluci\u00f3n 390\/05 SMC o la que en un futuro la reemplace, todo otro evento realizado, organizado o producido por cualquier otra persona f\u00edsica o jur\u00eddica, aunque el mismo tuviera auspicios o participaci\u00f3n de \u00e9ste.<\/p>\n<p dir=\"ltr\"><strong><span style=\"color: #800080;\">Modificaci\u00f3n de una ley que dona un terreno al Arzobispado\u00a0<\/span><\/strong><\/p>\n<p dir=\"ltr\">Luego, la Legislatura aprob\u00f3 la modificaci\u00f3n de la Ley Provincial N.\u00ba 2640-A, referida a la donaci\u00f3n con cargo de un inmueble de propiedad del Estado Provincial a favor del Arzobispado de San Juan de Cuyo.<\/p>\n<p dir=\"ltr\">El diputado Enzo Cornejo fundament\u00f3 este asunto y explic\u00f3 que el objetivo de la modificaci\u00f3n consiste en ajustar los art\u00edculos 1\u00b0, 2\u00b0 y 3\u00b0 de la normativa, con el fin de adecuarlos al Plano de Mensura y as\u00ed posibilitar la escrituraci\u00f3n definitiva del inmueble.<\/p>\n<p dir=\"ltr\"><strong><span style=\"color: #800080;\">Leyes de Emergencias\u00a0<\/span><\/strong><\/p>\n<p dir=\"ltr\">Asimismo, durante la Decimosegunda Sesi\u00f3n, el cuerpo parlamentario aprob\u00f3 sobre tablas los siguientes proyectos de Ley presentados por el Interbloque Cambia San Juan, que proponen:<\/p>\n<ul>\n<li dir=\"ltr\" aria-level=\"1\">\n<p dir=\"ltr\" role=\"presentation\">Sustituir el art\u00edculo 1\u00ba de la Ley 969-P, sobre el Estado de Emergencia de los Servicios de Seguridad.<\/p>\n<\/li>\n<li dir=\"ltr\" aria-level=\"1\">\n<p dir=\"ltr\" role=\"presentation\">Modificar la Ley N\u00b0 1266-P, de Emergencia Social.<\/p>\n<\/li>\n<li dir=\"ltr\" aria-level=\"1\">\n<p dir=\"ltr\" role=\"presentation\">Sustituir el art\u00edculo 1\u00ba de la Ley 1267-P, que suspende los procedimientos judiciales sobre desocupaci\u00f3n, desalojos, restituci\u00f3n de inmuebles de varios barrios de la Provincia.<\/p>\n<\/li>\n<li dir=\"ltr\" aria-level=\"1\">\n<p dir=\"ltr\" role=\"presentation\">Sustituir el art\u00edculo 4\u00ba de la Ley 1254-P de regularizaci\u00f3n de obras subrepticias.<\/p>\n<\/li>\n<li dir=\"ltr\" aria-level=\"1\">\n<p dir=\"ltr\" role=\"presentation\">Sustituir el art\u00edculo 2\u00ba de la Ley N\u00b0 2458-A, de Emergencia de Obra P\u00fablica.<\/p>\n<\/li>\n<li dir=\"ltr\" aria-level=\"1\">\n<p dir=\"ltr\" role=\"presentation\">Modificar la Ley N\u00b0 783-A, de Emergencia P\u00fablica.<\/p>\n<\/li>\n<\/ul>\n<p dir=\"ltr\">El encargado de fundamentar estos asuntos fue el diputado Carlos Jaime Quiroga. Cabe aclarar que el expediente 2591 sobre la modificaci\u00f3n de la Ley N\u00b0 2470-L, de Emergencia H\u00eddrica, fue remitido a comisiones para mayor estudio.<\/p>\n<p dir=\"ltr\">La Canci\u00f3n \u201cAy San Juan\u201d declarada Patrimonio Cultural<\/p>\n<p dir=\"ltr\">Tras los fundamentos explicados por la legisladora M\u00f3nica Gonz\u00e1lez, el cuerpo parlamentario aprob\u00f3 el proyecto de Ley del interbloque Cambia San Juan por el que se declara bien del Patrimonio Cultural y Natural de la provincia de San Juan, la canci\u00f3n \u201cAy San Juan\u201d de la escritora y compositora Hilda Rufino, dentro de los alcances de la Ley n\u00ba 571-F.<\/p>\n<p dir=\"ltr\"><strong><span style=\"color: #800080;\">Resoluciones<\/span><\/strong><\/p>\n<p dir=\"ltr\">Por otra parte, la C\u00e1mara de Diputados declar\u00f3 de inter\u00e9s:<\/p>\n<ul>\n<li dir=\"ltr\" aria-level=\"1\">\n<p dir=\"ltr\" role=\"presentation\"><span style=\"color: #800080;\"><strong>Educativo, sanitario y acad\u00e9mico,<\/strong><\/span> la Jornada Anual de la Comisi\u00f3n de Salud de la Federaci\u00f3n Argentina de Psicopedagogos: \u00abPsicopedagog\u00eda y Salud Mental: Tramas Interdisciplinarias\u00bb,\u00a0a realizarse de forma virtual el d\u00eda 15 de noviembre del corriente a\u00f1o. (Autor: Interbloque Cambia San Juan )<\/p>\n<\/li>\n<li dir=\"ltr\" aria-level=\"1\">\n<p dir=\"ltr\" role=\"presentation\"><strong><span style=\"color: #800080;\">Religioso, Cultural, Tur\u00edstico y Social<\/span> <\/strong>a la Fiesta en honor a Santa B\u00e1rbara de Mogna, a realizarse el d\u00eda 4 de diciembre de 2025 en la localidad hom\u00f3nima del departamento J\u00e1chal. (Autores: diputados Miguel Vega y Pedro Albagli)<\/p>\n<\/li>\n<li dir=\"ltr\" aria-level=\"1\">\n<p dir=\"ltr\" role=\"presentation\"><strong><span style=\"color: #800080;\">Cultural, social y religioso,<\/span> <\/strong>las Fiestas Patronales en Honor a Cristo Rey,\u00a0a realizarse entre los d\u00edas 14 al 23 noviembre en la Parroquia Cristo Rey, departamento Caucete. (Autor: diputado Emilio Escudero)<\/p>\n<\/li>\n<li dir=\"ltr\" aria-level=\"1\">\n<p dir=\"ltr\" role=\"presentation\"><strong><span style=\"color: #800080;\">Educativo y social<\/span> <\/strong>el Juego de Mesa: \u00abOCA CON EMOCIONES\u00bb,\u00a0su presentaci\u00f3n se lleva a cabo el d\u00eda 1 de diciembre del corriente a\u00f1o, en la Sala Emar Acosta\u00bb Edificio Anexo Legislatura. (Autor: interbloque Cambia San Juan)<\/p>\n<\/li>\n<li dir=\"ltr\" aria-level=\"1\">\n<p dir=\"ltr\" role=\"presentation\"><span style=\"color: #800080;\"><strong>Educativo y social <\/strong><\/span>el 2\u00b0 Encuentro Provincial: ONCO San Juan,\u00a0que se lleva a cabo los d\u00edas 17 y 23 de noviembre, en la Plaza Seca del Centro C\u00edvico. (Autor: interbloque Cambia San Juan)<\/p>\n<\/li>\n<li dir=\"ltr\" aria-level=\"1\">\n<p dir=\"ltr\" role=\"presentation\"><strong><span style=\"color: #800080;\">Social y cultural<\/span> <\/strong>la XVI Fiesta Provincial de la Diversidad y Marcha del Orgullo LGBTIQ+,\u00a0organizada por el Consejo Provincial de la Diversidad de San Juan, que se lleva cabo los d\u00edas 25 al 29 de noviembre del corriente a\u00f1o. (Autora: diputada Fernanda Paredes)<\/p>\n<\/li>\n<li dir=\"ltr\" aria-level=\"1\">\n<p dir=\"ltr\" role=\"presentation\"><span style=\"color: #800080;\"><strong>Cultural <\/strong><\/span>el Festival de Tango San Juan,\u00a0organizado por la Compa\u00f1\u00eda de Danza Independiente Proyecto Tango San Juan y la Asociaci\u00f3n Civil de Artes Esc\u00e9nicas, en el Centro Cultural Conte Grand del 5 al 7 de diciembre. (Autor: interbloque Cambia San Juan)<\/p>\n<\/li>\n<li dir=\"ltr\" aria-level=\"1\">\n<p dir=\"ltr\" role=\"presentation\"><span style=\"color: #800080;\"><strong>Educativo, social y cultural <\/strong><\/span>la participaci\u00f3n de los alumnos de 5to a\u00f1o de la Escuela Agroindustrial Monse\u00f1or Dr. Juan Antonio Videla Cuello, departamento J\u00e1chal, en la instancia nacional de La Olimpiada Argentina de Ciencias Junior a realizarse del 30 de noviembre al 03 de diciembre en la Provincia de Mendoza. (Autor: interbloque Cambia San Juan)<\/p>\n<\/li>\n<li dir=\"ltr\" aria-level=\"1\">\n<p dir=\"ltr\" role=\"presentation\"><strong><span style=\"color: #800080;\">Social, cultural y tur\u00edstico,<\/span> <\/strong>la Fiesta Patria y Tradici\u00f3n de Cieneguita, que se lleva a cabo desde 15 hasta el 16 de noviembre de 2025, en el predio Gaucho Virgen de la Candelaria en Cieneguita, departamento Sarmiento, provincia de San Juan. (Autor: interbloque Cambia San Juan)<\/p>\n<\/li>\n<li dir=\"ltr\" aria-level=\"1\">\n<p dir=\"ltr\" role=\"presentation\"><strong><span style=\"color: #800080;\">Deportivo y social<\/span> <\/strong>a la entrega de los Premios Moscatel Edici\u00f3n 2025,como reconocimiento anual a los Deportistas que organiza el Grupo M1X, a realizarse el d\u00eda 8 de diciembre del corriente a\u00f1o en el Departamento Albard\u00f3n.\u00a0 (Autor: diputado Pedro Albagli)<\/p>\n<\/li>\n<li dir=\"ltr\" aria-level=\"1\">\n<p dir=\"ltr\" role=\"presentation\"><strong><span style=\"color: #800080;\">Social, educativo, cient\u00edfico y sanitario<\/span> <\/strong>a la Jornada Sanjuanina de HTP,\u00a0a desarrollarse el 15 de noviembre de 2025 en el Hospital Marcial Quiroga, en el marco del D\u00eda Provincial de la Hipertensi\u00f3n Pulmonar. (Autor: interbloque Cambia San Juan)<\/p>\n<\/li>\n<li dir=\"ltr\" aria-level=\"1\">\n<p dir=\"ltr\" role=\"presentation\"><span style=\"color: #800080;\"><strong>Deportivo, social y cultural <\/strong><\/span>el \u00ab3\u00b0 Torneo Nacional Femenino de Mamis e Intermedias de Hockey sobre Patines\u00bb,\u00a0a celebrarse los d\u00edas 20, 21, 22, 23 y 24 de noviembre del corriente a\u00f1o, con sede en el Estadio Marcelo Garc\u00eda, ubicado en el predio del Polideportivo Municipal de Pocito, y en la Cancha del Club Social y Deportivo Aberastain, ambos situados en la localidad de Villa Aberastain, departamento Pocito, provincia de San Juan. (Autores: Diputados Emilio Escudero, Fernanda Paredes, Stella Caparr\u00f3s y Sonia Ferreyra)<\/p>\n<\/li>\n<li dir=\"ltr\" aria-level=\"1\">\n<p dir=\"ltr\" role=\"presentation\"><span style=\"color: #800080;\"><strong>Social, Educativo y Profesional <\/strong><\/span>las \u00abV Jornadas Provinciales de Trabajo Social: Trabajo Social y Reconstrucci\u00f3n del Lazo Colectivo: desaf\u00edos presentes y futuros\u00bb, organizadas por el Colegio de Profesionales en Trabajo Social de San Juan y el Departamento de Trabajo Social de la Facultad de Ciencias Sociales de la Universidad Nacional de San Juan, que se realizar\u00e1n los d\u00edas 27 y 28 de noviembre de 2025, en la sede de dicha Facultad. (Autores: Diputados Emilio Escudero, Fernanda Paredes, Stella Caparr\u00f3s y Sonia Ferreyra)<\/p>\n<\/li>\n<li dir=\"ltr\" aria-level=\"1\">\n<p dir=\"ltr\" role=\"presentation\"><span style=\"color: #800080;\"><strong>Social, Cultural e Hist\u00f3rico <\/strong><\/span>las actividades y actos que se lleven a cabo con motivo de\u00a0 Conmemorarse el 272\u00b0 Aniversario del Departamento de Iglesia.(Autor: diputado Gustavo Deguer)<\/p>\n<\/li>\n<\/ul>\n<figure id=\"attachment_37951\" aria-describedby=\"caption-attachment-37951\" style=\"width: 800px\" class=\"wp-caption alignnone\"><img loading=\"lazy\" decoding=\"async\" class=\"size-full wp-image-37951\" src=\"https:\/\/vocesparalelas.com.ar\/sitio\/wp-content\/uploads\/2021\/05\/CAMARA-EDIFICIO.jpg\" alt=\"\" width=\"800\" height=\"515\" srcset=\"https:\/\/vocesparalelas.com.ar\/sitio\/wp-content\/uploads\/2021\/05\/CAMARA-EDIFICIO.jpg 800w, https:\/\/vocesparalelas.com.ar\/sitio\/wp-content\/uploads\/2021\/05\/CAMARA-EDIFICIO-300x193.jpg 300w, https:\/\/vocesparalelas.com.ar\/sitio\/wp-content\/uploads\/2021\/05\/CAMARA-EDIFICIO-768x494.jpg 768w\" sizes=\"auto, (max-width: 800px) 100vw, 800px\" \/><figcaption id=\"caption-attachment-37951\" class=\"wp-caption-text\">Legislatura Provincial de San Juan, Rep\u00fablica Argentina<\/figcaption><\/figure>\n","protected":false},"excerpt":{"rendered":"<p>En el marco de la Decimosegunda Sesi\u00f3n del per\u00edodo ordinario, la C\u00e1mara de Diputados de San Juan design\u00f3 al doctor<\/p>\n","protected":false},"author":3,"featured_media":93894,"comment_status":"closed","ping_status":"closed","sticky":false,"template":"","format":"standard","meta":{"_acf_changed":false,"_seopress_robots_primary_cat":"none","_seopress_titles_title":"","_seopress_titles_desc":"","_seopress_robots_index":"","colormag_page_container_layout":"default_layout","colormag_page_sidebar_layout":"default_layout","footnotes":""},"categories":[10,7],"tags":[],"class_list":["post-93891","post","type-post","status-publish","format-standard","has-post-thumbnail","hentry","category-opiniones","category-videos"],"acf":[],"_links":{"self":[{"href":"https:\/\/vocesparalelas.com.ar\/sitio\/wp-json\/wp\/v2\/posts\/93891","targetHints":{"allow":["GET"]}}],"collection":[{"href":"https:\/\/vocesparalelas.com.ar\/sitio\/wp-json\/wp\/v2\/posts"}],"about":[{"href":"https:\/\/vocesparalelas.com.ar\/sitio\/wp-json\/wp\/v2\/types\/post"}],"author":[{"embeddable":true,"href":"https:\/\/vocesparalelas.com.ar\/sitio\/wp-json\/wp\/v2\/users\/3"}],"replies":[{"embeddable":true,"href":"https:\/\/vocesparalelas.com.ar\/sitio\/wp-json\/wp\/v2\/comments?post=93891"}],"version-history":[{"count":1,"href":"https:\/\/vocesparalelas.com.ar\/sitio\/wp-json\/wp\/v2\/posts\/93891\/revisions"}],"predecessor-version":[{"id":93895,"href":"https:\/\/vocesparalelas.com.ar\/sitio\/wp-json\/wp\/v2\/posts\/93891\/revisions\/93895"}],"wp:featuredmedia":[{"embeddable":true,"href":"https:\/\/vocesparalelas.com.ar\/sitio\/wp-json\/wp\/v2\/media\/93894"}],"wp:attachment":[{"href":"https:\/\/vocesparalelas.com.ar\/sitio\/wp-json\/wp\/v2\/media?parent=93891"}],"wp:term":[{"taxonomy":"category","embeddable":true,"href":"https:\/\/vocesparalelas.com.ar\/sitio\/wp-json\/wp\/v2\/categories?post=93891"},{"taxonomy":"post_tag","embeddable":true,"href":"https:\/\/vocesparalelas.com.ar\/sitio\/wp-json\/wp\/v2\/tags?post=93891"}],"curies":[{"name":"wp","href":"https:\/\/api.w.org\/{rel}","templated":true}]}}