{"id":93871,"date":"2025-11-13T19:51:10","date_gmt":"2025-11-13T22:51:10","guid":{"rendered":"https:\/\/vocesparalelas.com.ar\/sitio\/?p=93871"},"modified":"2025-11-13T20:05:40","modified_gmt":"2025-11-13T23:05:40","slug":"semana-de-la-educacion-tecnica-2025-en-san-juan","status":"publish","type":"post","link":"https:\/\/vocesparalelas.com.ar\/sitio\/semana-de-la-educacion-tecnica-2025-en-san-juan\/","title":{"rendered":"Semana de la Educaci\u00f3n T\u00e9cnica 2025\u00a0en San Juan"},"content":{"rendered":"<p>El Ministerio de Educaci\u00f3n del del Gobierno de San Juan, a trav\u00e9s de la Direcci\u00f3n de Educaci\u00f3n T\u00e9cnica y Formaci\u00f3n Profesional organizaron y desarrollan la Semana de la Educaci\u00f3n T\u00e9cnica 2025\u00a0 apertura del Congreso TecnoFest \u201cAprender, Innovar y Transformar\u201d, en el Centro de Convenciones, con la participaci\u00f3n de autoridades, docentes, estudiantes y equipos t\u00e9cnicos de toda la provincia.<\/p>\n<p>El encuentro, organizado por la Direcci\u00f3n de Educaci\u00f3n Secundaria T\u00e9cnica y de Formaci\u00f3n Profesional junto al Equipo Jurisdiccional del INET, est\u00e1 conformado por una serie de jornadas que incluyen seminarios, charlas, capacitaciones y muestras interactivas, abiertas a la comunidad educativa y al p\u00fablico en general.<\/p>\n<p>Durante el acto se destac\u00f3 que este congreso forma parte adem\u00e1s de la conmemoraci\u00f3n por el 66\u00ba Aniversario del Consejo Nacional de Educaci\u00f3n T\u00e9cnica (CONET), instituci\u00f3n que dio origen a la educaci\u00f3n t\u00e9cnica moderna en Argentina.<\/p>\n<p>La secretaria de Educaci\u00f3n, Lic. Mariela Lueje, transmiti\u00f3 el saludo del gobernador Marcelo Orrego y la ministra de Educaci\u00f3n, Lic. Silvia Fuentes, a la vez que destac\u00f3 el valor estrat\u00e9gico de la educaci\u00f3n t\u00e9cnica en la provincia. San Juan tiene en su educaci\u00f3n t\u00e9cnica una de sus mayores fortalezas. Cada proyecto, cada innovaci\u00f3n, cada logro de nuestros estudiantes y docentes demuestra que estamos formando generaciones preparadas para transformar el futuro con conocimiento y con trabajo\u201d.<\/p>\n<p>Por su parte, el director de Educaci\u00f3n T\u00e9cnica y Formaci\u00f3n Profesional, Prof. Rodolfo Nava subray\u00f3 que \u00abla actividad t\u00e9cnica este a\u00f1o ha logrado visibilizar el aprender, el innovar y el transformar que promovemos\u00bb.<\/p>\n<p>Durante la jornada, tambi\u00e9n se reconoci\u00f3 la labor de docentes destacados de escuelas t\u00e9cnicas, agrot\u00e9cnicas y de capacitaci\u00f3n laboral por su aporte a la formaci\u00f3n de estudiantes y su participaci\u00f3n en proyectos de impacto provincial y nacional.<\/p>\n<p>El TecnoFest propone un espacio de encuentro entre las Escuelas T\u00e9cnicas, Agrot\u00e9cnicas, Agroindustriales y de Capacitaci\u00f3n Laboral, donde se comparten experiencias y se fortalecen los v\u00ednculos con el sector productivo.<\/p>\n<p>En esta edici\u00f3n, se abordan ejes como Inteligencia Artificial, Econom\u00eda del Conocimiento, Educaci\u00f3n Financiera, Rob\u00f3tica, Impresi\u00f3n 3D y Modelo de Cambio Profundo, con especialistas nacionales invitados.<\/p>\n<p>Adem\u00e1s, en el marco del TecnoFest este jueves se desarrollar\u00e1 el 1er Encuentro de Estudiantes de 7mo a\u00f1o de Escuelas T\u00e9cnicas y Agrot\u00e9cnicas de gesti\u00f3n estatal y gesti\u00f3n privada<\/p>\n<p>En tanto, cierra con una muestra que reunir\u00e1 a alumnos y docentes de distintas instituciones en la que se exponen proyectos innovadores, simulaciones y desarrollos tecnol\u00f3gicos, el Viernes, 14 de Noviembre desde las 17 y en el Parque de Mayo.<\/p>\n<p>&nbsp;<\/p>\n<p><img loading=\"lazy\" decoding=\"async\" class=\"alignnone size-full wp-image-28629\" src=\"https:\/\/vocesparalelas.com.ar\/sitio\/wp-content\/uploads\/2020\/05\/MINISTERIO-EDUCACION-SJ.jpg\" alt=\"\" width=\"800\" height=\"533\" srcset=\"https:\/\/vocesparalelas.com.ar\/sitio\/wp-content\/uploads\/2020\/05\/MINISTERIO-EDUCACION-SJ.jpg 800w, https:\/\/vocesparalelas.com.ar\/sitio\/wp-content\/uploads\/2020\/05\/MINISTERIO-EDUCACION-SJ-300x200.jpg 300w, https:\/\/vocesparalelas.com.ar\/sitio\/wp-content\/uploads\/2020\/05\/MINISTERIO-EDUCACION-SJ-768x512.jpg 768w\" sizes=\"auto, (max-width: 800px) 100vw, 800px\" \/><\/p>\n","protected":false},"excerpt":{"rendered":"<p>El Ministerio de Educaci\u00f3n del del Gobierno de San Juan, a trav\u00e9s de la Direcci\u00f3n de Educaci\u00f3n T\u00e9cnica y Formaci\u00f3n<\/p>\n","protected":false},"author":3,"featured_media":93875,"comment_status":"closed","ping_status":"closed","sticky":false,"template":"","format":"standard","meta":{"_acf_changed":false,"_seopress_robots_primary_cat":"none","_seopress_titles_title":"","_seopress_titles_desc":"","_seopress_robots_index":"","colormag_page_container_layout":"default_layout","colormag_page_sidebar_layout":"default_layout","footnotes":""},"categories":[1],"tags":[],"class_list":["post-93871","post","type-post","status-publish","format-standard","has-post-thumbnail","hentry","category-destacadas"],"acf":[],"_links":{"self":[{"href":"https:\/\/vocesparalelas.com.ar\/sitio\/wp-json\/wp\/v2\/posts\/93871","targetHints":{"allow":["GET"]}}],"collection":[{"href":"https:\/\/vocesparalelas.com.ar\/sitio\/wp-json\/wp\/v2\/posts"}],"about":[{"href":"https:\/\/vocesparalelas.com.ar\/sitio\/wp-json\/wp\/v2\/types\/post"}],"author":[{"embeddable":true,"href":"https:\/\/vocesparalelas.com.ar\/sitio\/wp-json\/wp\/v2\/users\/3"}],"replies":[{"embeddable":true,"href":"https:\/\/vocesparalelas.com.ar\/sitio\/wp-json\/wp\/v2\/comments?post=93871"}],"version-history":[{"count":1,"href":"https:\/\/vocesparalelas.com.ar\/sitio\/wp-json\/wp\/v2\/posts\/93871\/revisions"}],"predecessor-version":[{"id":93876,"href":"https:\/\/vocesparalelas.com.ar\/sitio\/wp-json\/wp\/v2\/posts\/93871\/revisions\/93876"}],"wp:featuredmedia":[{"embeddable":true,"href":"https:\/\/vocesparalelas.com.ar\/sitio\/wp-json\/wp\/v2\/media\/93875"}],"wp:attachment":[{"href":"https:\/\/vocesparalelas.com.ar\/sitio\/wp-json\/wp\/v2\/media?parent=93871"}],"wp:term":[{"taxonomy":"category","embeddable":true,"href":"https:\/\/vocesparalelas.com.ar\/sitio\/wp-json\/wp\/v2\/categories?post=93871"},{"taxonomy":"post_tag","embeddable":true,"href":"https:\/\/vocesparalelas.com.ar\/sitio\/wp-json\/wp\/v2\/tags?post=93871"}],"curies":[{"name":"wp","href":"https:\/\/api.w.org\/{rel}","templated":true}]}}