{"id":93860,"date":"2025-11-13T11:50:56","date_gmt":"2025-11-13T14:50:56","guid":{"rendered":"https:\/\/vocesparalelas.com.ar\/sitio\/?p=93860"},"modified":"2025-11-13T11:59:20","modified_gmt":"2025-11-13T14:59:20","slug":"el-rock-presente-en-la-fns-2025-san-juan-mi-tierra-querida","status":"publish","type":"post","link":"https:\/\/vocesparalelas.com.ar\/sitio\/el-rock-presente-en-la-fns-2025-san-juan-mi-tierra-querida\/","title":{"rendered":"El rock presente en la FNS 2025 \u00abSan Juan, Mi Tierra Querida\u00bb"},"content":{"rendered":"<p>El Viernes, 21 de Noviembre, Estelares y Ciro y Los Persas subir\u00e1n al escenario del Estadio del Bicentenario para llenar de rock la Fiesta Nacional del Sol. Las bandas argentinas cerrar\u00e1n el line up de la segunda jornada y prometen hacer un recorrido por sus trayectorias y sus materiales discogr\u00e1ficos recientes.<\/p>\n<p><img loading=\"lazy\" decoding=\"async\" class=\"alignnone size-full wp-image-90510\" src=\"https:\/\/vocesparalelas.com.ar\/sitio\/wp-content\/uploads\/2025\/08\/FNS-2025-01.jpg\" alt=\"\" width=\"800\" height=\"450\" srcset=\"https:\/\/vocesparalelas.com.ar\/sitio\/wp-content\/uploads\/2025\/08\/FNS-2025-01.jpg 800w, https:\/\/vocesparalelas.com.ar\/sitio\/wp-content\/uploads\/2025\/08\/FNS-2025-01-300x169.jpg 300w, https:\/\/vocesparalelas.com.ar\/sitio\/wp-content\/uploads\/2025\/08\/FNS-2025-01-768x432.jpg 768w\" sizes=\"auto, (max-width: 800px) 100vw, 800px\" \/><\/p>\n<p>Despu\u00e9s de las presentaciones de las bandas locales en el predio del Departamento Pocito, Estelares presente en San Juan. El grupo liderado por Manuel Moretti cuenta con m\u00e1s de treinta a\u00f1os de recorrido en la m\u00fasica y se consolid\u00f3 como una de las bandas m\u00e1s representativas de la canci\u00f3n argentina.<\/p>\n<p>En este contexto, algunas de sus canciones m\u00e1s emblem\u00e1ticas como \u201cElla dijo\u201d o \u201cUn d\u00eda perfecto\u201d, trascienden el espacio de la m\u00fasica popular para instalarse como himnos en la cultura de masas: resuenan en estadios de f\u00fatbol en Argentina y M\u00e9xico, y hasta llegaron a escucharse en versi\u00f3n catalana. Estas interpretaciones masivas -como urdidas colectivamente por miles de voces- confirman que Estelares no s\u00f3lo hace canciones, sino que ya forma parte del paisaje sentimental de mucha gente.<\/p>\n<p><iframe loading=\"lazy\" title=\"Estelares - Un dia perfecto (video oficial) [HD]\" width=\"800\" height=\"450\" src=\"https:\/\/www.youtube.com\/embed\/FYryPZPh5UI?feature=oembed\" frameborder=\"0\" allow=\"accelerometer; autoplay; clipboard-write; encrypted-media; gyroscope; picture-in-picture; web-share\" referrerpolicy=\"strict-origin-when-cross-origin\" allowfullscreen><\/iframe><\/p>\n<p>As\u00ed, la agrupaci\u00f3n profundiz\u00f3 su inserci\u00f3n internacional en 2025 a trav\u00e9s de la gira que emprendi\u00f3 con paradas en Barcelona, Mallorca, Madrid y Par\u00eds, adem\u00e1s de otros escenarios latinoamericanos como M\u00e9xico y Colombia.<\/p>\n<p>La noche del viernes da paso a la segunda banda nacional. Ciro y Los Persas llega a la provincia de San Juan y se suma a la nueva edici\u00f3n de la celebraci\u00f3n de la FNS 2025 \u00abSan Juan, Mi tierra querida\u00bb. La banda presidida por Andr\u00e9s Ciro Mart\u00ednez ofrece un show en el que recorre los grandes cl\u00e1sicos de su carrera y las canciones que marcaron distintas etapas de su trayectoria.<\/p>\n<p><iframe loading=\"lazy\" title=\"Ciro y Los Persas | DICE (Video Oficial)\" width=\"800\" height=\"450\" src=\"https:\/\/www.youtube.com\/embed\/xaaEURidIUs?feature=oembed\" frameborder=\"0\" allow=\"accelerometer; autoplay; clipboard-write; encrypted-media; gyroscope; picture-in-picture; web-share\" referrerpolicy=\"strict-origin-when-cross-origin\" allowfullscreen><\/iframe><\/p>\n<p>&nbsp;<\/p>\n<p>El concierto promete ser una verdadera celebraci\u00f3n, con la energ\u00eda y la conexi\u00f3n que caracterizan cada presentaci\u00f3n de Ciro y Los Persas.<\/p>\n<p>De esta manera, la FNS forma parte de una intensa gira 2025 que recorre distintas ciudades como C\u00f3rdoba, Rosario, Godoy Cruz y Buenos Aires.<\/p>\n<p>\u00c9sta es la antesala al 2026, que incluye una agenda con fechas confirmadas en Cosqu\u00edn Rock, Paraguay, Barcelona, Madrid, Mallorca y M\u00e1laga, entre otras.<\/p>\n<p>Para acceder a los tickets de la FNS 2025, los interesados pueden hacerlo por autoentrada o, en forma presencial, en boleter\u00edas del Teatro del Bicentenario, de 9 a 19 hs.<\/p>\n<p><iframe loading=\"lazy\" title=\"SAN JUAN FNS 2025\" width=\"800\" height=\"450\" src=\"https:\/\/www.youtube.com\/embed\/hG6JPSqgl-k?feature=oembed\" frameborder=\"0\" allow=\"accelerometer; autoplay; clipboard-write; encrypted-media; gyroscope; picture-in-picture; web-share\" referrerpolicy=\"strict-origin-when-cross-origin\" allowfullscreen><\/iframe><\/p>\n","protected":false},"excerpt":{"rendered":"<p>El Viernes, 21 de Noviembre, Estelares y Ciro y Los Persas subir\u00e1n al escenario del Estadio del Bicentenario para llenar<\/p>\n","protected":false},"author":3,"featured_media":93863,"comment_status":"closed","ping_status":"closed","sticky":false,"template":"","format":"standard","meta":{"_acf_changed":false,"_seopress_robots_primary_cat":"none","_seopress_titles_title":"","_seopress_titles_desc":"","_seopress_robots_index":"","colormag_page_container_layout":"default_layout","colormag_page_sidebar_layout":"default_layout","footnotes":""},"categories":[1,7],"tags":[],"class_list":["post-93860","post","type-post","status-publish","format-standard","has-post-thumbnail","hentry","category-destacadas","category-videos"],"acf":[],"_links":{"self":[{"href":"https:\/\/vocesparalelas.com.ar\/sitio\/wp-json\/wp\/v2\/posts\/93860","targetHints":{"allow":["GET"]}}],"collection":[{"href":"https:\/\/vocesparalelas.com.ar\/sitio\/wp-json\/wp\/v2\/posts"}],"about":[{"href":"https:\/\/vocesparalelas.com.ar\/sitio\/wp-json\/wp\/v2\/types\/post"}],"author":[{"embeddable":true,"href":"https:\/\/vocesparalelas.com.ar\/sitio\/wp-json\/wp\/v2\/users\/3"}],"replies":[{"embeddable":true,"href":"https:\/\/vocesparalelas.com.ar\/sitio\/wp-json\/wp\/v2\/comments?post=93860"}],"version-history":[{"count":1,"href":"https:\/\/vocesparalelas.com.ar\/sitio\/wp-json\/wp\/v2\/posts\/93860\/revisions"}],"predecessor-version":[{"id":93864,"href":"https:\/\/vocesparalelas.com.ar\/sitio\/wp-json\/wp\/v2\/posts\/93860\/revisions\/93864"}],"wp:featuredmedia":[{"embeddable":true,"href":"https:\/\/vocesparalelas.com.ar\/sitio\/wp-json\/wp\/v2\/media\/93863"}],"wp:attachment":[{"href":"https:\/\/vocesparalelas.com.ar\/sitio\/wp-json\/wp\/v2\/media?parent=93860"}],"wp:term":[{"taxonomy":"category","embeddable":true,"href":"https:\/\/vocesparalelas.com.ar\/sitio\/wp-json\/wp\/v2\/categories?post=93860"},{"taxonomy":"post_tag","embeddable":true,"href":"https:\/\/vocesparalelas.com.ar\/sitio\/wp-json\/wp\/v2\/tags?post=93860"}],"curies":[{"name":"wp","href":"https:\/\/api.w.org\/{rel}","templated":true}]}}